{"id":203380,"date":"2026-09-05T06:19:09","date_gmt":"2026-09-05T06:19:09","guid":{"rendered":"https:\/\/www.europesays.com\/cz\/203380\/"},"modified":"2026-09-05T06:19:09","modified_gmt":"2026-09-05T06:19:09","slug":"babis-chce-umoznit-policii-zavirat-obchody-v-hledacku-ma-umelou-marihuanu","status":"publish","type":"post","link":"https:\/\/www.europesays.com\/cz\/203380\/","title":{"rendered":"Babi\u0161 chce umo\u017enit policii zav\u00edrat obchody, v\u00a0hled\u00e1\u010dku m\u00e1 \u201eum\u011blou marihuanu\u201c"},"content":{"rendered":"<p class=\"c_bB\">\u201eC\u00edlem je postihnout neleg\u00e1ln\u00ed prodej zak\u00e1zan\u00fdch l\u00e1tek. V\u00a0sou\u010dasn\u00e9 dob\u011b je praxe, \u017ee policie doraz\u00ed t\u0159eba s\u00a0potravin\u00e1\u0159skou inspekc\u00ed nebo obchodn\u00ed inspekc\u00ed, zbo\u017e\u00ed zabav\u00ed a\u00a0ne\u017e dojdou na konec ulice, tak to zase za\u010dnou prod\u00e1vat,\u201c popsal pro Novinky \u0160\u0165astn\u00fd.<\/p>\n<p class=\"c_bB\">N\u00e1vrh c\u00edl\u00ed na tzv. cannabis shopy, kter\u00e9 se ve velk\u00e9m mno\u017estv\u00ed vyskytuj\u00ed ve v\u011bt\u0161\u00edch m\u011bstech. Novelu koali\u010dn\u00ed politici do sn\u011bmovn\u00edho syst\u00e9mu nahr\u00e1li v\u00a0p\u00e1tek. Vedle Babi\u0161e a\u00a0\u0160\u0165astn\u00e9ho je pod n\u00ed podepsan\u00fd tak\u00e9 \u0161\u00e9f Motorist\u016f Petr Macinka nebo p\u0159edseda SPD Tomio Okamura.<\/p>\n<p class=\"c_bB\">Pokud by z\u00e1kon pro\u0161el, policie by m\u011bla mo\u017enost provozovnu hned zav\u0159\u00edt, a\u00a0to na 14\u00a0dn\u00ed. Posuzovat se m\u00e1 z\u00e1va\u017enost rizika nebo mno\u017estv\u00ed nab\u00edzen\u00e9 nebezpe\u010dn\u00e9 l\u00e1tky. Roli by ale tak\u00e9 m\u011blo hr\u00e1t to, jak se majitel zachov\u00e1 pot\u00e9, co by byl vyzv\u00e1n, aby produkt p\u0159estal prod\u00e1vat.<\/p>\n<p><a data-dot=\"atm-link\" target=\"_self\" href=\"https:\/\/www.novinky.cz\/clanek\/krimi-deti-na-morave-kolabovaly-po-droze-z-automatu-40591989\" class=\"c_I\" rel=\"nofollow noopener\"><img fetchpriority=\"high\" height=\"364\" width=\"647\" src=\"https:\/\/www.europesays.com\/cz\/wp-content\/uploads\/2026\/09\/drogy-marihuana-still-chill.jpeg\" loading=\"eager\" decoding=\"sync\" class=\"c_t c_r\"\/><\/a><\/p>\n<p class=\"c_bB\">Z\u00e1rove\u0148 by podle n\u00e1vrhu m\u011bla policie povinnost uzav\u0159en\u00ed zru\u0161it, pokud by se nebezpe\u010d\u00ed nepotvrdilo. Proti uzav\u0159en\u00ed by tak\u00e9 bylo mo\u017en\u00e9 do t\u0159\u00ed dn\u016f podat st\u00ed\u017enost, kterou by museli policist\u00e9 urychlen\u011b posoudit.<\/p>\n<p>Z\u00e1sah do \u00fastavn\u00edch pr\u00e1v<\/p>\n<p class=\"c_bB\">Jak auto\u0159i sami p\u0159izn\u00e1vaj\u00ed v\u00a0d\u016fvodov\u00e9 zpr\u00e1v\u011b, novela by zas\u00e1hla do \u00fastavn\u00edho pr\u00e1va vlastnit majetek a\u00a0podnikat. Podle politik\u016f je ale z\u00e1jem ochrany zdrav\u00ed legitimn\u00ed a\u00a0vyv\u00e1\u017een\u00fd pr\u00e1v\u011b t\u0159eba mo\u017enost\u00ed st\u00ed\u017enosti.<\/p>\n<p class=\"c_bB\">\u201eMy si od toho s\u00a0panem premi\u00e9rem slibujeme okam\u017eit\u00fd, rychl\u00fd a\u00a0p\u0159\u00edsn\u011bj\u0161\u00ed postih. Proto\u017ee provozovatel\u016fm se \u010dasto nic nestane. Spr\u00e1vn\u00ed \u0159\u00edzen\u00ed b\u011b\u017e\u00ed p\u016fl roku, rok, oni mezit\u00edm firmu zlikviduj\u00ed a\u00a0zalo\u017e\u00ed si novou,\u201c \u0159ekl \u0160\u0165astn\u00fd.<\/p>\n<p class=\"c_bB\">\u201eRozhodn\u011b neh\u00e1j\u00edm provozovny prod\u00e1vaj\u00edc\u00ed zdrav\u00ed nebezpe\u010dn\u00e9 v\u00fdrobky, navr\u017eenou pravomoc policie ale pova\u017euji za p\u0159\u00edli\u0161 \u0161irokou,\u201c napsal Novink\u00e1m poslanec \u0160t\u011bp\u00e1n Slov\u00e1k (ODS). Podle n\u011bj je mezi t\u00edm, kdy\u017e policista okam\u017eit\u011b zabr\u00e1n\u00ed prodeji nebezpe\u010dn\u00e9ho v\u00fdrobku, a\u00a0t\u00edm, kdy\u017e zastav\u00ed podnik\u00e1n\u00ed a\u017e na 14\u00a0dn\u00ed, v\u00fdznamn\u00fd rozd\u00edl. <\/p>\n<p class=\"c_bB\">\u201ePolicie by m\u011bla m\u00edt mo\u017enost v\u00a0akutn\u00edm p\u0159\u00edpad\u011b provozovnu okam\u017eit\u011b uzav\u0159\u00edt nap\u0159\u00edklad na 48\u00a0hodin. Pak mus\u00ed nastoupit odborn\u00fd org\u00e1n \u010di soud,\u201c dodal a\u00a0varoval p\u0159ed mo\u017enost\u00ed zneu\u017eit\u00ed: \u201eJednou m\u016f\u017ee b\u00fdt stejn\u00e1 pravomoc pou\u017eita v\u00a0\u00fapln\u011b jin\u00e9m odv\u011btv\u00ed.\u201c<\/p>\n<p class=\"c_bB\">Zato\u010dit s\u00a0cannabis shopy sliboval u\u017e d\u0159\u00edve tak\u00e9 Babi\u0161. \u201eProd\u00e1vaj\u00ed se tam produkty, kter\u00e9 vypadaj\u00ed jako su\u0161enky nebo bonb\u00f3ny, ale ve skute\u010dnosti jsou \u017eivotu nebezpe\u010dn\u00e9, proto\u017ee obsahuj\u00ed psychotropn\u00ed l\u00e1tky. Je to absolutn\u00ed skand\u00e1l. Chci v\u00e1m \u0159\u00edct, \u017ee to budu \u0159e\u0161it a\u00a0v\u011b\u0159te mi, \u017ee jsem d\u016fsledn\u00fd,\u201c \u0159ekl v\u00a0lednu ve <a data-dot=\"atm-link\" target=\"_blank\" rel=\"noopener nofollow\" href=\"https:\/\/www.facebook.com\/reel\/1371901957550362\" class=\"c_I\">videu<\/a> na soci\u00e1ln\u00edch s\u00edt\u00edch.<\/p>\n<p class=\"c_bB\">V obchodech, jejich\u017e v\u00fdlohy \u010dasto l\u00e1kaj\u00ed na konop\u00ed, se prod\u00e1vaj\u00ed zejm\u00e9na syntetick\u00e9 kanabinoidy. Jde o\u00a0um\u011ble vytvo\u0159en\u00e9 l\u00e1tky odvozen\u00e9 od THC obsa\u017een\u00e9ho v\u00a0marihuan\u011b, kter\u00e9 z\u00e1rove\u0148 t\u011blo ovliv\u0148uj\u00ed je\u0161t\u011b siln\u011bji.<\/p>\n<p class=\"c_bB\">Jak <a data-dot=\"atm-link\" target=\"_blank\" href=\"https:\/\/www.novinky.cz\/clanek\/domaci-zpravy-hlavni-mesto-praha-kvuli-umele-marihuane-v-praze-rychle-pribyva-vyjezdu-sanitek-nejmladsim-pacientum-je-11-let-40572047\" class=\"c_I\" rel=\"nofollow noopener\">Novinky<\/a> popsaly, u\u00a0kanabinoid\u016f v\u00a0posledn\u00edch letech nejen prudce roste po\u010det otrav, ale tak\u00e9 kles\u00e1 v\u011bk otr\u00e1ven\u00fdch. Podle \u00fadaj\u016f pra\u017esk\u00fdch z\u00e1chran\u00e1\u0159\u016f bylo tomu nejmlad\u0161\u00edmu loni jeden\u00e1ct let.<\/p>\n<p class=\"c_bB\">Na tyto l\u00e1tky nebo kratom se letos zam\u011b\u0159ila akce protidrogov\u00e9 centr\u00e1ly. \u201eZ 235\u00a0letos Policii \u010cR nahl\u00e1\u0161en\u00fdch intoxikac\u00ed skon\u010dila ka\u017ed\u00e1 des\u00e1t\u00e1 fat\u00e1ln\u011b. Syntetick\u00e9 kanabinoidy a\u00a0kratom se objevily ve\u00a0161\u00a0p\u0159\u00edpadech, z\u00a0toho \u010dty\u0159i skon\u010dily tragicky,\u201c popsala policejn\u00ed mluv\u010d\u00ed Lucie \u0160moldasov\u00e1 data za prvn\u00edch p\u011bt leto\u0161n\u00edch m\u011bs\u00edc\u016f.<\/p>\n<p class=\"c_bB\">Boj proti nov\u00fdm n\u00e1vykov\u00fdm l\u00e1tk\u00e1m si Babi\u0161 a\u00a0jeho vl\u00e1da vyty\u010dili jako jedno ze sv\u00fdch p\u0159edn\u00edch t\u00e9mat. U\u017e v\u00a0\u010dervnu premi\u00e9r ozn\u00e1mil p\u0159\u00edpravu z\u00e1kona, kter\u00fd by omezil prodej kratomu.<\/p>\n<p><a data-dot=\"atm-link\" target=\"_self\" href=\"https:\/\/www.novinky.cz\/clanek\/domaci-vaznych-otrav-syntetickymi-kanabinoidy-prudce-pribyva-mlade-bavi-jak-stat-nestiha-40581500\" class=\"c_I\" rel=\"nofollow noopener\"><img height=\"563\" width=\"1001\" src=\"https:\/\/www.europesays.com\/cz\/wp-content\/uploads\/2026\/09\/drogy-thc-marihuana-synteticke-kanabinoidy-korund.jpeg\" loading=\"eager\" decoding=\"sync\" class=\"c_t c_r\"\/><\/a><\/p>\n","protected":false},"excerpt":{"rendered":"\u201eC\u00edlem je postihnout neleg\u00e1ln\u00ed prodej zak\u00e1zan\u00fdch l\u00e1tek. V\u00a0sou\u010dasn\u00e9 dob\u011b je praxe, \u017ee policie doraz\u00ed t\u0159eba s\u00a0potravin\u00e1\u0159skou inspekc\u00ed nebo&hellip;\n","protected":false},"author":2,"featured_media":203381,"comment_status":"","ping_status":"","sticky":false,"template":"","format":"standard","meta":{"footnotes":"","_share_on_mastodon":"0"},"categories":[7],"tags":[266,43,42,41,40,5303,8971,3124,14180,325,828],"class_list":["post-203380","post","type-post","status-publish","format-standard","has-post-thumbnail","category-cesko","tag-andrej-babis","tag-ceska-republika","tag-cesko","tag-czech-republic","tag-czechia","tag-koalice","tag-konopi","tag-marihuana","tag-novela","tag-policie","tag-zakon"],"share_on_mastodon":{"url":"https:\/\/pubeurope.com\/@cz\/117216986457573147","error":""},"_links":{"self":[{"href":"https:\/\/www.europesays.com\/cz\/wp-json\/wp\/v2\/posts\/203380","targetHints":{"allow":["GET"]}}],"collection":[{"href":"https:\/\/www.europesays.com\/cz\/wp-json\/wp\/v2\/posts"}],"about":[{"href":"https:\/\/www.europesays.com\/cz\/wp-json\/wp\/v2\/types\/post"}],"author":[{"embeddable":true,"href":"https:\/\/www.europesays.com\/cz\/wp-json\/wp\/v2\/users\/2"}],"replies":[{"embeddable":true,"href":"https:\/\/www.europesays.com\/cz\/wp-json\/wp\/v2\/comments?post=203380"}],"version-history":[{"count":0,"href":"https:\/\/www.europesays.com\/cz\/wp-json\/wp\/v2\/posts\/203380\/revisions"}],"wp:featuredmedia":[{"embeddable":true,"href":"https:\/\/www.europesays.com\/cz\/wp-json\/wp\/v2\/media\/203381"}],"wp:attachment":[{"href":"https:\/\/www.europesays.com\/cz\/wp-json\/wp\/v2\/media?parent=203380"}],"wp:term":[{"taxonomy":"category","embeddable":true,"href":"https:\/\/www.europesays.com\/cz\/wp-json\/wp\/v2\/categories?post=203380"},{"taxonomy":"post_tag","embeddable":true,"href":"https:\/\/www.europesays.com\/cz\/wp-json\/wp\/v2\/tags?post=203380"}],"curies":[{"name":"wp","href":"https:\/\/api.w.org\/{rel}","templated":true}]}}