{"id":203412,"date":"2026-09-05T06:50:38","date_gmt":"2026-09-05T06:50:38","guid":{"rendered":"https:\/\/www.europesays.com\/cz\/203412\/"},"modified":"2026-09-05T06:50:38","modified_gmt":"2026-09-05T06:50:38","slug":"mlada-ceska-se-na-ture-s-otcem-v-rakouskych-alpach-zritila-ze-srazu-pad-neprezila","status":"publish","type":"post","link":"https:\/\/www.europesays.com\/cz\/203412\/","title":{"rendered":"Mlad\u00e1 \u010ce\u0161ka se na t\u00fa\u0159e s\u00a0otcem v\u00a0rakousk\u00fdch Alp\u00e1ch z\u0159\u00edtila ze sr\u00e1zu. P\u00e1d nep\u0159e\u017eila"},"content":{"rendered":"<p class=\"c_bB\">\u010ce\u0161ka se v\u00a0p\u00e1tek okolo jeden\u00e1ct\u00e9 hodiny dopoledne z\u0159\u00edtila z\u00a0v\u00fd\u0161ky p\u0159ibli\u017en\u011b 150\u00a0metr\u016f, informuje rakousk\u00fd server <a data-dot=\"atm-link\" target=\"_blank\" rel=\"noopener nofollow\" href=\"https:\/\/www.5min.at\/steiermark\/5202609042129\/tragoedie-am-grossen-boesenstein-22-jaehrige-stuerzt-vor-augen-ihres-vaters-in-den-tod\/\" class=\"c_I\">5\u00a0Minuten<\/a>. Po p\u00e1du, p\u0159i kter\u00e9m utrp\u011bla smrteln\u00e1 zran\u011bn\u00ed, ji vyprostila pos\u00e1dka policejn\u00edho vrtuln\u00edku. Jej\u00edmu otci se mezit\u00edm v\u011bnoval krizov\u00fd interven\u010dn\u00ed t\u00fdm.<\/p>\n<p class=\"c_bB\">Gro\u00dfer B\u00f6senstein je nejvy\u0161\u0161\u00edm vrcholem Rottenhamsk\u00fdch Taur. T\u00fara na n\u011bj je ale pova\u017eov\u00e1na za technicky jednoduchou. V\u00fdjimkou je pouze trasa, kterou si zvolili \u010de\u0161t\u00ed turist\u00e9, jej\u00edm\u017e nejn\u00e1ro\u010dn\u011bj\u0161\u00edm bodem je pr\u00e1v\u011b p\u0159echod mezi t\u00edmto vrcholem a\u00a0Sonntagskarspitze.<\/p>\n<p class=\"c_bB\">V rakousk\u00fdch Alp\u00e1ch v\u00a0p\u00e1tek zaznamenali je\u0161t\u011b jedno \u00famrt\u00ed vysokohorsk\u00e9ho turisty. K\u00a0tomu do\u0161lo okolo 15:40\u00a0v\u00a0okrese Liezen v\u00a0bl\u00edzkosti Schiedecku, kde se ze strm\u00e9ho svahu z\u0159\u00edtil \u010dty\u0159ia\u010dty\u0159icetilet\u00fd N\u011bmec.<\/p>\n<p><a data-dot=\"atm-link\" target=\"_self\" href=\"https:\/\/www.novinky.cz\/clanek\/zahranicni-evropa-slovaka-podezreleho-ze-14-kradezi-chytili-v-rakousku-pri-jednom-z-uteku-mel-preplavat-moravu-40595644\" class=\"c_I\" rel=\"nofollow noopener\"><img fetchpriority=\"high\" height=\"1152\" width=\"2048\" src=\"https:\/\/www.europesays.com\/cz\/wp-content\/uploads\/2026\/09\/1788591038_29_rakouska-policie.jpeg\" loading=\"eager\" decoding=\"sync\" class=\"c_t c_r\"\/><\/a><\/p>\n","protected":false},"excerpt":{"rendered":"\u010ce\u0161ka se v\u00a0p\u00e1tek okolo jeden\u00e1ct\u00e9 hodiny dopoledne z\u0159\u00edtila z\u00a0v\u00fd\u0161ky p\u0159ibli\u017en\u011b 150\u00a0metr\u016f, informuje rakousk\u00fd server 5\u00a0Minuten. Po p\u00e1du, p\u0159i&hellip;\n","protected":false},"author":2,"featured_media":203413,"comment_status":"","ping_status":"","sticky":false,"template":"","format":"standard","meta":{"footnotes":"","_share_on_mastodon":"0"},"categories":[3],"tags":[43,109,108,106,375,1968,256,6532,81],"class_list":["post-203412","post","type-post","status-publish","format-standard","has-post-thumbnail","category-evropa","tag-ceska-republika","tag-europa","tag-europe","tag-evropa","tag-nemecko","tag-rakouske-alpy","tag-rakousko","tag-turiste","tag-umrti"],"share_on_mastodon":{"url":"https:\/\/pubeurope.com\/@cz\/117217108382973933","error":""},"_links":{"self":[{"href":"https:\/\/www.europesays.com\/cz\/wp-json\/wp\/v2\/posts\/203412","targetHints":{"allow":["GET"]}}],"collection":[{"href":"https:\/\/www.europesays.com\/cz\/wp-json\/wp\/v2\/posts"}],"about":[{"href":"https:\/\/www.europesays.com\/cz\/wp-json\/wp\/v2\/types\/post"}],"author":[{"embeddable":true,"href":"https:\/\/www.europesays.com\/cz\/wp-json\/wp\/v2\/users\/2"}],"replies":[{"embeddable":true,"href":"https:\/\/www.europesays.com\/cz\/wp-json\/wp\/v2\/comments?post=203412"}],"version-history":[{"count":0,"href":"https:\/\/www.europesays.com\/cz\/wp-json\/wp\/v2\/posts\/203412\/revisions"}],"wp:featuredmedia":[{"embeddable":true,"href":"https:\/\/www.europesays.com\/cz\/wp-json\/wp\/v2\/media\/203413"}],"wp:attachment":[{"href":"https:\/\/www.europesays.com\/cz\/wp-json\/wp\/v2\/media?parent=203412"}],"wp:term":[{"taxonomy":"category","embeddable":true,"href":"https:\/\/www.europesays.com\/cz\/wp-json\/wp\/v2\/categories?post=203412"},{"taxonomy":"post_tag","embeddable":true,"href":"https:\/\/www.europesays.com\/cz\/wp-json\/wp\/v2\/tags?post=203412"}],"curies":[{"name":"wp","href":"https:\/\/api.w.org\/{rel}","templated":true}]}}