{"id":203436,"date":"2026-09-05T07:20:40","date_gmt":"2026-09-05T07:20:40","guid":{"rendered":"https:\/\/www.europesays.com\/cz\/203436\/"},"modified":"2026-09-05T07:20:40","modified_gmt":"2026-09-05T07:20:40","slug":"praha-byty-stavet-nema-vedou-ji-aktiviste-rika-urban-z-spd-prekvapil-s-kym-by-vladl","status":"publish","type":"post","link":"https:\/\/www.europesays.com\/cz\/203436\/","title":{"rendered":"Praha byty stav\u011bt nem\u00e1, vedou ji aktivist\u00e9, \u0159\u00edk\u00e1 Urban z SPD. P\u0159ekvapil, s k\u00fdm by vl\u00e1dl"},"content":{"rendered":"<p>\n                        Praha by sama o sob\u011b byty rozhodn\u011b stav\u011bt nem\u011bla, mohla by tu vzniknout \u0161ed\u00e1 z\u00f3na, prohl\u00e1sil v rozhovoru pro CNN Prima NEWS l\u00eddr SPD v hlavn\u00edm m\u011bst\u011b a zastupitel Milan Urban. Politik tak\u00e9 b\u011bdoval, \u017ee Praze vl\u00e1dnou aktivist\u00e9, a p\u0159ekvapil, kdy\u017e do v\u00fd\u010dtu stran, se kter\u00fdmi by byl ochotn\u00fd v \u010desk\u00e9 metropoli vl\u00e1dnout, zahrnul i ODS a STAN.\n                    <\/p>\n<p>Praha je dlouhodob\u011b ba\u0161tou pravicov\u00fdch a liber\u00e1ln\u00edch stran. Jak to vy jako SPD chcete zm\u011bnit? <br \/>Nem\u00e1m r\u00e1d d\u011blen\u00ed na levici a pravici. Beru to tak, \u017ee SPD chce h\u00e1jit z\u00e1jmy Pra\u017ean\u016f v konzervativn\u00edch t\u00e9matech, ale se soci\u00e1ln\u00edm podtextem. Pro n\u00e1s je d\u016fle\u017eit\u00e9, aby Pra\u017ean\u00e9 m\u011bli kde bydlet, aby bylo postar\u00e1no o seniory, aby byl dostatek m\u00edst ve \u0161kol\u00e1ch, aby lid\u00e9 nest\u00e1li zbyte\u010dn\u011b v kolon\u00e1ch a aby mohli vyu\u017e\u00edvat ve\u0161ker\u00e9 volno\u010dasov\u00e9 aktivity. To znamen\u00e1, aby Pra\u017ean\u00e9 m\u011bli r\u00e1di Prahu jako m\u00edsto, kde \u017eij\u00ed, kde vychov\u00e1vaj\u00ed d\u011bti, kde pracuj\u00ed. A to jde nap\u0159\u00ed\u010d spektrem levice a pravice.<\/p>\n<p>\u010cT\u011aTE TAK\u00c9: <a target=\"_blank\" href=\"https:\/\/cnn.iprima.cz\/jak-praha-vybredne-z-krize-bydleni-kandidati-slibuji-vyssi-dan-i-mene-papirovani-520054\" rel=\"nofollow noopener\">Jak Praha vyb\u0159edne z krize bydlen\u00ed? Kandid\u00e1ti slibuj\u00ed vy\u0161\u0161\u00ed da\u0148 i m\u00e9n\u011b pap\u00edrov\u00e1n\u00ed<\/a><\/p>\n<p>To jste mi vyjmenoval t\u00e9mata, j\u00e1 se ale sp\u00ed\u0161e ptal na to, jak chcete oslovit voli\u010de. V\u00a0minul\u00fdch volb\u00e1ch jste z\u00edskali 5,17 procenta hlas\u016f, sta\u010dilo to jen t\u011bsn\u011b. Co se zm\u011bnilo? C\u00edt\u00edte n\u011bjakou zm\u011bnu n\u00e1lad v\u00a0Praze? <br \/>C\u00edt\u00edme zm\u011bnu n\u00e1lad i v\u011bt\u0161\u00ed podporu a chceme obh\u00e1jit na\u0161e t\u0159i mand\u00e1ty, ide\u00e1ln\u011b m\u00edt \u010dty\u0159i, p\u0159\u00edpadn\u011b v\u00edce. A ta zm\u011bna je v tom, \u017ee tady v\u00a0Praze v\u00edcem\u00e9n\u011b osm let vl\u00e1dnou aktivist\u00e9 \u2013 tedy Pir\u00e1ti, Praha sob\u011b a sv\u00fdm zp\u016fsobem i STAN, kter\u00fd jim v\u00a0tom napom\u00e1h\u00e1. Sou\u010d\u00e1st\u00ed koalice je bohu\u017eel i Spolu.<\/p>\n<p>Sou\u010dasn\u00fd prim\u00e1tor Svoboda se b\u011bhem kampan\u011b vymezoval proti panu H\u0159ibovi, ale nakonec se domluvili na koalici a \u0159\u00edkali, \u017ee je to na b\u00e1zi vl\u00e1dn\u00ed koalice a \u017ee to pro Prahu bude m\u00edt velk\u00fd p\u0159\u00ednos. Nem\u011blo to \u017e\u00e1dn\u00fd p\u0159\u00ednos. Chceme ukon\u010dit tyto experimenty. Pir\u00e1ti tady rozjeli t\u0159eba program <a target=\"_blank\" href=\"https:\/\/socialnibydleni.mpsv.cz\/socialni-bydleni\/housing-first\" rel=\"nofollow noopener\">Housing First <\/a>a za\u010dali nav\u00e1\u017eet nep\u0159izp\u016fsobiv\u00e9 z cel\u00e9 republiky do Prahy\u2026<\/p>\n<p>K\u00a0Housing First se je\u0161t\u011b dostaneme. Poj\u010fme se nyn\u00ed v\u011bnovat obecn\u011b bydlen\u00ed: jak ho v\u00a0Praze chcete \u0159e\u0161it? Od politik\u016f a politi\u010dek toti\u017e u\u017e dlouho sl\u00fdch\u00e1me, \u017ee je to probl\u00e9m. <br \/>J\u00e1 jsem profes\u00ed architekt, pl\u00e1novac\u00ed konzultant. V\u00a0mezin\u00e1rodn\u00edch firm\u00e1ch jsem jako\u017eto architekt pracoval r\u016fzn\u011b po sv\u011bt\u011b. Chci uplatnit, co zn\u00e1m ze sv\u011bta \u2013 a\u0165 u\u017e z\u00a0N\u011bmecka, Velk\u00e9 Brit\u00e1nie nebo Emir\u00e1t\u016f. Zaprv\u00e9 jde o ten program Housing First, kter\u00fd dopadl tak, \u017ee m\u00e1 Praha t\u0159i tis\u00edce vybydlen\u00fdch byt\u016f.<\/p>\n<p>J\u00e1 jsem vid\u011bl, \u017ee jste to psal i na <a target=\"_blank\" href=\"https:\/\/www.facebook.com\/milanurbanspd\/photos\/-v-praze-je-odhadem-3000-pr%C3%A1zdn%C3%BDch-obecn%C3%ADchm%C4%9Bstsk%C3%BDch-byt%C5%AF-kter%C3%A9-byly-vybydleny-a\/1007927025443368\/\" rel=\"nofollow noopener\">sv\u00e9m Facebooku<\/a>. Z\u00a0ve\u0159ejn\u011b dostupn\u00fdch zdroj\u016f se mi ale to \u010d\u00edslo t\u0159i tis\u00edce nepoda\u0159ilo ov\u011b\u0159it. Odkud ta data \u010derp\u00e1te? <br \/>\u010cerp\u00e1me z\u00a0dat jednotliv\u00fdch m\u011bstsk\u00fdch \u010d\u00e1st\u00ed.<\/p>\n<p>T\u0159i tis\u00edce byt\u016f z intern\u00ed anal\u00fdzy<\/p>\n<p>Ta data ale tedy nejsou ve\u0159ejn\u00e1. <br \/>Nejsou ve\u0159ejn\u00e1. My jsme si to zji\u0161\u0165ovali v r\u00e1mci ter\u00e9nu. Jedn\u00e1 se o to, \u017ee m\u011bsto m\u00e1 \u0159\u00e1dov\u011b 34 tis\u00edc byt\u016f. A tyto, \u0159ekn\u011bme, t\u0159i tis\u00edce byt\u016f, p\u0159ibli\u017en\u011b 10 procent bytov\u00e9ho fondu, jsou de facto vybydlen\u00e9 bytov\u00e9 jednotky.<\/p>\n<p>Dobr\u00e1, ale ta data nen\u00ed mo\u017en\u00e9 z\u00a0ve\u0159ejn\u011b dostupn\u00fdch zdroj\u016f ov\u011b\u0159it. Nikdo pak tedy nen\u00ed schopen potvrdit, \u017ee jsou v\u00a0Praze opravdu t\u0159i tis\u00edce byt\u016f, kter\u00e9 jsou \u201evybydlen\u00e9\u201c p\u0159\u00edmo v\u00a0d\u016fsledku projektu Housing First. <br \/>Ano, ale tady nejde o to, jestli je to 3 000 nebo 2 800, ale jedn\u00e1 se o tento fakt, kter\u00fd tu je. A co jsem si zji\u0161\u0165oval t\u0159eba i u starost\u016f r\u016fzn\u00fdch m\u011bstsk\u00fdch \u010d\u00e1st\u00ed, tak ty samotn\u00e9 m\u011bstsk\u00e9 \u010d\u00e1sti nemaj\u00ed investice nav\u00edc, aby tyto vybydlen\u00e9 jednotky renovovaly. Tak\u017ee my \u0159\u00edk\u00e1me: Poj\u010fme si to vz\u00edt na starost jako magistr\u00e1t, my ty byty urychlen\u011b oprav\u00edme a p\u0159id\u011bl\u00edme je pot\u0159ebn\u00fdm.<\/p>\n<p>M\u011b by zaj\u00edmalo, jestli se d\u00e1 k t\u011bm dat\u016fm, kter\u00e1 hovo\u0159\u00ed o t\u0159ech tis\u00edc\u00edch vybydlen\u00fdch bytech, dostat. <br \/>J\u00e1 v\u00e1m \u0159\u00edk\u00e1m toto \u010d\u00edslo. Jestli je to p\u0159esn\u00e9, nebo je to n\u011bkolik set plus minus\u2026<\/p>\n<p>Ale vy mluv\u00edte konkr\u00e9tn\u011b o t\u0159ech tis\u00edc\u00edch \u201evybydlen\u00fdch\u201c bytech a tvrd\u00edte, \u017ee je to 10 procent z cel\u00e9ho bytov\u00e9ho fondu. <br \/>Ano, bylo by to skoro 10 procent. Jde o to, \u017ee tento projekt b\u011b\u017e\u00ed d\u00e1l a m\u00e1 tyto negativn\u00ed dopady. V t\u011bch lokalit\u00e1ch stoupla kriminalita, nelib\u011b to nesou i obyvatel\u00e9, kte\u0159\u00ed tam \u017eij\u00ed. Od nich m\u00e1me informace, jak\u00fdch lokalit se to t\u00fdk\u00e1. Je to nejen \u010cern\u00fd Most, ale i Praha 10 a dal\u0161\u00ed \u010dtvrti. A z toho jsme si v\u00edcem\u00e9n\u011b poskl\u00e1dali, o kolik bytov\u00fdch jednotek se ve skute\u010dnosti m\u016f\u017ee jednat. Je to, \u0159ekn\u011bme, na\u0161e intern\u00ed anal\u00fdza.<\/p>\n<p class=\"intro-title-mobile\">\n        \u010ct\u011bte tak\u00e9\n    <\/p>\n<p>        <a href=\"https:\/\/cnn.iprima.cz\/je-metro-o-naivni-predstava-ci-nepostradatelna-investice-prazsti-lidri-se-neshodnou-520617\" class=\"image-link\" rel=\"nofollow noopener\" target=\"_blank\"><\/p>\n<p>            <img decoding=\"async\" loading=\"lazy\" class=\"image\" src=\"https:\/\/www.europesays.com\/cz\/wp-content\/uploads\/2026\/09\/1788592838_762_44653b49c4209c434f588e2a85e81541.jpg\" alt=\"Linka metra O by m\u011bla ulevit p\u0159et\u00ed\u017een\u00e9mu centru.\"\/><\/p>\n<p>            <\/a><\/p>\n<p class=\"intro-title-desktop\">\n            \u010ct\u011bte tak\u00e9\n        <\/p>\n<p>                <a href=\"https:\/\/cnn.iprima.cz\/je-metro-o-naivni-predstava-ci-nepostradatelna-investice-prazsti-lidri-se-neshodnou-520617\" class=\"title-link\" rel=\"nofollow noopener\" target=\"_blank\"><\/p>\n<p class=\"title\">\n                Nov\u00e1 trasa metra O: Nutnost, utopie \u010di pouh\u00fd p\u0159edvolebn\u00ed tah\u00e1k? Pra\u017e\u0161t\u00ed l\u00edd\u0159i se neshodnou\n            <\/p>\n<p>        <\/a><\/p>\n<p>                                                                                                1. z\u00e1\u0159 2026, 13:01<\/p>\n<p>                6 min \u010dten\u00ed<\/p>\n<p>Dob\u0159e, vy ale tedy ve\u0159ejn\u011b mluv\u00edte o t\u0159ech tis\u00edc\u00edch. <br \/>Ano, ano.<\/p>\n<p>Co s\u00a0t\u00edm programem Housing First tedy? Co by se s\u00a0n\u00edm podle v\u00e1s m\u011blo st\u00e1t? <br \/>J\u00e1 bych byl r\u00e1d, kdybychom jej zru\u0161ili a m\u011bli norm\u00e1ln\u00ed p\u0159id\u011blov\u00e1n\u00ed soci\u00e1ln\u00edch byt\u016f bodov\u00fdm syst\u00e9mem. Ten by se poupravil, aby lid\u00e9, a\u0165 u\u017e to jsou matky samo\u017eivitelky, senio\u0159i ve hmotn\u00e9 nouzi nebo rodiny v\u00a0soci\u00e1ln\u00ed nev\u00fdhod\u011b, m\u011bli mo\u017enost na tyto bytov\u00e9 jednotky dos\u00e1hnout.<\/p>\n<p>Kdy\u017e ale program Housing First zru\u0161\u00edte, co bude s t\u011bmito lidmi bez domova? Neznamen\u00e1 to, \u017ee m\u00edsto toho, aby tito lid\u00e9 dostali \u0161anci v byt\u011b, budou potom zp\u016fsobovat probl\u00e9my venku \u2013 b\u011b\u017en\u00fdm Pra\u017ean\u016fm, o kter\u00fdch \u0159\u00edk\u00e1te, \u017ee se jich zast\u00e1v\u00e1te? <br \/>J\u00e1 v\u00e1m rozum\u00edm. J\u00e1 to vn\u00edm\u00e1m jako soci\u00e1ln\u00ed probl\u00e9m, samoz\u0159ejm\u011b. Ale tady byla takov\u00e1 naivn\u00ed p\u0159edstava, \u017ee kdy\u017e t\u011bmto lidem, kte\u0159\u00ed jsou zvykl\u00ed na ur\u010dit\u00fd styl \u017eivota, p\u0159id\u011bl\u00edte okam\u017eit\u011b byt, tak naprosto zm\u011bn\u00ed sv\u016fj \u017eivotn\u00ed styl. Ale to nejde rychle. My \u0159\u00edk\u00e1me, a\u0165 se tyto byty nab\u00edz\u00ed jako standardn\u00ed soci\u00e1ln\u00ed byty slu\u0161n\u00fdm lidem, kte\u0159\u00ed jsou v nouzi. A pro tyto lidi, kte\u0159\u00ed jsou bezdomovci, jsou tu jin\u00e9 soci\u00e1ln\u00ed programy.<\/p>\n<p>Housing First je ale podle dostupn\u00fdch dat v\u00a0zahrani\u010d\u00ed i v\u00a0\u010cesku pom\u011brn\u011b \u00fasp\u011b\u0161n\u00e9. Vy jste zm\u00ednil, \u017ee n\u011bkdo n\u011bkomu d\u00e1 byt a ten \u010dlov\u011bk je pak ponech\u00e1n napospas, ale s\u00a0t\u00edm ubytovan\u00fdm n\u00e1sledn\u011b pracuj\u00ed soci\u00e1ln\u00ed pracovn\u00edci. Samoz\u0159ejm\u011b z\u00e1le\u017e\u00ed na tom, jak si to dan\u00e9 m\u011bsto nastav\u00ed. <br \/>M\u00e1 to svoje limity a nedostatky, jinak bychom nem\u011bli v\u0161echny ty negativn\u00ed informace od ob\u010dan\u016f, kte\u0159\u00ed tyto lidi maj\u00ed za sousedy. My chceme pomoci k\u00a0\u0159e\u0161en\u00ed, aby to nem\u011blo negativn\u00ed dopady na komunity, kter\u00e9 tam u\u017e jsou. Ale jak \u0159\u00edk\u00e1m, je to komplexn\u00ed probl\u00e9m, kter\u00fd se d\u00e1 \u0159e\u0161it jin\u00fdm zp\u016fsobem.<\/p>\n<p>Co m\u00edsto Housing First?<\/p>\n<p>Jak\u00fdm zp\u016fsobem byste tedy bezdomovectv\u00ed \u0159e\u0161il? <br \/>Jak jsem \u0159\u00edkal, jsou soci\u00e1ln\u00ed programy, d\u00edky kter\u00fdm se tito lid\u00e9 mohou postupn\u011b integrovat do \u017eivota. M\u00e1me ubytovny, soci\u00e1ln\u00ed za\u0159\u00edzen\u00ed, kde si lid\u00e9 mohou postupn\u011b zvykat na jin\u00e9 podm\u00ednky a m\u00edt tam mnohem v\u011bt\u0161\u00ed podporu t\u011bch ter\u00e9nn\u00edch pracovn\u00edk\u016f.<\/p>\n<p>P\u0159edpokl\u00e1d\u00e1m ale, \u017ee i kdyby se v\u00e1m poda\u0159ilo Housing First zru\u0161it, bytovou situaci v Praze to nevy\u0159e\u0161\u00ed. V po\u0159\u00edzen\u00ed vlastn\u00edho bydlen\u00ed je Praha t\u0159et\u00ed nejhor\u0161\u00ed v Evrop\u011b. Co s t\u00edm? <br \/>Zaprv\u00e9, u\u017e tu byly pokusy upravit dru\u017estevn\u00ed v\u00fdstavbu, ale \u00fapln\u011b se to nepovedlo. Je na to zapot\u0159eb\u00ed je\u0161t\u011b legislativn\u00ed \u00faprava. M\u011bsto m\u00e1 dostatek pozemk\u016f. V dru\u017estvech budou jako pod\u00edln\u00edci hlavn\u00ed m\u011bsto a standardn\u00ed dru\u017estevn\u00edci. A my v\u011b\u0159\u00edme, \u017ee kdy\u017e do toho bude m\u011bsto vkl\u00e1dat sv\u00e9 pozemky, tak se poda\u0159\u00ed cenu t\u011bchto dru\u017estevn\u00edch byt\u016f sn\u00ed\u017eit na dostupnou \u00farove\u0148.<\/p>\n<p>Zadruh\u00e9, m\u011b se lid\u00e9 \u010dasto ptaj\u00ed, jestli by m\u011blo m\u011bsto stav\u011bt samo o sob\u011b. J\u00e1 \u0159\u00edk\u00e1m, \u017ee by rozhodn\u011b m\u011bsto stav\u011bt nem\u011blo, proto\u017ee by bohu\u017eel zase vznikala n\u011bjak\u00e1 nov\u00e1 \u0161ed\u00e1 z\u00f3na. D\u00e1 se to \u0159e\u0161it jinak, rychle, optim\u00e1ln\u011b s\u00a0ni\u017e\u0161\u00edmi n\u00e1klady. Zam\u011b\u0159il bych se na to, aby v\u00a0r\u00e1mci pl\u00e1novac\u00edch smluv a kontribuc\u00ed developer p\u0159ed\u00e1val bytov\u00e9 jednotky m\u011bstu (nam\u00edsto p\u0159\u00edsp\u011bvku na infrastrukturu, by developer dal m\u011bstu ur\u010dit\u00fd po\u010det byt\u016f k vyu\u017eit\u00ed, pozn red.). M\u00edsto toho, aby m\u011bsto stav\u011blo samo o sob\u011b, bych toto nav\u00fd\u0161il. Jsou na to p\u0159\u00edklady ze zahrani\u010d\u00ed \u2013 Amsterdam, Barcelona, Hamburk. M\u011bsto by nestav\u011blo samo, ale nechalo by si byty stav\u011bt developery.<\/p>\n<p>N\u011bkte\u0159\u00ed by mo\u017en\u00e1 nam\u00edtli, \u017ee zv\u00fd\u0161en\u00edm kontribuc\u00ed se sn\u00ed\u017e\u00ed zisk developera, a ten si to m\u016f\u017ee kompenzovat ve vy\u0161\u0161\u00ed cen\u011b bydlen\u00ed. Toho se neob\u00e1v\u00e1te? <br \/>Ne, ne, ne. J\u00e1 to nemysl\u00edm tak, \u017ee se nav\u00fd\u0161\u00ed kontribuce. To navrhovali Pir\u00e1ti. Metodika v\u00fdpo\u010dtu je dan\u00e1, ale ty kontribuce nyn\u00ed sm\u011b\u0159uj\u00ed do technick\u00e9 infrastruktury. A j\u00e1 \u0159\u00edk\u00e1m, \u017ee by tu naopak m\u011blo v\u00edce budovat m\u011bsto a kontribuce by m\u011bly b\u00fdt sm\u011b\u0159ov\u00e1ny na byty.<\/p>\n<p class=\"intro-title-mobile\">\n        \u010ct\u011bte tak\u00e9\n    <\/p>\n<p>        <a href=\"https:\/\/cnn.iprima.cz\/ceny-bydleni-na-prazskych-kolejich-rostou-nedostatek-mist-se-promita-i-do-cen-beznych-najmu-519346\" class=\"image-link\" rel=\"nofollow noopener\" target=\"_blank\"><\/p>\n<p>            <img decoding=\"async\" loading=\"lazy\" class=\"image\" src=\"https:\/\/www.europesays.com\/cz\/wp-content\/uploads\/2026\/09\/1788592839_950_9f0cdc88ea21df783b2803c9219eba60.jpg\" alt=\"Strahovsk\u00e9 koleje\"\/><\/p>\n<p>            <\/a><\/p>\n<p class=\"intro-title-desktop\">\n            \u010ct\u011bte tak\u00e9\n        <\/p>\n<p>                <a href=\"https:\/\/cnn.iprima.cz\/ceny-bydleni-na-prazskych-kolejich-rostou-nedostatek-mist-se-promita-i-do-cen-beznych-najmu-519346\" class=\"title-link\" rel=\"nofollow noopener\" target=\"_blank\"><\/p>\n<p class=\"title\">\n                Studenti v Praze mohou m\u011bs\u00ed\u010dn\u011b zaplatit za kolej i 13 tis\u00edc korun. M\u00edst je nedostatek\n            <\/p>\n<p>        <\/a><\/p>\n<p>                                                                                                1. z\u00e1\u0159 2026, 05:45<\/p>\n<p>                6 min \u010dten\u00ed<\/p>\n<p>Ani tak se neboj\u00edte, \u017ee by to mohlo zv\u00fd\u0161it kone\u010dnou cenu bydlen\u00ed? <br \/>Ne, ta suma kontribuc\u00ed z\u016fstane stejn\u00e1.<\/p>\n<p>Sta\u010dily by tyto byty ke sn\u00ed\u017een\u00ed lok\u00e1ln\u00edch cen? M\u016f\u017eeme se v\u016fbec bavit o pokryt\u00ed popt\u00e1vky po m\u011bstsk\u00fdch bytech? <br \/>\u0158\u00edk\u00e1 se, \u017ee v Praze chyb\u00ed 100 tis\u00edc byt\u016f. J\u00e1 sp\u00ed\u0161 \u0159\u00edk\u00e1m, \u017ee chyb\u00ed 20 tis\u00edc soci\u00e1ln\u00edch a 60 tis\u00edc dostupn\u00fdch byt\u016f. Tady se \u0159\u00edk\u00e1, \u017ee by m\u011bsto m\u011blo stav\u011bt byty. J\u00e1 \u0159\u00edk\u00e1m, \u017ee realizace ze strany m\u011bsta bude mnohem dra\u017e\u0161\u00ed, proto\u017ee cokoli, co d\u011bl\u00e1 m\u011bsto, minim\u00e1ln\u011b za posledn\u00edch osm let, je minim\u00e1ln\u011b dvakr\u00e1t dra\u017e\u0161\u00ed, ne\u017e kdyby to d\u011blaly komer\u010dn\u00ed spole\u010dnosti. Pokud budou stav\u011bt komer\u010dn\u00ed develope\u0159i sv\u00fdmi metodami, ta bytov\u00e1 jednotka bude st\u00e1t mnohem m\u00e9n\u011b, ne\u017e kdyby to d\u011blalo m\u011bsto.<\/p>\n<p>Mysl\u00edte si, \u017ee t\u00edm byste mohli sou\u010dasnou bytovou situaci zkrotit? <br \/>Pot\u0159ebu soci\u00e1ln\u00edch byt\u016f bychom t\u00edm uspokojili. Co by zkrotilo ceny? D\u00e1 se \u0159\u00edci, \u017ee ceny nemovitost\u00ed byly um\u011ble \u0161roubov\u00e1ny nahoru faktory, ke kter\u00fdm by norm\u00e1ln\u011b nem\u011blo doj\u00edt. P\u0159\u00edli\u0161 dlouho tady trv\u00e1 stavebn\u00ed povolen\u00ed. My jsme na v\u00fdboru pro \u00fazemn\u00ed rozvoj schvalovali zm\u011bny, kter\u00e9 byly na stole 15 let. To je neskute\u010dn\u00e9.<\/p>\n<p>Te\u010f u\u017e je v platnosti Metropolitn\u00ed pl\u00e1n. O\u010dek\u00e1v\u00e1te n\u011bjak\u00e9 zlep\u0161en\u00ed? <br \/>Metropolitn\u00ed pl\u00e1n dal p\u0159edpoklady pro pl\u00e1nov\u00e1n\u00ed. Mluv\u00ed se o tom, \u017ee umo\u017en\u00ed v\u00fdstavbu a\u017e 350 tis\u00edc byt\u016f v rozvojov\u00fdch \u00fazem\u00edch, zejm\u00e9na na brownfieldech. J\u00e1 vid\u00edm velk\u00fd potenci\u00e1l je\u0161t\u011b ve stav\u011bn\u00ed do v\u00fd\u0161ky, t\u0159eba na t\u011bch brownfieldech, na dopravn\u00edch uzlech a stanic\u00edch metra, zkr\u00e1tka tam, kde je to mo\u017en\u00e9. Kdy\u017e postav\u00edte t\u0159i p\u011btipodla\u017en\u00ed domy vedle sebe, tak m\u00e1te t\u0159i plochy st\u0159ech, m\u00e1te trojn\u00e1sobek chodn\u00edk\u016f, ne\u017e kdy\u017e ud\u011bl\u00e1te jednu patn\u00e1ctipodla\u017en\u00ed budovu. Pak samoz\u0159ejm\u011b douf\u00e1m, \u017ee sou\u010dasn\u00e1 vl\u00e1da tady nebude aplikovat ETS 2. To by z\u00e1sadn\u00edm zp\u016fsobem prodra\u017eilo v\u00fdstavbu.<\/p>\n<p>Jin\u00e1 regulace, ne\u017e cht\u011bj\u00ed Pir\u00e1ti<\/p>\n<p>To je ale asi n\u011bco, co z Prahy ovlivnit nedok\u00e1\u017eete. Poj\u010fme se pobavit je\u0161t\u011b o fenom\u00e9nu kr\u00e1tkodob\u00e9ho ubytov\u00e1n\u00ed na platform\u00e1ch, jako je Airbnb. Jeho regulaci prosazuj\u00ed nap\u0159\u00edklad Pir\u00e1ti, jak to vn\u00edm\u00e1te vy? Je t\u0159eba regulovat, nebo se ani na tomhle neshodnete? <br \/>J\u00e1 to navrhuji regulovat jinak ne\u017e oni. Aby tam, kde jsou bytov\u00e9 domy, muselo ten kr\u00e1tkodob\u00fd pron\u00e1jem nejprve majiteli odsouhlasit spole\u010denstv\u00ed vlastn\u00edk\u016f.<\/p>\n<p>Podobn\u011b to ned\u00e1vno za\u010dalo fungovat v\u00a0Chorvatsku. <br \/>Ano, a tak\u00e9 \u0159\u00edk\u00e1m, \u017ee by se m\u011bl zv\u00fd\u0161it turistick\u00fd poplatek za pobyt v\u00a0Praze. No a Pir\u00e1ti to cht\u011bj\u00ed \u0159e\u0161it t\u00edm, \u017ee zavedou extra dan\u011b na investi\u010dn\u00ed byty a tak d\u00e1le.<\/p>\n<p>Ale to je v\u011bc, kter\u00e1 se nerozhoduje na pra\u017esk\u00e9m zastupitelstvu, n\u00fdbr\u017e v Poslaneck\u00e9 sn\u011bmovn\u011b. Rozum\u00edm tomu tedy tak, \u017ee ost\u0159ej\u0161\u00ed regulaci typu zdan\u011bn\u00ed investi\u010dn\u00edch byt\u016f, kterou je t\u0159eba prosadit ve Sn\u011bmovn\u011b, vy nepodporujete? <br \/>Ne. J\u00e1 podporuju jin\u00e9 zp\u016fsoby. T\u0159eba ve Velk\u00e9 Brit\u00e1nii se to d\u011bl\u00e1 tak, \u017ee kdy\u017e m\u00e1te v dom\u011b byt pronajat\u00fd p\u0159es Airbnb, tak u\u017e to nen\u00ed objekt pro bydlen\u00ed, ale je to ubytov\u00e1n\u00ed. Na to m\u00e1te jinou kolaudaci, jin\u00e9 po\u017e\u00e1rn\u00ed normy, \u00fanikov\u00e9 normy. Jde o to, aby se doopravdy d\u016fsledn\u011b vy\u017eadovalo, aby byt, kter\u00fd je pronaj\u00edm\u00e1n, spl\u0148oval p\u0159edpoklady ubytovac\u00ed jednotky. To znamen\u00e1 vy\u0161\u0161\u00ed n\u00e1klady pro majitele, a to u\u017e si hodn\u011b lid\u00ed rozmysl\u00ed, \u017ee se jim to nevyplat\u00ed.<\/p>\n<p class=\"intro-title-mobile\">\n        \u010ct\u011bte tak\u00e9\n    <\/p>\n<p>        <a href=\"https:\/\/cnn.iprima.cz\/praha-vs-airbnb-nici-nam-centrum-shoduji-se-kandidati-na-primatora-ano-hovori-i-o-limitu-dnu-519615\" class=\"image-link\" rel=\"nofollow noopener\" target=\"_blank\"><\/p>\n<p>            <img decoding=\"async\" loading=\"lazy\" class=\"image\" src=\"https:\/\/www.europesays.com\/cz\/wp-content\/uploads\/2026\/09\/1788592840_986_6886736984ee63cbdbce9d63db197fbd.jpg\" alt=\"Airbnb (Ilustra\u010dn\u00ed foto)\"\/><\/p>\n<p>            <\/a><\/p>\n<p class=\"intro-title-desktop\">\n            \u010ct\u011bte tak\u00e9\n        <\/p>\n<p>                <a href=\"https:\/\/cnn.iprima.cz\/praha-vs-airbnb-nici-nam-centrum-shoduji-se-kandidati-na-primatora-ano-hovori-i-o-limitu-dnu-519615\" class=\"title-link\" rel=\"nofollow noopener\" target=\"_blank\"><\/p>\n<p class=\"title\">\n                Praha vs. Airbnb: Ni\u010d\u00ed n\u00e1m centrum, shoduj\u00ed se kandid\u00e1ti na prim\u00e1tora. ANO hovo\u0159\u00ed o limitu dn\u016f\n            <\/p>\n<p>        <\/a><\/p>\n<p>                                                                                                23. srp 2026, 05:45<\/p>\n<p>                6 min \u010dten\u00ed<\/p>\n<p>Vr\u00e1t\u00edme se obloukem tam, kde jsme za\u010dali, a sice ke komun\u00e1ln\u00edm volb\u00e1m. Jak\u00fd v\u00fdsledek by pro v\u00e1s znamenal \u00fasp\u011bch? <br \/>My chceme minim\u00e1ln\u011b obh\u00e1jit na\u0161e sou\u010dasn\u00e9 t\u0159i zastupitele, ide\u00e1ln\u011b z\u00edskat v\u00edce. R\u00e1di bychom se pod\u00edleli na \u0159\u00edzen\u00ed m\u011bsta, tedy byli sou\u010d\u00e1st\u00ed koalice.<\/p>\n<p>A s\u00a0k\u00fdm byste v\u00a0n\u00ed cht\u011bli usednout? D\u00e1 se o\u010dek\u00e1vat anga\u017em\u00e1 po vzoru vl\u00e1dn\u00ed koalice, tedy spolupr\u00e1ce s\u00a0hnut\u00edm ANO a Motoristy? <br \/>Vych\u00e1zelo by to logicky. Z\u00a0m\u00fdch vystoupen\u00ed ur\u010dit\u011b v\u00edte, \u017ee bych rozhodn\u011b ne\u0161el do koalice s\u00a0Pir\u00e1ty nebo Prahou sob\u011b. I STAN vn\u00edm\u00e1m kriticky, proto\u017ee s\u00a0sebou je\u0161t\u011b st\u00e1le vl\u00e1\u010d\u00ed Dozimetr. Mus\u00ed ud\u011blat n\u011bjakou vlastn\u00ed sebereflexi. Ale beru to tak, \u017ee nakonec i ve STANu, ale i v\u00a0ostatn\u00edch stran\u00e1ch jsou rozumn\u00ed lid\u00e9, kter\u00e9 vn\u00edm\u00e1m jako Pra\u017eany, kte\u0159\u00ed maj\u00ed z\u00e1jem na tom, aby se Praha rozv\u00edjela.<\/p>\n<p>Beru to i ze sv\u00e9 profese pl\u00e1novac\u00edho konzultanta a architekta. My jsme v\u017edycky takov\u00ed sjednotitel\u00e9 kolem kulat\u00e9ho stolu a mus\u00edme hledat \u0159e\u0161en\u00ed. Byl bych r\u00e1d, kdyby to \u0161lo nap\u0159\u00ed\u010d stranami, krom\u011b Pir\u00e1t\u016f a Prahy sob\u011b.<\/p>\n<p>Mluv\u00edte tedy i o politic\u00edch t\u0159eba z ODS, TOP 09 nebo p\u0159\u00edpadn\u011b hnut\u00ed STAN, kdyby u nich nastala ta sebereflexe, o kter\u00e9 jste mluvil. <br \/>Ano, ano. \u0158\u00edk\u00e1m, \u017ee jsou jednotlivci, kte\u0159\u00ed maj\u00ed logick\u00e9 z\u00e1v\u011bry a cht\u011bj\u00ed m\u011bsto rozv\u00edjet. Mus\u00edme naj\u00edt spole\u010dnou notu.<\/p>\n<p>MOHLO V\u00c1M UNIKNOUT: <a target=\"_blank\" href=\"https:\/\/cnn.iprima.cz\/portlik-sverit-piratum-dopravu-byla-chyba-slibit-prazanum-okruzni-metro-je-populismus-520673\" rel=\"nofollow noopener\">Sv\u011b\u0159it Pir\u00e1t\u016fm dopravu byla chyba, \u0159\u00edk\u00e1 Portl\u00edk. Sl\u00edbit Pra\u017ean\u016fm okru\u017en\u00ed metro je populismus<\/a><\/p>\n","protected":false},"excerpt":{"rendered":"Praha by sama o sob\u011b byty rozhodn\u011b stav\u011bt nem\u011bla, mohla by tu vzniknout \u0161ed\u00e1 z\u00f3na, prohl\u00e1sil v rozhovoru&hellip;\n","protected":false},"author":2,"featured_media":203437,"comment_status":"","ping_status":"","sticky":false,"template":"","format":"standard","meta":{"footnotes":"","_share_on_mastodon":"0"},"categories":[30],"tags":[1311,3082,42,5303,26663,173,5431,174,98,99,1341,2654,3839,964],"class_list":["post-203436","post","type-post","status-publish","format-standard","has-post-thumbnail","category-praha","tag-bydleni","tag-ceska-piratska-strana","tag-cesko","tag-koalice","tag-milan-urban","tag-ods","tag-politicke-strany","tag-politika","tag-prague","tag-praha","tag-spd","tag-starostove-a-nezavisli","tag-svoboda-a-prima-demokracie","tag-vlada"],"share_on_mastodon":{"url":"https:\/\/pubeurope.com\/@cz\/117217226267086356","error":""},"_links":{"self":[{"href":"https:\/\/www.europesays.com\/cz\/wp-json\/wp\/v2\/posts\/203436","targetHints":{"allow":["GET"]}}],"collection":[{"href":"https:\/\/www.europesays.com\/cz\/wp-json\/wp\/v2\/posts"}],"about":[{"href":"https:\/\/www.europesays.com\/cz\/wp-json\/wp\/v2\/types\/post"}],"author":[{"embeddable":true,"href":"https:\/\/www.europesays.com\/cz\/wp-json\/wp\/v2\/users\/2"}],"replies":[{"embeddable":true,"href":"https:\/\/www.europesays.com\/cz\/wp-json\/wp\/v2\/comments?post=203436"}],"version-history":[{"count":0,"href":"https:\/\/www.europesays.com\/cz\/wp-json\/wp\/v2\/posts\/203436\/revisions"}],"wp:featuredmedia":[{"embeddable":true,"href":"https:\/\/www.europesays.com\/cz\/wp-json\/wp\/v2\/media\/203437"}],"wp:attachment":[{"href":"https:\/\/www.europesays.com\/cz\/wp-json\/wp\/v2\/media?parent=203436"}],"wp:term":[{"taxonomy":"category","embeddable":true,"href":"https:\/\/www.europesays.com\/cz\/wp-json\/wp\/v2\/categories?post=203436"},{"taxonomy":"post_tag","embeddable":true,"href":"https:\/\/www.europesays.com\/cz\/wp-json\/wp\/v2\/tags?post=203436"}],"curies":[{"name":"wp","href":"https:\/\/api.w.org\/{rel}","templated":true}]}}