{"id":203446,"date":"2026-09-05T07:32:14","date_gmt":"2026-09-05T07:32:14","guid":{"rendered":"https:\/\/www.europesays.com\/cz\/203446\/"},"modified":"2026-09-05T07:32:14","modified_gmt":"2026-09-05T07:32:14","slug":"hvezdna-sesterska-dvojice-pri-comebacku-na-us-open-bleskove-konci","status":"publish","type":"post","link":"https:\/\/www.europesays.com\/cz\/203446\/","title":{"rendered":"Hv\u011bzdn\u00e1 sestersk\u00e1 dvojice p\u0159i comebacku na US Open bleskov\u011b kon\u010d\u00ed"},"content":{"rendered":"<p class=\"b_bA\">\u010cty\u0159ia\u010dty\u0159icetilet\u00e1 Serena a\u00a0o dva roky star\u0161\u00ed Venus spolu nastoupily na grandslamu po \u010dty\u0159ech letech. V\u00a0\u010dervenci jim je\u0161t\u011b avizovan\u00fd comeback ve Wimbledonu nevy\u0161el, proto\u017ee Serena, je\u017e se k\u00a0tenisu letos vr\u00e1tila po \u010dty\u0159ech letech, si na lond\u00fdnsk\u00e9 tr\u00e1v\u011b zranila koleno p\u0159i por\u00e1\u017ece v\u00a0prvn\u00edm kole dvouhry.<\/p>\n<p class=\"b_bA\">Jej\u00ed p\u0159emo\u017eitelkou tehdy byla shodou okolnost\u00ed Australanka Jointov\u00e1, je\u017e po p\u00e1te\u010dn\u00edm v\u00edt\u011bzstv\u00ed vysekla slavn\u00fdm soupe\u0159k\u00e1m poklonu. \u201eOb\u011b byly m\u00fdmi idoly a\u00a0j\u00e1 nem\u00e1m slov,\u201c \u0159ekla. \u201eAtmosf\u00e9ra byla mimo\u0159\u00e1dn\u00e1. O\u010dek\u00e1vali jsme pln\u00fd stadion, kter\u00fd jim bude cel\u00fd fandit, a\u00a0v podstat\u011b to tak bylo. Tohle u\u017e se s\u00a0mnoha jin\u00fdmi hr\u00e1\u010dkami neza\u017eije,\u201c dodala.<\/p>\n<p class=\"b_bA\">Sestry Williamsovy spole\u010dn\u011b startovaly naposledy na grandslamu pr\u00e1v\u011b v\u00a0New Yorku v\u00a0roce 2022.\u00a0Z\u00a0turnaj\u016f velk\u00e9 \u010dty\u0159ky maj\u00ed na kont\u011b 14\u00a0deblov\u00fdch trofej\u00ed a\u00a0ve Flushing Meadows triumfovaly v\u00a0letech 1999\u00a0a\u00a02009.\u00a0Naposledy spolu zv\u00edt\u011bzily p\u0159ed deseti lety ve Wimbledonu, ze \u010dty\u0159hry maj\u00ed ve sb\u00edrce i\u00a0t\u0159i olympijsk\u00e1 zlata.<\/p>\n<p class=\"b_bA\">Americk\u00fd grandslam ale nebyl jejich \u00fapln\u011b prvn\u00edm p\u0159edstaven\u00edm po n\u00e1vratu Sereny na kurty. Do \u010dty\u0159hry nastoupily u\u017e v\u00a0gener\u00e1lce v\u00a0Cinncinaty, kde ale rovn\u011b\u017e skon\u010dily v\u00a0prvn\u00edm kole. Pro \u00fa\u010dast na US Open dostaly divokou kartu.<\/p>\n<p class=\"b_bA\">Po sledovan\u00e9m z\u00e1pase v\u00a0New Yorku sestry Williamsovy s\u00a0m\u00e9dii nehovo\u0159ily. Americk\u00fd svaz ozn\u00e1mil, \u017ee novin\u00e1\u0159\u016fm nebudou k\u00a0dispozici.<\/p>\n<p><a data-dot=\"atm-link\" target=\"_self\" href=\"https:\/\/www.sport.cz\/clanek\/tenis-us-open-2026-treti-kolo-lehecka-tsitsipas-online-5527201\" class=\"b_V g_ig\" rel=\"nofollow noopener\"><img fetchpriority=\"high\" height=\"1498\" width=\"1998\" src=\"https:\/\/www.europesays.com\/cz\/wp-content\/uploads\/2026\/09\/1788593534_413_6ce5.jpeg\" loading=\"eager\" decoding=\"sync\" class=\"b_B b_z\"\/><\/a><\/p>\n","protected":false},"excerpt":{"rendered":"\u010cty\u0159ia\u010dty\u0159icetilet\u00e1 Serena a\u00a0o dva roky star\u0161\u00ed Venus spolu nastoupily na grandslamu po \u010dty\u0159ech letech. V\u00a0\u010dervenci jim je\u0161t\u011b avizovan\u00fd&hellip;\n","protected":false},"author":2,"featured_media":203447,"comment_status":"","ping_status":"","sticky":false,"template":"","format":"standard","meta":{"footnotes":"","_share_on_mastodon":"0"},"categories":[15],"tags":[30559,94,93,1912,33187,40633],"class_list":["post-203446","post","type-post","status-publish","format-standard","has-post-thumbnail","category-sport","tag-serena-williams","tag-sport","tag-sports","tag-tenis","tag-us-open","tag-venus-williams"],"share_on_mastodon":{"url":"https:\/\/pubeurope.com\/@cz\/117217273553922247","error":""},"_links":{"self":[{"href":"https:\/\/www.europesays.com\/cz\/wp-json\/wp\/v2\/posts\/203446","targetHints":{"allow":["GET"]}}],"collection":[{"href":"https:\/\/www.europesays.com\/cz\/wp-json\/wp\/v2\/posts"}],"about":[{"href":"https:\/\/www.europesays.com\/cz\/wp-json\/wp\/v2\/types\/post"}],"author":[{"embeddable":true,"href":"https:\/\/www.europesays.com\/cz\/wp-json\/wp\/v2\/users\/2"}],"replies":[{"embeddable":true,"href":"https:\/\/www.europesays.com\/cz\/wp-json\/wp\/v2\/comments?post=203446"}],"version-history":[{"count":0,"href":"https:\/\/www.europesays.com\/cz\/wp-json\/wp\/v2\/posts\/203446\/revisions"}],"wp:featuredmedia":[{"embeddable":true,"href":"https:\/\/www.europesays.com\/cz\/wp-json\/wp\/v2\/media\/203447"}],"wp:attachment":[{"href":"https:\/\/www.europesays.com\/cz\/wp-json\/wp\/v2\/media?parent=203446"}],"wp:term":[{"taxonomy":"category","embeddable":true,"href":"https:\/\/www.europesays.com\/cz\/wp-json\/wp\/v2\/categories?post=203446"},{"taxonomy":"post_tag","embeddable":true,"href":"https:\/\/www.europesays.com\/cz\/wp-json\/wp\/v2\/tags?post=203446"}],"curies":[{"name":"wp","href":"https:\/\/api.w.org\/{rel}","templated":true}]}}