{"id":203464,"date":"2026-09-05T07:56:17","date_gmt":"2026-09-05T07:56:17","guid":{"rendered":"https:\/\/www.europesays.com\/cz\/203464\/"},"modified":"2026-09-05T07:56:17","modified_gmt":"2026-09-05T07:56:17","slug":"tesla-predstavila-cybercab-roboticke-taxi-bez-volantu-a-pedalu-testuje-uz-mesice-v-ulicich-hospodarske-noviny","status":"publish","type":"post","link":"https:\/\/www.europesays.com\/cz\/203464\/","title":{"rendered":"Tesla p\u0159edstavila Cybercab. Robotick\u00e9 taxi bez volantu a ped\u00e1l\u016f testuje u\u017e m\u011bs\u00edce v ulic\u00edch &#8211; Hospod\u00e1\u0159sk\u00e9 noviny"},"content":{"rendered":"<p><a href=\"https:\/\/news.google.com\/rss\/articles\/CBMiwAFBVV95cUxPTGR1ZjZ5aTZucUlKbUVSVDB0Yll6R2ZZdFpEQjdIUm5pOHprMlh0UjA2Vkl1SVZoYTduT0dIeFNNMTRBZFdsX1BZLXNNcWlRRTV4Qjc2bzNYalJoVVFHeDhaZVY0dkpuem1xQk0wNjBhSklvdVBzWW9YZVhZS0ZpbWdDREtPZzg3ZW16LXJrNS1GdVJMMy04SDlxMHE2aEFZTVlvTmhOYUd6TnEwcHY2eWEwdXNpanVNZzRXZXZWUzQ?oc=5\" target=\"_blank\" rel=\"nofollow noopener\">Tesla p\u0159edstavila Cybercab. Robotick\u00e9 taxi bez volantu a ped\u00e1l\u016f testuje u\u017e m\u011bs\u00edce v ulic\u00edch<\/a>&nbsp;&nbsp;Hospod\u00e1\u0159sk\u00e9 noviny<a href=\"https:\/\/news.google.com\/rss\/articles\/CBMi2gFBVV95cUxPd2xyMkg5QWxYMVF3WGFoM2Z0cHp3QVpRSERxX2MzSGRaeHZONHh4TnVpNzYtZWZ2ME40cE1vbmZxRTZ3QXpDMUxVeFBxd2xzSkdXWEZxOGNuTlY0cUNmSHdJNlpxYU5aVjFLbWhLQmVaV0FCN2cxZ19yUGpfZWxvdTh2MFlDbHZaaGtYVktONWdkRjhPWVpFNW9TX2hvUEIySkVndFlfbFBFbGNLeDJWbVNyZ28wdW03VUI5d3JKdGZyMGtGLWRpRHB2QkNmQ3A4ZE1YNTRZQ0ZEUQ?oc=5\" target=\"_blank\" rel=\"nofollow noopener\">Tesla pustila do provozu sv\u00e9 robotick\u00e9 taxi Cybercab. V tichosti a bez Muska<\/a>&nbsp;&nbsp;Seznam Zpr\u00e1vy<a href=\"https:\/\/news.google.com\/rss\/articles\/CBMihAJBVV95cUxNazl1Q01EWXJfMGJ3WGYyZzI2V3N6YjV5V1huZUJlT3ljSjhiOUFWNy0wZ2VmUjQ5YXRRd1dETW5KSkFJTE1fQ3dSZ0ZhdjBhN3A4MHZ6a096bTd3bTA4dEtqMFZnaTh2TFRuV3RYX3lNS2J5b3BFSXB5ZVNaRFV1aGRuc2NiZHhfQ29wVWJxS1U4ckNpeWktUnppMVpmUGFEZ3p6VGJ1b3hjMDRqUzhHd2hBXzJoQUstZ3BDenczY1hKVmFTNnlaSFBGRlpyMWgwR1Z1WWJLTDJHWElvSjF6WHd3NjU0aThza1hieTNiNmJWN1VvQnBqYS04YlE5MFRqaTlROQ?oc=5\" target=\"_blank\" rel=\"nofollow noopener\">Bez m\u00e9di\u00ed, bez lesku i bez Muska. Tesla, co nem\u00e1 volant a ped\u00e1ly, zat\u00edm bud\u00ed rozpaky<\/a>&nbsp;&nbsp;zpravy.aktualne.cz<a href=\"https:\/\/news.google.com\/rss\/articles\/CBMixAFBVV95cUxPdFpDRkxHdjBUMGNWR0NYUV9lTjJrZ2d3S2xYTHZCZnd6bHJjVVd5Q2UzOW52Q0JZS2JjU0dqbE9XYXNKRGo0Z1VZRnJ2Z0xER0xMejFBQmJDVGtUMnhrYkt0amoxb2pDcExLdDJFbW1hS3NRazlHd0wwQmVoQzRVWUNralMtOG00NjlweDR2Nmtmc0p2UHB4OWxnSGFydkFSal9abk5SeTFWYXo3TnBqMmNrMEZpdDhLcC0xaFlzLXBXY0kx?oc=5\" target=\"_blank\" rel=\"nofollow noopener\">Nezvykle utlumen\u00e1 akce. Tesla v Austinu ofici\u00e1ln\u011b p\u0159edstavila v\u016fz Cybercab pro robotick\u00e9 taxi<\/a>&nbsp;&nbsp;iROZHLAS<a href=\"https:\/\/news.google.com\/rss\/articles\/CBMiowFBVV95cUxPbUFPNVQyLUxCZGxISmNIWVQzbHkyTXlPcUpoWlBKeUlSNXRuTHVWclFQV1d0Y3V2LWFWZ2Rta3IwVi1Nb3M5MHBLSFR1UEtfeWpuSHdkaGtsNXk0TnpuY2RDeURWYXdRdVNpckVNQVg4LTZBOUs5RnE2WjhPR0p2V0Q0bGVVaEZWakR1bHZmUlNZQXRyZVhhZ1JGc1g4SHlNREZn?oc=5\" target=\"_blank\" rel=\"nofollow noopener\">Konec pov\u00edd\u00e1n\u00ed s \u0161of\u00e9rem. Tesla ofici\u00e1ln\u011b p\u0159edstavila robotick\u00e9 taxi<\/a>&nbsp;&nbsp;iDNES.tv<\/p>\n","protected":false},"excerpt":{"rendered":"Tesla p\u0159edstavila Cybercab. Robotick\u00e9 taxi bez volantu a ped\u00e1l\u016f testuje u\u017e m\u011bs\u00edce v ulic\u00edch&nbsp;&nbsp;Hospod\u00e1\u0159sk\u00e9 novinyTesla pustila do provozu&hellip;\n","protected":false},"author":2,"featured_media":203465,"comment_status":"","ping_status":"","sticky":false,"template":"","format":"standard","meta":{"footnotes":"","_share_on_mastodon":"0"},"categories":[12],"tags":[67,68,17299,9241,1011],"class_list":["post-203464","post","type-post","status-publish","format-standard","has-post-thumbnail","category-byznys","tag-business","tag-byznys","tag-musk-elon","tag-taxi","tag-tesla"],"share_on_mastodon":{"url":"https:\/\/pubeurope.com\/@cz\/117217367354591326","error":""},"_links":{"self":[{"href":"https:\/\/www.europesays.com\/cz\/wp-json\/wp\/v2\/posts\/203464","targetHints":{"allow":["GET"]}}],"collection":[{"href":"https:\/\/www.europesays.com\/cz\/wp-json\/wp\/v2\/posts"}],"about":[{"href":"https:\/\/www.europesays.com\/cz\/wp-json\/wp\/v2\/types\/post"}],"author":[{"embeddable":true,"href":"https:\/\/www.europesays.com\/cz\/wp-json\/wp\/v2\/users\/2"}],"replies":[{"embeddable":true,"href":"https:\/\/www.europesays.com\/cz\/wp-json\/wp\/v2\/comments?post=203464"}],"version-history":[{"count":0,"href":"https:\/\/www.europesays.com\/cz\/wp-json\/wp\/v2\/posts\/203464\/revisions"}],"wp:featuredmedia":[{"embeddable":true,"href":"https:\/\/www.europesays.com\/cz\/wp-json\/wp\/v2\/media\/203465"}],"wp:attachment":[{"href":"https:\/\/www.europesays.com\/cz\/wp-json\/wp\/v2\/media?parent=203464"}],"wp:term":[{"taxonomy":"category","embeddable":true,"href":"https:\/\/www.europesays.com\/cz\/wp-json\/wp\/v2\/categories?post=203464"},{"taxonomy":"post_tag","embeddable":true,"href":"https:\/\/www.europesays.com\/cz\/wp-json\/wp\/v2\/tags?post=203464"}],"curies":[{"name":"wp","href":"https:\/\/api.w.org\/{rel}","templated":true}]}}