{"id":203506,"date":"2026-09-05T08:49:12","date_gmt":"2026-09-05T08:49:12","guid":{"rendered":"https:\/\/www.europesays.com\/cz\/203506\/"},"modified":"2026-09-05T08:49:12","modified_gmt":"2026-09-05T08:49:12","slug":"putin-nechce-napadnout-nato-prohlasil-trump","status":"publish","type":"post","link":"https:\/\/www.europesays.com\/cz\/203506\/","title":{"rendered":"Putin nechce napadnout NATO, prohl\u00e1sil Trump"},"content":{"rendered":"<p class=\"c_bB\">Jeden z\u00a0p\u0159\u00edtomn\u00fdch novin\u00e1\u0159\u016f v\u00a0p\u00e1tek na <a data-dot=\"atm-link\" target=\"_blank\" rel=\"noopener nofollow\" href=\"https:\/\/www.facebook.com\/watch\/?v=2151746442404303\" class=\"c_I\">tiskov\u00e9m br\u00edfinku<\/a> Trumpovi v\u00a0souvislosti s\u00a0dronov\u00fdm incidentem v\u00a0N\u011bmecku p\u0159ipomn\u011bl, \u017ee sliboval, \u017ee Putin na \u00fazem\u00ed NATO za jeho vl\u00e1dy neza\u00fato\u010d\u00ed. <\/p>\n<p class=\"c_bB\">\u201eNemysl\u00edm si, \u017ee Putin bude\u2026 Mluv\u00edm s\u00a0n\u00edm. Zn\u00e1m ho velmi dob\u0159e. Putin \u00fazem\u00ed NATO napadnout nechce,\u201c odpov\u011bd\u011bl Trump.<\/p>\n<p class=\"c_bB\">Na leti\u0161ti v\u00a0Lipsku byl na za\u010d\u00e1tku srpna v\u00a0bl\u00edzkosti ukrajinsk\u00e9ho n\u00e1kladn\u00edho letadla s\u00a0munic\u00ed nalezen dron s\u00a0v\u00fdbu\u0161ninou. Podle n\u011bmeck\u00e9ho ministra vnitra Alexandera Dobrindta za t\u00edmto \u00fatokem st\u00e1l Kreml a\u00a0provedli ho n\u00edzko postaven\u00ed agenti, jak je v\u00a0p\u0159\u00edpadech rusk\u00fdch hybridn\u00edch akc\u00ed b\u011b\u017en\u00e9.<\/p>\n<p class=\"c_bB\">Vypjat\u00e9 rusko-n\u011bmeck\u00e9 vztahy ale nejsou jedin\u00fdm d\u016fvodem k\u00a0obav\u00e1m z\u00a0mo\u017en\u00e9 rusk\u00e9 eskalace nap\u011bt\u00ed s\u00a0NATO. Do Moskvy v\u00a0srpnu tak\u00e9 neohl\u00e1\u0161en\u011b dorazil \u0161\u00e9f americk\u00e9 CIA John Ratcliffe. Podle informac\u00ed, kter\u00e9 se pozd\u011bji objevily v\u00a0m\u00e9di\u00edch, varoval, mimo jin\u00e9, p\u0159ed mo\u017en\u00fdm rusk\u00fdm pokusem o\u00a0otestov\u00e1n\u00ed odhodlanosti NATO br\u00e1nit \u00fazem\u00ed aliance v\u00a0Pobalt\u00ed.<\/p>\n<p><a data-dot=\"atm-link\" target=\"_self\" href=\"https:\/\/www.novinky.cz\/clanek\/valka-na-ukrajine-trump-s-putinem-se-setkam-az-bude-pripravena-mirova-dohoda-40595780\" class=\"c_I\" rel=\"nofollow noopener\"><img fetchpriority=\"high\" height=\"787\" width=\"1400\" src=\"https:\/\/www.europesays.com\/cz\/wp-content\/uploads\/2026\/09\/1788598152_386_trump-putin.jpeg\" loading=\"eager\" decoding=\"sync\" class=\"c_t c_r\"\/><\/a><\/p>\n","protected":false},"excerpt":{"rendered":"Jeden z\u00a0p\u0159\u00edtomn\u00fdch novin\u00e1\u0159\u016f v\u00a0p\u00e1tek na tiskov\u00e9m br\u00edfinku Trumpovi v\u00a0souvislosti s\u00a0dronov\u00fdm incidentem v\u00a0N\u011bmecku p\u0159ipomn\u011bl, \u017ee sliboval, \u017ee Putin na&hellip;\n","protected":false},"author":2,"featured_media":203507,"comment_status":"","ping_status":"","sticky":false,"template":"","format":"standard","meta":{"footnotes":"","_share_on_mastodon":"0"},"categories":[10],"tags":[6591,212,17,21,44557,13390,375,16,390,61,168,18,19,22,110,113,7126,56,166,20],"class_list":["post-203506","post","type-post","status-publish","format-standard","has-post-thumbnail","category-zpravy","tag-alexander-dobrindt","tag-donald-trump","tag-headlines","tag-hlavni-udalosti","tag-john-ratcliffe","tag-lipsko","tag-nemecko","tag-news","tag-pobalti","tag-rusko","tag-severoatlanticka-aliance-nato","tag-top-news","tag-top-stories","tag-udalosti-dne","tag-ukrajina","tag-usa","tag-ustredni-zpravodajska-sluzba-cia","tag-valka-rusko-ukrajina","tag-vladimir-putin","tag-zpravy"],"share_on_mastodon":{"url":"https:\/\/pubeurope.com\/@cz\/117217576139936403","error":""},"_links":{"self":[{"href":"https:\/\/www.europesays.com\/cz\/wp-json\/wp\/v2\/posts\/203506","targetHints":{"allow":["GET"]}}],"collection":[{"href":"https:\/\/www.europesays.com\/cz\/wp-json\/wp\/v2\/posts"}],"about":[{"href":"https:\/\/www.europesays.com\/cz\/wp-json\/wp\/v2\/types\/post"}],"author":[{"embeddable":true,"href":"https:\/\/www.europesays.com\/cz\/wp-json\/wp\/v2\/users\/2"}],"replies":[{"embeddable":true,"href":"https:\/\/www.europesays.com\/cz\/wp-json\/wp\/v2\/comments?post=203506"}],"version-history":[{"count":0,"href":"https:\/\/www.europesays.com\/cz\/wp-json\/wp\/v2\/posts\/203506\/revisions"}],"wp:featuredmedia":[{"embeddable":true,"href":"https:\/\/www.europesays.com\/cz\/wp-json\/wp\/v2\/media\/203507"}],"wp:attachment":[{"href":"https:\/\/www.europesays.com\/cz\/wp-json\/wp\/v2\/media?parent=203506"}],"wp:term":[{"taxonomy":"category","embeddable":true,"href":"https:\/\/www.europesays.com\/cz\/wp-json\/wp\/v2\/categories?post=203506"},{"taxonomy":"post_tag","embeddable":true,"href":"https:\/\/www.europesays.com\/cz\/wp-json\/wp\/v2\/tags?post=203506"}],"curies":[{"name":"wp","href":"https:\/\/api.w.org\/{rel}","templated":true}]}}