{"id":203524,"date":"2026-09-05T09:14:11","date_gmt":"2026-09-05T09:14:11","guid":{"rendered":"https:\/\/www.europesays.com\/cz\/203524\/"},"modified":"2026-09-05T09:14:11","modified_gmt":"2026-09-05T09:14:11","slug":"ifa-2026-potrebujete-vetsi-displej-notebook-se-sam-roztahne","status":"publish","type":"post","link":"https:\/\/www.europesays.com\/cz\/203524\/","title":{"rendered":"IFA 2026: Pot\u0159ebujete v\u011bt\u0161\u00ed displej? Notebook se s\u00e1m rozt\u00e1hne"},"content":{"rendered":"<p class=\"c_bB\">Notebooky s\u00a0rolovac\u00edmi displeji u\u017e Lenovo letos ukazovalo tak\u00e9 na veletrhu MWC 2026\u00a0v\u00a0Barcelon\u011b. Zat\u00edmco tam ale byly koncepty vystaven\u00e9 za sklem a\u00a0n\u00e1v\u0161t\u011bvn\u00edci si je mohli pouze prohl\u00e9dnout, na IFA 2026\u00a0se situace zm\u011bnila. Legion Pro Rollable Concept si mohou z\u00e1jemci vyzkou\u0161et.<\/p>\n<p class=\"c_bB\">Na prvn\u00ed pohled Legion Pro Rollable p\u016fsob\u00ed jako pom\u011brn\u011b b\u011b\u017en\u00fd hern\u00ed notebook. Jeho hlavn\u00ed p\u0159ednost\u00ed se ale st\u00e1v\u00e1 displej. V\u00a0z\u00e1kladn\u00edm re\u017eimu Focus Mode m\u00e1 \u00fahlop\u0159\u00ed\u010dku 16\u00a0palc\u016f, co\u017e je pro notebook na cesty st\u00e1le rozumn\u00e1 velikost.<\/p>\n<p class=\"c_bB\">Sta\u010d\u00ed v\u0161ak aktivovat mechanismus a\u00a0obrazovka se za\u010dne rozv\u00edjet do stran. V\u00a0re\u017eimu Tactical Mode nab\u00eddne 21,5\u00a0palce a\u00a0v nejv\u011bt\u0161\u00edm Arena Mode dokonce 24\u00a0palc\u016f. Z\u00a0kompaktn\u00edho notebooku se tak b\u011bhem okam\u017eiku stane za\u0159\u00edzen\u00ed s\u00a0obrazovkou velikosti b\u011b\u017en\u00e9ho stoln\u00edho monitoru. Lenovo koncept p\u016fvodn\u011b navrhlo p\u0159edev\u0161\u00edm pro profesion\u00e1ln\u00ed hr\u00e1\u010de, kte\u0159\u00ed pot\u0159ebuj\u00ed tr\u00e9novat na velk\u00e9 obrazovce i\u00a0b\u011bhem cestov\u00e1n\u00ed.<\/p>\n<p class=\"c_bB\">Koncepty notebook\u016f Lenovo s\u00a0rolovac\u00edmi displeji na veletrhu MWC 2026Video: Miloslav Fi\u0161er, Novinky<\/p>\n<p><a data-dot=\"atm-link\" target=\"_self\" href=\"https:\/\/www.novinky.cz\/clanek\/internet-a-pc-mobil-ifa-2026-displej-vypada-jako-namalovany-mobil-od-tcl-nema-konkurenci-40595992\" class=\"c_I\" rel=\"nofollow noopener\"><img fetchpriority=\"high\" height=\"1012\" width=\"1800\" src=\"https:\/\/www.europesays.com\/cz\/wp-content\/uploads\/2026\/09\/1788599650_281_tcl-p80-ultra.mpo.jpeg\" loading=\"eager\" decoding=\"sync\" class=\"c_t c_r\"\/><\/a>L\u00e1kav\u00e1 budoucnost, ale k\u0159ehk\u00e1<\/p>\n<p class=\"c_bB\">Samotn\u00e9 rozta\u017een\u00ed p\u016fsob\u00ed p\u0159ekvapiv\u011b p\u0159irozen\u011b. Mechanismus pracuje plynule a\u00a0bez v\u00fdrazn\u00e9ho hluku, a\u00a0\u010dlov\u011bk si rychle dok\u00e1\u017ee p\u0159edstavit, pro\u010d m\u016f\u017ee b\u00fdt podobn\u00e9 \u0159e\u0161en\u00ed l\u00e1kav\u00e9. Na cestu si vezmete relativn\u011b kompaktn\u00ed notebook, ale po p\u0159\u00edchodu na m\u00edsto nemus\u00edte hledat extern\u00ed monitor. Jedn\u00edm stisknut\u00edm tla\u010d\u00edtka z\u00edsk\u00e1te v\u00fdrazn\u011b v\u011bt\u0161\u00ed pracovn\u00ed nebo hern\u00ed plochu.<\/p>\n<p class=\"c_bB\">Pr\u00e1v\u011b p\u0159i pou\u017e\u00edv\u00e1n\u00ed je ale z\u00e1rove\u0148 patrn\u00e9, \u017ee jde st\u00e1le o\u00a0koncept. U\u00a0b\u011b\u017en\u00e9ho notebooku \u010dlov\u011bk nemus\u00ed p\u0159\u00edli\u0161 p\u0159em\u00fd\u0161let nad t\u00edm, jestli ho p\u0159i ukl\u00e1d\u00e1n\u00ed do batohu trochu p\u0159itla\u010d\u00ed, polo\u017e\u00ed na n\u011bj dal\u0161\u00ed v\u011bci nebo s\u00a0n\u00edm n\u011bkde neopatrn\u011b bouchne.<\/p>\n<p class=\"c_bB\">U za\u0159\u00edzen\u00ed s\u00a0takto slo\u017eit\u00fdm mechanismem a\u00a0flexibiln\u00edm panelem bych m\u011bl p\u0159ece jen v\u011bt\u0161\u00ed obavy. P\u0159i ka\u017edodenn\u00edm p\u0159en\u00e1\u0161en\u00ed v\u00a0batohu by \u010dlov\u011bk pravd\u011bpodobn\u011b mnohem v\u00edc \u0159e\u0161il, aby se notebook nepo\u0161kodil, p\u0159\u00edpadn\u011b aby se citliv\u00fd displej p\u0159i neopatrn\u00e9m zach\u00e1zen\u00ed \u010dasem neopot\u0159eboval.<\/p>\n<p class=\"c_bB\">Legion Pro Rollable Concept je nav\u00edc po\u0159\u00e1d jen prototyp. Lenovo jej postavilo na z\u00e1kladech v\u00fdkonn\u00e9ho hern\u00edho Legionu a\u00a0po\u010d\u00edt\u00e1 s\u00a0parametry odpov\u00eddaj\u00edc\u00edmi nejvy\u0161\u0161\u00ed t\u0159\u00edd\u011b. Samotn\u00e1 obrazovka vyu\u017e\u00edv\u00e1 OLED panel s\u00a0obnovovac\u00ed frekvenc\u00ed 240\u00a0Hz.<\/p>\n<p>Nejde o\u00a0jedin\u00fd koncept<\/p>\n<p class=\"c_bB\">Legion ale nen\u00ed jedin\u00fdm d\u016fkazem toho, \u017ee Lenovo s\u00a0rolovac\u00edmi obrazovkami dlouhodob\u011b experimentuje. Firma postupn\u011b zkou\u0161\u00ed r\u016fzn\u00e9 zp\u016fsoby, jak flexibiln\u00ed panel vyu\u017e\u00edt\u00a0\u2013 od zv\u011bt\u0161en\u00ed hern\u00ed obrazovky a\u017e po \u00fapln\u011b nov\u00e9 pojet\u00ed pracovn\u00edho notebooku.<\/p>\n<p class=\"c_bB\">Pr\u00e1v\u011b sem zapad\u00e1 ThinkPad Rollable XD Concept. Zat\u00edmco Legion se roztahuje do stran, ThinkPad jde opa\u010dn\u00fdm sm\u011brem a\u00a0displej zv\u011bt\u0161uje vertik\u00e1ln\u011b. V\u00a0z\u00e1kladn\u00ed podob\u011b m\u00e1 13,3\u00a0palce, po aktivaci mechanismu se ale obrazovka vysune a\u017e na t\u00e9m\u011b\u0159 16\u00a0palc\u016f. Lenovo t\u00edm chce nab\u00eddnout v\u011bt\u0161\u00ed pracovn\u00ed plochu, ani\u017e by u\u017eivatel musel nosit klasick\u00fd \u0161estn\u00e1ctipalcov\u00fd notebook.<\/p>\n<p class=\"c_bB\">Koncept notebooku s\u00a0rolovac\u00edm displejem od LenovaVideo: archiv v\u00fdrobce<\/p>\n<p class=\"c_bB\">Ani tady ale nekon\u010d\u00ed experimentov\u00e1n\u00ed u\u00a0samotn\u00e9ho zv\u011bt\u0161en\u00ed obrazovky. Panel ThinkPadu Rollable XD se toti\u017e obt\u00e1\u010d\u00ed p\u0159es horn\u00ed hranu v\u00edka a\u00a0\u010d\u00e1st displeje sm\u011b\u0159uje tak\u00e9 na jeho vn\u011bj\u0161\u00ed stranu. Kdy\u017e je notebook zav\u0159en\u00fd, m\u016f\u017ee tak zobrazovat r\u016fzn\u00e9 informace a\u00a0widgety. Lenovo nav\u00edc konstrukci z\u00e1m\u011brn\u011b nech\u00e1v\u00e1 \u010d\u00e1ste\u010dn\u011b pr\u016fhlednou, tak\u017ee je mo\u017en\u00e9 sledovat mechanismus, kter\u00fd cel\u00fd pohyb displeje zaji\u0161\u0165uje.<\/p>\n<p class=\"c_bB\">Koncept tak ukazuje jinou cestu ne\u017e hern\u00ed Legion. Zat\u00edmco u\u00a0n\u011bj je hlavn\u00edm argumentem mo\u017enost m\u00edt na cest\u00e1ch velk\u00fd monitor, ThinkPad se sna\u017e\u00ed \u0159e\u0161it p\u0159edev\u0161\u00edm produktivitu a\u00a0multitasking. V\u00a0obou p\u0159\u00edpadech v\u0161ak plat\u00ed tot\u00e9\u017e: u\u017eivatel dostane v\u011bt\u0161\u00ed zobrazovac\u00ed plochu, ani\u017e by musel neust\u00e1le nosit za\u0159\u00edzen\u00ed odpov\u00eddaj\u00edc\u00ed velikosti v\u00fdsledn\u00e9ho displeje.<\/p>\n<p>Budoucnost, nebo jen technologick\u00e1 atrakce?<\/p>\n<p class=\"c_bB\">Lenovo zat\u00edm ne\u0159\u00edk\u00e1, \u017ee by se z\u00a0t\u011bchto konkr\u00e9tn\u00edch koncept\u016f m\u011bly st\u00e1t b\u011b\u017en\u011b prod\u00e1van\u00e9 notebooky. Firma ale rolovac\u00ed displeje evidentn\u011b nepova\u017euje za slepou uli\u010dku. U\u017e d\u0159\u00edve uvedla do prodeje ThinkBook Plus Gen 6\u00a0Rollable a\u00a0na dal\u0161\u00edch konceptech ukazuje, \u017ee hled\u00e1 nov\u00e9 zp\u016fsoby, jak technologii vyu\u017e\u00edt.<\/p>\n<p class=\"c_bB\">Na IFA je p\u0159itom rozd\u00edl oproti p\u0159edchoz\u00edm demonstrac\u00edm pom\u011brn\u011b z\u00e1sadn\u00ed. Kdy\u017e \u010dlov\u011bk vid\u00ed rolovac\u00ed notebook za sklem, p\u016fsob\u00ed jako efektn\u00ed technologick\u00e1 uk\u00e1zka. Jakmile jej ale vezme do ruky, otev\u0159e, pracuje na n\u011bm a\u00a0n\u011bkolikr\u00e1t nech\u00e1 displej vysunout a\u00a0zase zasunout, za\u010d\u00edn\u00e1 d\u00e1vat v\u011bt\u0161\u00ed smysl ot\u00e1zka, zda by podobn\u00fd mechanismus jednou mohl b\u00fdt skute\u010dn\u011b praktick\u00fd.<\/p>\n<p class=\"c_bB\">A pr\u00e1v\u011b na tom bude z\u00e1le\u017eet nejv\u00edc. Ne jestli se displej dok\u00e1\u017ee rozt\u00e1hnout, ale jestli to v\u00fdrobci zvl\u00e1dnou ud\u011blat dostate\u010dn\u011b odoln\u011b, spolehliv\u011b a\u00a0za cenu, kv\u016fli kter\u00e9 bude d\u00e1vat smysl se klasick\u00e9ho notebooku vzd\u00e1t.<\/p>\n<p><a data-dot=\"atm-link\" target=\"_self\" href=\"https:\/\/www.novinky.cz\/clanek\/internet-a-pc-hardware-ifa-2026-z-technologickeho-hitu-propadak-pruhledne-televizory-netahnou-40595997\" class=\"c_I\" rel=\"nofollow noopener\"><img height=\"720\" width=\"1280\" src=\"https:\/\/www.europesays.com\/cz\/wp-content\/uploads\/2026\/09\/1788599651_44_tv-ifa.jpeg\" loading=\"eager\" decoding=\"sync\" class=\"c_t c_r\"\/><\/a><\/p>\n","protected":false},"excerpt":{"rendered":"Notebooky s\u00a0rolovac\u00edmi displeji u\u017e Lenovo letos ukazovalo tak\u00e9 na veletrhu MWC 2026\u00a0v\u00a0Barcelon\u011b. Zat\u00edmco tam ale byly koncepty vystaven\u00e9&hellip;\n","protected":false},"author":2,"featured_media":203525,"comment_status":"","ping_status":"","sticky":false,"template":"","format":"standard","meta":{"footnotes":"","_share_on_mastodon":"0"},"categories":[13],"tags":[4125,46354,45891,7543,6376,74,73,78,75,77,76,1105],"class_list":["post-203524","post","type-post","status-publish","format-standard","has-post-thumbnail","category-veda-a-technika","tag-berlin","tag-herni-notebooky","tag-ifa-berlin","tag-lenovo","tag-notebooky","tag-science","tag-science-technology","tag-technika","tag-technology","tag-veda","tag-veda-a-technika","tag-veletrh"],"share_on_mastodon":{"url":"https:\/\/pubeurope.com\/@cz\/117217674281995021","error":""},"_links":{"self":[{"href":"https:\/\/www.europesays.com\/cz\/wp-json\/wp\/v2\/posts\/203524","targetHints":{"allow":["GET"]}}],"collection":[{"href":"https:\/\/www.europesays.com\/cz\/wp-json\/wp\/v2\/posts"}],"about":[{"href":"https:\/\/www.europesays.com\/cz\/wp-json\/wp\/v2\/types\/post"}],"author":[{"embeddable":true,"href":"https:\/\/www.europesays.com\/cz\/wp-json\/wp\/v2\/users\/2"}],"replies":[{"embeddable":true,"href":"https:\/\/www.europesays.com\/cz\/wp-json\/wp\/v2\/comments?post=203524"}],"version-history":[{"count":0,"href":"https:\/\/www.europesays.com\/cz\/wp-json\/wp\/v2\/posts\/203524\/revisions"}],"wp:featuredmedia":[{"embeddable":true,"href":"https:\/\/www.europesays.com\/cz\/wp-json\/wp\/v2\/media\/203525"}],"wp:attachment":[{"href":"https:\/\/www.europesays.com\/cz\/wp-json\/wp\/v2\/media?parent=203524"}],"wp:term":[{"taxonomy":"category","embeddable":true,"href":"https:\/\/www.europesays.com\/cz\/wp-json\/wp\/v2\/categories?post=203524"},{"taxonomy":"post_tag","embeddable":true,"href":"https:\/\/www.europesays.com\/cz\/wp-json\/wp\/v2\/tags?post=203524"}],"curies":[{"name":"wp","href":"https:\/\/api.w.org\/{rel}","templated":true}]}}