{"id":203528,"date":"2026-09-05T09:17:20","date_gmt":"2026-09-05T09:17:20","guid":{"rendered":"https:\/\/www.europesays.com\/cz\/203528\/"},"modified":"2026-09-05T09:17:20","modified_gmt":"2026-09-05T09:17:20","slug":"kdyby-byl-statni-rozpocet-jedina-tisicovka-unikatni-vizualizace-ukazuje-kam-presne-mizi-penize","status":"publish","type":"post","link":"https:\/\/www.europesays.com\/cz\/203528\/","title":{"rendered":"Kdyby byl st\u00e1tn\u00ed rozpo\u010det jedin\u00e1 tis\u00edcovka. Unik\u00e1tn\u00ed vizualizace ukazuje, kam p\u0159esn\u011b miz\u00ed pen\u00edze"},"content":{"rendered":"<p>\u010cesko by v p\u0159\u00ed\u0161t\u00edm roce mohlo hospoda\u0159it s <a href=\"https:\/\/www.e15.cz\/ekonomika\/babis-vs-fiala-podivejte-se-na-10-nejvetsich-rozpoctovych-der-v-historii-ceska-1435359\" target=\"_blank\" rel=\"noopener nofollow\">jedn\u00edm z\u00a0nejv\u011bt\u0161\u00edch schodk\u016f historie samostatn\u00e9ho st\u00e1tu<\/a>.\u00a0Ministryn\u011b financ\u00ed Alena Schillerov\u00e1 (ANO) navrhla st\u00e1tn\u00ed rozpo\u010det s deficitem 389 miliard korun. H\u016f\u0159e vl\u00e1da hospoda\u0159ila pouze za covidov\u00e9 pandemie. Co v\u0161echno tvo\u0159\u00ed st\u00e1tn\u00ed rozpo\u010det? Pod\u00edvejte se na interaktivn\u00ed grafiku z na\u0161\u00ed s\u00e9rie <a href=\"https:\/\/www.e15.cz\/ekonomika\/data-check-tankujete-za-41-kc-zkuste-uhadnout-jak-velkou-cast-z-toho-spolkne-stat-1431501\" target=\"_blank\" rel=\"noopener nofollow\">e15 Data Check<\/a>.\u00a0<\/p>\n<p>P\u0159\u00edjmy a v\u00fddaje st\u00e1tn\u00edho rozpo\u010dtu p\u0159esahuj\u00ed 2,5 bilionu korun. To je pro \u0159adu lid\u00ed naprosto nep\u0159edstaviteln\u00e1 \u010d\u00e1stka. Na\u0161e grafika v\u00e1m ale hospoda\u0159en\u00ed st\u00e1tu p\u0159ibl\u00ed\u017e\u00ed p\u0159ijateln\u011bj\u0161\u00ed formou. Takto by vypadal rozpo\u010det \u010ceska, pokud by ho tvo\u0159ilo pouze 1 000 korun. V\u00edte, na co jde nejv\u011bt\u0161\u00ed \u010d\u00e1st?\u00a0<\/p>\n<p>Nejv\u011bt\u0161\u00ed \u010d\u00e1st tvo\u0159\u00ed kapitola Ministerstva pr\u00e1ce a soci\u00e1ln\u00edch v\u011bc\u00ed. Z na\u0161\u00ed pomysln\u00e9 tis\u00edcovky <a href=\"https:\/\/www.e15.cz\/finexpert\/duchody\/prida-babis-duchodcum-nejmene-za-10-let-podivejte-se-kdo-byl-v-posledni-dekade-k-duchodcum-nejstedrejsi-1434886\" target=\"_blank\" rel=\"noopener nofollow\">d\u00e1me p\u0159\u00ed\u0161t\u00ed rok na starobn\u00ed nebo invalidn\u00ed d\u016fchody<\/a>, nemocensk\u00e9, rodi\u010dovsk\u00e9 p\u0159\u00edsp\u011bvky, podporu v nezam\u011bstnanosti a dal\u0161\u00ed soci\u00e1ln\u00ed d\u00e1vky skoro 400 korun. To odpov\u00edd\u00e1 ve skute\u010dn\u00fdch \u010d\u00edslech v\u00edce ne\u017e jednomu bilionu korun. Pr\u00e1v\u011b tato kapitola nav\u00edc pat\u0159\u00ed mezi nejrychleji rostouc\u00ed od covidov\u00e9 krize.\u00a0<\/p>\n<p>Pokud vl\u00e1da do valorizace nezas\u00e1hne, zv\u00fd\u0161\u00ed se od ledna 2027 pr\u016fm\u011brn\u00fd d\u016fchod jen asi o 300 korun, nejm\u00e9n\u011b za posledn\u00edch deset let. | Zdroj: Profimedia<\/p>\n<p>V\u00edce ne\u017e 100 korun v na\u0161em zjednodu\u0161en\u00e9m rozpo\u010dtu p\u0159ipad\u00e1 na region\u00e1ln\u00ed nebo vysok\u00e9 \u0161kolstv\u00ed. N\u00e1sleduje ministerstvo obrany, kter\u00e9 by mohlo z\u00edskat 74 korun. Z t\u00e9to \u010d\u00e1stky se plat\u00ed voj\u00e1ci, nov\u00e1 arm\u00e1dn\u00ed technika a podobn\u011b. Vl\u00e1da po\u010d\u00edt\u00e1 s t\u00edm, \u017ee \u010cesko v p\u0159\u00ed\u0161t\u00edm roce spln\u00ed star\u00fd z\u00e1vazek NATO vyd\u00e1vat na obranu alespo\u0148 dv\u011b procenta HDP.\u00a0<\/p>\n<p>D\u00e1lnice, silnice I. t\u0159\u00eddy a tak\u00e9 \u017eelezni\u010dn\u00ed koridory \u010di financov\u00e1n\u00ed objednan\u00fdch rychl\u00edkov\u00fdch spoj\u016f nebo slevy na j\u00edzdn\u00e9m p\u0159ipadaj\u00ed na Ministerstvo dopravy. To je v na\u0161em zjednodu\u0161en\u00e9m rozpo\u010dtu mezi ministerstvy na \u010dtvrt\u00e9m m\u00edst\u011b. V p\u0159\u00ed\u0161t\u00edm roce by si m\u011blo p\u0159ij\u00edt na 63 korun.\u00a0<\/p>\n<p>A co n\u00e1sleduje? Policie? Soudy? Podpora podnik\u00e1n\u00ed? Nebo zem\u011bd\u011blstv\u00ed? Kdepak. Celkov\u011b \u0161est\u00fdm nejv\u011bt\u0161\u00edm v\u00fddajem st\u00e1tn\u00edho rozpo\u010dtu nen\u00ed \u017e\u00e1dn\u00e1 slu\u017eba st\u00e1tu da\u0148ov\u00fdm poplatn\u00edk\u016fm, ale v\u00fddaje na \u00faroky z p\u016fj\u010den\u00fdch miliard. Obsluha <a href=\"https:\/\/www.e15.cz\/ekonomika\/zebricek-nejzadluzenejsich-zemi-sveta-na-samotnem-vrcholu-prekvapive-stoji-asijska-velmoc-1432263\" target=\"_blank\" rel=\"noopener nofollow\">st\u00e1tn\u00edho dluhu<\/a> vych\u00e1z\u00ed v na\u0161em pomysln\u00e9m rozpo\u010dtu na 50 korun (re\u00e1ln\u011b na 130 miliard). Tato polo\u017eka se nav\u00edc s p\u0159ib\u00fdvaj\u00edc\u00edmi deficity st\u00e1tn\u00edho rozpo\u010dtu pom\u011brn\u011b v\u00fdrazn\u011b zvy\u0161uje.\u00a0<\/p>\n<p><a class=\"article-card__image\" data-ac-image=\"\" href=\"https:\/\/www.e15.cz\/ekonomika\/babis-vs-fiala-podivejte-se-na-10-nejvetsich-rozpoctovych-der-v-historii-ceska-1435359\" title=\"Babi\u0161 vs. Fiala: Pod\u00edvejte se na 10 nejv\u011bt\u0161\u00edch rozpo\u010dtov\u00fdch d\u011br v historii \u010ceska\" rel=\"nofollow noopener\" target=\"_blank\"><img decoding=\"async\" alt=\"Babi\u0161 vs. Fiala: Pod\u00edvejte se na 10 nejv\u011bt\u0161\u00edch rozpo\u010dtov\u00fdch d\u011br v historii \u010ceska\" title=\"Babi\u0161 vs. Fiala: Pod\u00edvejte se na 10 nejv\u011bt\u0161\u00edch rozpo\u010dtov\u00fdch d\u011br v historii \u010ceska\" class=\"\" data-magazine=\"\" src=\"https:\/\/www.europesays.com\/cz\/wp-content\/uploads\/2026\/09\/1788599840_970_9811722.jpg\" loading=\"lazy\" style=\"aspect-ratio: 328 \/ 184\"\/><\/a><a class=\"article-card__title-link line-limit-3\" data-ac-title=\"\" href=\"https:\/\/www.e15.cz\/ekonomika\/babis-vs-fiala-podivejte-se-na-10-nejvetsich-rozpoctovych-der-v-historii-ceska-1435359\" title=\"Babi\u0161 vs. Fiala: Pod\u00edvejte se na 10 nejv\u011bt\u0161\u00edch rozpo\u010dtov\u00fdch d\u011br v historii \u010ceska\" rel=\"nofollow noopener\" target=\"_blank\">Babi\u0161 vs. Fiala: Pod\u00edvejte se na 10 nejv\u011bt\u0161\u00edch rozpo\u010dtov\u00fdch d\u011br v historii \u010ceska<\/a>Nejen ministerstva<\/p>\n<p class=\"isSelectedEnd\">Ze st\u00e1tn\u00edho rozpo\u010dtu se neplat\u00ed pouze ministerstva, ale \u0159ada dal\u0161\u00edch organizac\u00ed a \u00fa\u0159ad\u016f. Pokud jste se pod\u00edvali na konec na\u0161\u00ed interaktivn\u00ed grafiky, vid\u011bli jste za ministerstvy jako prvn\u00ed Akademii v\u011bd n\u00e1sledovanou N\u00e1rodn\u00ed sportovn\u00ed agenturou. Na jejich \u010dinnost jdou ale z na\u0161eho pomysln\u00e9ho rozpo\u010dtu jednotky korun.\u00a0<\/p>\n<p>Ani ne koruna pak vych\u00e1z\u00ed na dal\u0161\u00ed men\u0161\u00ed \u00fa\u0159ady v\u010detn\u011b Poslaneck\u00e9 sn\u011bmovny, Sen\u00e1tu nebo Kancel\u00e1\u0159e prezidenta republiky. Jeden hal\u00e9\u0159 pak stoj\u00ed v pomysln\u00e9m tis\u00edcikorunov\u00e9m rozpo\u010dtu \u010dinnost N\u00e1rodn\u00ed rozpo\u010dtov\u00e9 rady, kterou tvo\u0159\u00ed odborn\u00edci nez\u00e1visl\u00ed na vl\u00e1d\u011b, jejich\u017e \u00fakolem je dohl\u00ed\u017eet na sestavov\u00e1n\u00ed st\u00e1tn\u00edho rozpo\u010dtu.\u00a0<\/p>\n<p>Alena Schillerov\u00e1 | Zdroj: Profimedia.cz<\/p>\n<p>Pr\u00e1v\u011b N\u00e1rodn\u00ed rozpo\u010dtov\u00e1 rada (NRR) sou\u010dasn\u00e9 po\u010d\u00edn\u00e1n\u00ed vl\u00e1dy kritizuje. \u201eN\u00e1vrh navazuje na trend zah\u00e1jen\u00fd rozpo\u010dtem na rok 2026, kter\u00fd byl sestaven v rozporu s tehdy platnou legislativou, a znamen\u00e1 obrat od postupn\u00e9 m\u00edrn\u00e9 konsolidace ke z\u0159eteln\u00e9mu n\u00e1r\u016fstu deficit\u016f i ve\u0159ejn\u00e9ho dluhu,\u201c uvedla NRR. Podle n\u00ed nav\u00edc v p\u0159\u00ed\u0161t\u00edm roce vzroste nejv\u00fdrazn\u011bji od pandemie struktur\u00e1ln\u00ed schodek rozpo\u010dtu. V p\u0159ekladu to znamen\u00e1, \u017ee si st\u00e1tn\u00ed pokladna p\u016fj\u010duje na b\u011b\u017en\u00fd provoz, nikoliv na investice. U\u017e v roce 2028 si sou\u010dasn\u00fd pl\u00e1n podle NRR vy\u017e\u00e1d\u00e1 \u0161krty o v\u00edce ne\u017e 100 miliard korun.\u00a0<\/p>\n<p>N\u00e1vrh rozpo\u010dtu vl\u00e1dy ANO, SPD a Motorist\u016f kritizuje i opozice, podle kter\u00e9 je nezodpov\u011bdn\u00fd, a druh\u00fd nejvy\u0161\u0161\u00ed schodek v historii v dob\u011b hospod\u00e1\u0159sk\u00e9ho r\u016fstu ozna\u010duje za neopodstatn\u011bn\u00fd. Nespokojenost vyj\u00e1d\u0159ili i koali\u010dn\u00ed partne\u0159i. Motorist\u00e9 po\u017eaduj\u00ed \u00fasporn\u011bj\u0161\u00ed hospoda\u0159en\u00ed st\u00e1tu. Sv\u00e9 n\u00e1mitky chce v p\u0159\u00ed\u0161t\u00edch dnech premi\u00e9ru Babi\u0161ovi p\u0159edstavit tak\u00e9 SPD. Babi\u0161 i ministryn\u011b financ\u00ed Schillerov\u00e1 za n\u00e1vrhem stoj\u00ed.\u00a0<\/p>\n","protected":false},"excerpt":{"rendered":"\u010cesko by v p\u0159\u00ed\u0161t\u00edm roce mohlo hospoda\u0159it s jedn\u00edm z\u00a0nejv\u011bt\u0161\u00edch schodk\u016f historie samostatn\u00e9ho st\u00e1tu.\u00a0Ministryn\u011b financ\u00ed Alena Schillerov\u00e1 (ANO)&hellip;\n","protected":false},"author":2,"featured_media":203529,"comment_status":"","ping_status":"","sticky":false,"template":"","format":"standard","meta":{"footnotes":"","_share_on_mastodon":"0"},"categories":[7],"tags":[297,266,955,43,42,41,40,8462,3416,703,137,3502,1139,964],"class_list":["post-203528","post","type-post","status-publish","format-standard","has-post-thumbnail","category-cesko","tag-alena-schillerova","tag-andrej-babis","tag-ano-2011","tag-ceska-republika","tag-cesko","tag-czech-republic","tag-czechia","tag-deficit","tag-grafika","tag-penize","tag-rozpocet","tag-statni-rozpocet","tag-vizualizace","tag-vlada"],"share_on_mastodon":{"url":"https:\/\/pubeurope.com\/@cz\/117217686355971123","error":""},"_links":{"self":[{"href":"https:\/\/www.europesays.com\/cz\/wp-json\/wp\/v2\/posts\/203528","targetHints":{"allow":["GET"]}}],"collection":[{"href":"https:\/\/www.europesays.com\/cz\/wp-json\/wp\/v2\/posts"}],"about":[{"href":"https:\/\/www.europesays.com\/cz\/wp-json\/wp\/v2\/types\/post"}],"author":[{"embeddable":true,"href":"https:\/\/www.europesays.com\/cz\/wp-json\/wp\/v2\/users\/2"}],"replies":[{"embeddable":true,"href":"https:\/\/www.europesays.com\/cz\/wp-json\/wp\/v2\/comments?post=203528"}],"version-history":[{"count":0,"href":"https:\/\/www.europesays.com\/cz\/wp-json\/wp\/v2\/posts\/203528\/revisions"}],"wp:featuredmedia":[{"embeddable":true,"href":"https:\/\/www.europesays.com\/cz\/wp-json\/wp\/v2\/media\/203529"}],"wp:attachment":[{"href":"https:\/\/www.europesays.com\/cz\/wp-json\/wp\/v2\/media?parent=203528"}],"wp:term":[{"taxonomy":"category","embeddable":true,"href":"https:\/\/www.europesays.com\/cz\/wp-json\/wp\/v2\/categories?post=203528"},{"taxonomy":"post_tag","embeddable":true,"href":"https:\/\/www.europesays.com\/cz\/wp-json\/wp\/v2\/tags?post=203528"}],"curies":[{"name":"wp","href":"https:\/\/api.w.org\/{rel}","templated":true}]}}