{"id":203534,"date":"2026-09-05T09:29:18","date_gmt":"2026-09-05T09:29:18","guid":{"rendered":"https:\/\/www.europesays.com\/cz\/203534\/"},"modified":"2026-09-05T09:29:18","modified_gmt":"2026-09-05T09:29:18","slug":"zacina-festival-dvorakova-praha-vystoupi-orchestr-z-la-scaly-i-kozena","status":"publish","type":"post","link":"https:\/\/www.europesays.com\/cz\/203534\/","title":{"rendered":"Za\u010d\u00edn\u00e1 festival Dvo\u0159\u00e1kova Praha. Vystoup\u00ed orchestr z\u00a0La Scaly i\u00a0Ko\u017een\u00e1"},"content":{"rendered":"<p class=\"e_bX\">P\u0159ehl\u00eddku zah\u00e1j\u00ed slavn\u00fd mil\u00e1nsk\u00fd orchestr Filarmonica della Scala pod taktovkou Riccarda Chaillyho, koncert bude <a data-dot=\"atm-link\" target=\"_blank\" rel=\"noopener nofollow\" href=\"https:\/\/www.ceskatelevize.cz\/porady\/15775073413-dvorakova-praha\/22654215023\/\" class=\"e_n\">\u017eiv\u011b p\u0159en\u00e1\u0161et stanice \u010cT art<\/a>. Dvo\u0159\u00e1kova Praha nab\u00eddne do 23.\u00a0z\u00e1\u0159\u00ed sv\u011btov\u00e9 interprety i\u00a0orchestry. Hlavn\u00ed koncerty se tradi\u010dn\u011b konaj\u00ed v\u00a0Rudolfinu, sv\u011btov\u00e1 a\u00a0dom\u00e1c\u00ed hudba ale rozezn\u00ed tak\u00e9 Ane\u017esk\u00fd kl\u00e1\u0161ter, Artium na Bo\u0159islavce, Divadlo X10\u00a0nebo nov\u011b s\u00e1l Pra\u017esk\u00e9 konzervato\u0159e. <\/p>\n<p class=\"e_bX\">Publikum se m\u016f\u017ee t\u011b\u0161it na Tonhalle-Orchester Z\u00fcrich s\u00a0dirigentem Paavem J\u00e4rvim nebo V\u00edde\u0148sk\u00e9 filharmoniky, kte\u0159\u00ed pod veden\u00edm Tugana Sochijeva uvedou mimo jin\u00e9 Dvo\u0159\u00e1k\u016fv Koncert pro housle a\u00a0orchestr a\u00a0moll v\u00a0pod\u00e1n\u00ed uzn\u00e1van\u00e9 houslistky Hilary Hahn.<\/p>\n<p class=\"e_bX\">Zahajovac\u00ed koncert odehraje orchestr mil\u00e1nsk\u00e9 La Scaly, synonyma opern\u00edho sv\u011bta. \u201eJako s\u00f3listka vystoup\u00ed nad\u011bjn\u00e1 violoncellistka Julia Hagen a\u00a0m\u00e1m radost, \u017ee na\u0161e pozv\u00e1n\u00ed p\u0159ijal i\u00a0legend\u00e1rn\u00ed dirigent Riccardo Chailly, kter\u00fd s\u00a0nad\u0161en\u00edm p\u0159iv\u00edtal zahajovac\u00ed program s\u00a0Dvo\u0159\u00e1kov\u00fdm Koncertem pro violoncello a\u00a0orchestr h moll a\u00a0Dev\u00e1tou symfoni\u00ed Z\u00a0Nov\u00e9ho sv\u011bta,\u201c \u0159\u00edk\u00e1 um\u011bleck\u00fd \u0159editel festivalu Jan Simon. <\/p>\n<p class=\"e_bX\">T\u0159iasedmdes\u00e1tilet\u00fd Chailly je hlavn\u00edm dirigentem proslul\u00e9ho opern\u00edho domu La Scala od roku 2015.\u00a0S\u00e1m si vybudoval renom\u00e9 zejm\u00e9na skrze anga\u017em\u00e1 u\u00a0amsterdamsk\u00e9ho Kr\u00e1lovsk\u00e9ho orchestru Concertgebouw, kter\u00fd vedl v\u00a0letech 1988\u00a0a\u017e 2004, a\u00a0n\u00e1sledn\u00fdch 11\u00a0let str\u00e1ven\u00fdch u\u00a0lipsk\u00e9ho Gewandhausu. S\u00a0ob\u011bma mimo jin\u00e9 uv\u00e1d\u011bl soudob\u00e9 skladby a\u00a0u\u017e des\u00edtky let m\u00e1 tak\u00e9 exkluzivn\u00ed smlouvu s\u00a0vydavatelstv\u00edm Decca.<\/p>\n<p class=\"e_bX\">Reziden\u010dn\u00ed um\u011blkyn\u00ed leto\u0161n\u00edho ro\u010dn\u00edku Dvo\u0159\u00e1kovy Prahy je mezzosopranistka Magdalena Ko\u017een\u00e1. V\u00fdraznou stopu zanech\u00e1 \u010cesk\u00e1 filharmonie pod taktovkou sv\u00e9ho \u0161\u00e9fdirigenta Semjona By\u010dkova a\u00a0hongkongsk\u00e9 dirigentky Elim Chan.<\/p>\n<p><a data-dot=\"mol-article-card-media\" aria-hidden=\"true\" tabindex=\"-1\" href=\"https:\/\/www.seznamzpravy.cz\/clanek\/kultura-elim-chan-dvorakova-praha-314102\" class=\"e_n f_l8\" rel=\"nofollow noopener\" target=\"_blank\"><img fetchpriority=\"high\" height=\"1406\"   width=\"2500\" src=\"https:\/\/www.europesays.com\/cz\/wp-content\/uploads\/2026\/09\/1788600556_124_elim-chan.jpeg\" loading=\"eager\" decoding=\"sync\" class=\"e_aa e_Z\"\/><\/a><\/p>\n<p class=\"e_bX\">Na sv\u016fj debut v\u00a0\u010cesku \u010dek\u00e1 dvaadvacetilet\u00fd klav\u00edrista Im Jun-\u010dchan z\u00a0Ji\u017en\u00ed Koreje, na festival se vr\u00e1t\u00ed tak\u00e9 houslista Gil Shaham nebo klav\u00edrist\u00e9 Rafal Blechacz a\u00a0Alexander Malofejev.<\/p>\n<p>Jakob\u00edn v\u00a0Rudolfinu<\/p>\n<p class=\"e_bX\">Jedn\u00edm z\u00a0vrchol\u016f akce bude koncertn\u00ed uveden\u00ed Dvo\u0159\u00e1kovy opery Jakob\u00edn v\u00a0Rudolfinu. N\u00e1v\u0161t\u011bvn\u00edci budou m\u00edt mo\u017enost sly\u0161et ji na\u017eivo a\u00a0tak\u00e9 si prohl\u00e9dnout origin\u00e1ln\u00ed autograf. Rukopis opery na libreto Marie \u010cervinkov\u00e9-Riegrov\u00e9 nab\u00edz\u00ed jedine\u010dn\u00fd pohled p\u0159\u00edmo do Dvo\u0159\u00e1kova tv\u016fr\u010d\u00edho procesu. Autograf bude v\u00a0Muzeu Anton\u00edna Dvo\u0159\u00e1ka v\u00fdjime\u010dn\u011b vystaven cel\u00e9 z\u00e1\u0159\u00ed.<\/p>\n<p class=\"e_bX\">\u201eDvo\u0159\u00e1k\u016fv Jakob\u00edn je unik\u00e1tn\u00ed sv\u00fdmi reminiscencemi na skladatelovo d\u011btstv\u00ed a\u00a0dosp\u00edv\u00e1n\u00ed pro\u017eit\u00e9 ve Zlonic\u00edch, kde se Dvo\u0159\u00e1k u\u010dil hudb\u011b u\u00a0v\u00fdznamn\u00e9ho m\u00edstn\u00edho u\u010ditele, muzikanta, kapeln\u00edka a\u00a0skladatele Anton\u00edna Liehmanna. Pr\u00e1v\u011b Liehmann byl v\u00a0Jakob\u00ednu p\u0159edobrazem u\u010ditele Bendy a\u00a0postava Terinky byla zas inspirov\u00e1na Liehmannovou dcerou Terezi\u00ed, kter\u00e1 se u\u010dila hudb\u011b u\u00a0sv\u00e9ho otce spolu s\u00a0mlad\u00fdm Dvo\u0159\u00e1kem,\u201c \u0159\u00edk\u00e1 vedouc\u00ed muzea Veronika Vejvodov\u00e1.<\/p>\n<p><img height=\"1221\"   width=\"1800\" src=\"https:\/\/www.europesays.com\/cz\/wp-content\/uploads\/2026\/09\/tomas-netopil.jpeg\" loading=\"eager\" decoding=\"sync\" class=\"e_aa e_Z\"\/>Foto: Profimedia.cz<\/p>\n<p class=\"e_bX\">Koncertn\u00ed proveden\u00ed Jakob\u00edna bude 19.\u00a0z\u00e1\u0159\u00ed v\u00a0Rudolfinu dirigovat Tom\u00e1\u0161 Netopil, zazp\u00edvaj\u00ed man\u017eel\u00e9 Kate\u0159ina Kn\u011b\u017e\u00edkov\u00e1 a\u00a0Adam Plachetka.<\/p>\n<p class=\"e_bX\">Vedle Dvo\u0159\u00e1kova Jakob\u00edna nab\u00eddne festival Ku\u010der\u016fv Dvojkoncert pro housle, violoncello a\u00a0orchestr napsan\u00fd p\u0159\u00edmo na objedn\u00e1vku Dvo\u0159\u00e1kovy Prahy. Premi\u00e9ra se uskute\u010dn\u00ed 15.\u00a0z\u00e1\u0159\u00ed ve Dvo\u0159\u00e1kov\u011b s\u00edni Rudolfina v\u00a0pod\u00e1n\u00ed violoncellistky Sakury Toby, houslisty Daniela Matej\u010di a\u00a0Symfonick\u00e9ho orchestru \u010cesk\u00e9ho rozhlasu pod taktovkou Eliase Grandyho. Koncert se kon\u00e1 u\u00a0p\u0159\u00edle\u017eitosti 100.\u00a0v\u00fdro\u010d\u00ed vzniku rozhlasov\u00e9ho orchestru.<\/p>\n<p class=\"e_bX\">Programov\u00e1 \u0159ada Dvo\u0159\u00e1k Collection klade i\u00a0letos d\u016fraz na p\u00eds\u0148ovou tvorbu. Jej\u00ed kur\u00e1torka Magdalena Ko\u017een\u00e1 propoj\u00ed Dvo\u0159\u00e1kovy p\u00edsn\u011b s\u00a0d\u00edly Leo\u0161e Jan\u00e1\u010dka, Maurice Ravela \u010di Sergeje Rachmaninova. <\/p>\n<p class=\"e_bX\">Komorn\u00ed \u0159ada p\u0159inese vedle projekt\u016f Ko\u017een\u00e9 tak\u00e9 dechov\u00e9 kvinteto Alinde Quintet nebo vystoupen\u00ed souboru 12\u00a0violoncellist\u016f Berl\u00ednsk\u00fdch filharmonik\u016f. Ti sv\u00fdm koncertem navazuj\u00ed i\u00a0na programov\u00fd form\u00e1t Bez kravaty, kter\u00fd nab\u00edz\u00ed uvoln\u011bn\u011bj\u0161\u00ed atmosf\u00e9ru a\u00a0otev\u00edr\u00e1 festival \u0161ir\u0161\u00edmu publiku. Sou\u010d\u00e1st\u00ed festivalu bude mezin\u00e1rodn\u00ed sout\u011b\u017e mlad\u00fdch talent\u016f Concertino Praga.<\/p>\n<p><a data-dot=\"mol-article-card-media\" aria-hidden=\"true\" tabindex=\"-1\" href=\"https:\/\/www.seznamzpravy.cz\/clanek\/kultura-hilary-hahn-dvorakova-praha-313822\" class=\"e_n f_l8\" rel=\"nofollow noopener\" target=\"_blank\"><img height=\"1686\"   width=\"2998\" src=\"https:\/\/www.europesays.com\/cz\/wp-content\/uploads\/2026\/09\/hilary-hahn.jpeg\" loading=\"eager\" decoding=\"sync\" class=\"e_aa e_Z\"\/><\/a><\/p>\n<p class=\"e_bX\">Vloni Dvo\u0159\u00e1kovu Prahu nav\u0161t\u00edvilo 16\u00a0tis\u00edc lid\u00ed. Podle po\u0159adatel\u016f z\u00e1jem o\u00a0leto\u0161n\u00ed ro\u010dn\u00edk p\u0159ed\u010dil o\u010dek\u00e1v\u00e1n\u00ed. \u201eT\u00e9m\u011b\u0159 v\u0161echny vstupenky jsou vyprodan\u00e9,\u201c konstatuje Robert Kol\u00e1\u0159, \u0159editel po\u0159\u00e1daj\u00edc\u00ed Akademie klasick\u00e9 hudby. \u201eEnormn\u00ed ohlas ve\u0159ejnosti potvrzuje, \u017ee na\u0161e koncepce, kter\u00e1 stav\u00ed na propojov\u00e1n\u00ed sv\u011btov\u00fdch legend s\u00a0nastupuj\u00edc\u00ed generac\u00ed interpret\u016f, dvo\u0159\u00e1kovsk\u00e9 tradici a\u00a0atraktivn\u00edm vizu\u00e1ln\u00edm doprovodu, s\u00a0publikem v\u0161ech generac\u00ed siln\u011b rezonuje.\u201c<\/p>\n<p>Vystoup\u00ed tak\u00e9 Hude\u010dek<\/p>\n<p class=\"e_bX\">V\u00fdraznou stopu na leto\u0161n\u00edm festivalu zanech\u00e1 tak\u00e9 \u010desk\u00fd houslov\u00fd virtuos V\u00e1clav Hude\u010dek. Respektovan\u00fd hudebn\u00edk p\u016fsob\u00ed jako \u010dlen poroty druh\u00e9ho kola jubilejn\u00edho 60.\u00a0ro\u010dn\u00edku mezin\u00e1rodn\u00ed rozhlasov\u00e9 sout\u011b\u017ee Concertino Praga 2026, jej\u00ed\u017e fin\u00e1le se uskute\u010dn\u00ed v\u00a0r\u00e1mci festivalu 18.\u00a0z\u00e1\u0159\u00ed. Hude\u010dek je z\u00e1rove\u0148 \u00fazce spjat s\u00a0histori\u00ed sout\u011b\u017ee, kde s\u00e1m v\u00a0jej\u00edch za\u010d\u00e1tc\u00edch sout\u011b\u017eil. Mezi \u00fa\u010dinkuj\u00edc\u00edmi budou t\u00e9\u017e laure\u00e1ti Akademie V\u00e1clava Hude\u010dka. <\/p>\n<p class=\"e_bX\">Hude\u010dek ozna\u010duje Anton\u00edna Dvo\u0159\u00e1ka za svou celo\u017eivotn\u00ed l\u00e1sku. \u201eJeho houslov\u00fd koncert jsem dokonce dvakr\u00e1t nahr\u00e1l a\u00a0interpretoval jsem ho ve v\u0161ech nejslavn\u011bj\u0161\u00edch s\u00e1lech sv\u011bta a\u00a0s t\u011bmi nejv\u00fdznamn\u011bj\u0161\u00edmi orchestry,\u201c pochvaluje si Hude\u010dek.<\/p>\n<p class=\"e_bX\">Sout\u011b\u017ee Concertino Praga se Hude\u010dek z\u00fa\u010dastnil v\u00a0prvn\u00edm ro\u010dn\u00edku, kdy se je\u0161t\u011b sout\u011b\u017e jmenovala Mezin\u00e1rodn\u00ed rozhlasov\u00e1 sout\u011b\u017e mlad\u00fdch hudebn\u00edk\u016f. \u201eDostal jsem tehdy telegram do Ro\u017emit\u00e1lu pod T\u0159em\u0161\u00ednem, kde jsem tr\u00e1vil pr\u00e1zdniny u\u00a0prarodi\u010d\u016f. Byl z\u00a0rozhlasu od pana Pohlreicha z\u00a0d\u011btsk\u00e9 redakce. Cht\u011bl moj\u00ed moment\u00e1ln\u00ed adresu. Z\u00e1hy mn\u011b p\u0159i\u0161el dopis a\u00a0noty povinn\u00e9 skladby, kter\u00e1 byla vy\u017eadov\u00e1na pro \u00fa\u010dast v\u00a0sout\u011b\u017ei,\u201c vzpom\u00edn\u00e1.<\/p>\n<p><img height=\"1200\"   width=\"1800\" src=\"https:\/\/www.europesays.com\/cz\/wp-content\/uploads\/2026\/09\/vaclav-hudecek.jpeg\" loading=\"eager\" decoding=\"sync\" class=\"e_aa e_Z\"\/>Foto: Profimedia.cz<\/p>\n<p class=\"e_bX\">Na fotografii z\u00a0\u010dervencov\u00e9 Houslov\u00e9 Akademie V\u00e1clava Hude\u010dka v\u00a0Luha\u010dovic\u00edch jsou houslista V\u00e1clav Hude\u010dek a\u00a0student Jan Nov\u00e1k.<\/p>\n<p class=\"e_bX\">Povinnou skladbou byla sonatina Bohuslava Martin\u016f. \u201eTak jsem se ji n\u011bjak nau\u010dil, opr\u00e1\u0161il si Wieniawsk\u00e9ho Vzpom\u00ednku na Moskvu a\u00a0ve smluven\u00fd term\u00edn se dostavil do budovy rozhlasu na Vinohradech, kde mi byl p\u0159id\u011blen velmi laskav\u00fd pan profesor Pavl\u00edk z\u00a0Pra\u017esk\u00e9 konzervato\u0159e. Skladby jsme si nejd\u0159\u00edve p\u0159ehr\u00e1li, potom z\u00a0jedn\u00e9 vody na\u010disto nahr\u00e1li a\u00a0\u0161li dom\u016f. V\u00a0z\u00e1\u0159\u00ed nebo \u0159\u00edjnu jsem se dozv\u011bd\u011bl, \u017ee jsem z\u00edskal druhou cenu v\u00a0mezin\u00e1rodn\u00ed sout\u011b\u017ei,\u201c vzpom\u00edn\u00e1 Hude\u010dek.<\/p>\n<p class=\"e_bX\">Vystoupen\u00ed laure\u00e1t\u016f jeho Akademie V\u00e1clava Hude\u010dka se uskute\u010dn\u00ed 10.\u00a0z\u00e1\u0159\u00ed v\u00a0prostoru Artium by KKCG na Bo\u0159islavce. Um\u011blci se p\u0159edstav\u00ed s\u00a0programem zahrnuj\u00edc\u00edm d\u00edla Fritze Kreislera, Bed\u0159icha Smetany nebo Arvo P\u00e4rta.<\/p>\n<p class=\"e_bX\">\u201eJ\u00e1 mlad\u00e9 houslov\u00e9 talenty p\u0159\u00edmo nevychov\u00e1v\u00e1m. Na to maj\u00ed vlastn\u00ed pedagogy ve sv\u00fdch \u0161kol\u00e1ch. D\u00e1v\u00e1m t\u011bm nejlep\u0161\u00edm p\u0159\u00edle\u017eitost ve\u0159ejn\u00fdch vystoupen\u00ed a\u00a0p\u0159ed\u00e1v\u00e1m jim svoje osobn\u00ed zku\u0161enosti ze sv\u011btov\u00fdch koncertn\u00edch p\u00f3di\u00ed. Na luha\u010dovick\u00e9 akademii se star\u00e1m p\u0159edev\u0161\u00edm o\u00a0v\u00fdrazov\u00e9 pojet\u00ed skladeb, technick\u00e9 z\u00e1le\u017eitosti s\u00a0nimi prob\u00edr\u00e1 vynikaj\u00edc\u00ed profesor Ji\u0159\u00ed Fi\u0161er,\u201c podot\u00fdk\u00e1 Hude\u010dek.<\/p>\n<p class=\"e_bX\">Ten u\u00a0p\u0159\u00edle\u017eitosti oslav 60\u00a0let sout\u011b\u017ee Concertino Praga vystoup\u00ed tak\u00e9 18.\u00a0\u0159\u00edjna jako s\u00f3lista na galakoncertu v\u00a0Rudolfinu spolu s\u00a0Dmitrijem Sitkoveck\u00fdm. \u201eDimka Sitkoveck\u00fd byl tak\u00e9 \u00fa\u010dastn\u00edkem prvn\u00edho ro\u010dn\u00edku a\u00a0tehdy z\u00edskal prvn\u00ed cenu. Na slavnostn\u00edm koncertu zahrajeme Bach\u016fv koncert d moll pro dvoje housle,\u201c uzav\u00edr\u00e1 houslista.<\/p>\n","protected":false},"excerpt":{"rendered":"P\u0159ehl\u00eddku zah\u00e1j\u00ed slavn\u00fd mil\u00e1nsk\u00fd orchestr Filarmonica della Scala pod taktovkou Riccarda Chaillyho, koncert bude \u017eiv\u011b p\u0159en\u00e1\u0161et stanice \u010cT&hellip;\n","protected":false},"author":2,"featured_media":203535,"comment_status":"","ping_status":"","sticky":false,"template":"","format":"standard","meta":{"footnotes":"","_share_on_mastodon":"0"},"categories":[30],"tags":[44396,4341,1429,98,99,46357,46358],"class_list":["post-203534","post","type-post","status-publish","format-standard","has-post-thumbnail","category-praha","tag-festival-dvorakova-praha","tag-hudebni-festivaly","tag-klasicka-hudba","tag-prague","tag-praha","tag-riccardo-chailly","tag-teatro-alla-scala"],"share_on_mastodon":{"url":"https:\/\/pubeurope.com\/@cz\/117217733582527479","error":""},"_links":{"self":[{"href":"https:\/\/www.europesays.com\/cz\/wp-json\/wp\/v2\/posts\/203534","targetHints":{"allow":["GET"]}}],"collection":[{"href":"https:\/\/www.europesays.com\/cz\/wp-json\/wp\/v2\/posts"}],"about":[{"href":"https:\/\/www.europesays.com\/cz\/wp-json\/wp\/v2\/types\/post"}],"author":[{"embeddable":true,"href":"https:\/\/www.europesays.com\/cz\/wp-json\/wp\/v2\/users\/2"}],"replies":[{"embeddable":true,"href":"https:\/\/www.europesays.com\/cz\/wp-json\/wp\/v2\/comments?post=203534"}],"version-history":[{"count":0,"href":"https:\/\/www.europesays.com\/cz\/wp-json\/wp\/v2\/posts\/203534\/revisions"}],"wp:featuredmedia":[{"embeddable":true,"href":"https:\/\/www.europesays.com\/cz\/wp-json\/wp\/v2\/media\/203535"}],"wp:attachment":[{"href":"https:\/\/www.europesays.com\/cz\/wp-json\/wp\/v2\/media?parent=203534"}],"wp:term":[{"taxonomy":"category","embeddable":true,"href":"https:\/\/www.europesays.com\/cz\/wp-json\/wp\/v2\/categories?post=203534"},{"taxonomy":"post_tag","embeddable":true,"href":"https:\/\/www.europesays.com\/cz\/wp-json\/wp\/v2\/tags?post=203534"}],"curies":[{"name":"wp","href":"https:\/\/api.w.org\/{rel}","templated":true}]}}