{"id":203536,"date":"2026-09-05T09:30:11","date_gmt":"2026-09-05T09:30:11","guid":{"rendered":"https:\/\/www.europesays.com\/cz\/203536\/"},"modified":"2026-09-05T09:30:11","modified_gmt":"2026-09-05T09:30:11","slug":"zavodil-jsem-proti-bande-zbabelcu-hvezdny-nor-se-pustil-do-souperu","status":"publish","type":"post","link":"https:\/\/www.europesays.com\/cz\/203536\/","title":{"rendered":"Z\u00e1vodil jsem proti band\u011b zbab\u011blc\u016f. Hv\u011bzdn\u00fd Nor se pustil do soupe\u0159\u016f"},"content":{"rendered":"<p class=\"b_bA\">Kdy\u017e p\u011btadvacetilet\u00fd Ingebrigtsen z\u00e1vodil poprv\u00e9 po t\u00e9m\u011b\u0159 ro\u010dn\u00ed pauze a\u00a0operaci achilovky na mistrovstv\u00ed Evropy v\u00a0Birminghamu, hned se radoval ze zlata na p\u011bt kilometr\u016f. Na krat\u0161\u00ed ze sv\u00fdch obl\u00edben\u00fdch trat\u00ed zat\u00edm zapsal dv\u011b \u010dtvrt\u00e1 a\u00a0jedno p\u00e1t\u00e9 m\u00edsto.<\/p>\n<p class=\"b_bA\">V Bruselu p\u0159i fin\u00e1le seri\u00e1lu, kam dostal divokou kartu, si posunul sezonn\u00ed maximum na 3:30,52. \u201eS \u010dasem jsem celkem spokojen\u00fd, bylo to lep\u0161\u00ed ne\u017e v\u00a0Curychu,\u201c za\u010dal sv\u00e9 hodnocen\u00ed halov\u00fd sv\u011btov\u00fd rekordman na t\u00e9to trati.<\/p>\n<p class=\"b_bA\">\u201eAle jinak jsem z\u00a0toho z\u00e1vodu hodn\u011b zklaman\u00fd,\u201c pokra\u010doval Nor, kter\u00fd se tradi\u010dn\u011b neschov\u00e1v\u00e1 za diplomatick\u00e1 vyj\u00e1d\u0159en\u00ed. \u201eZ\u00e1vodil jsem proti band\u011b zbab\u011blc\u016f,\u201c zkritizoval sv\u00e9 soupe\u0159e.<\/p>\n<p><a data-dot=\"atm-link\" target=\"_self\" href=\"https:\/\/www.sport.cz\/clanek\/atletika-uderi-kdyz-to-necekame-hvezdny-kouc-o-zivotnim-roce-manuel-i-novem-ceskem-supertalentu-5527175\" class=\"b_V g_ig\" rel=\"nofollow noopener\"><img fetchpriority=\"high\" height=\"1200\" width=\"1600\" src=\"https:\/\/www.europesays.com\/cz\/wp-content\/uploads\/2026\/09\/1788600610_914_lurdes-manuel-meuwly.jpeg\" loading=\"eager\" decoding=\"sync\" class=\"b_B b_z\"\/><\/a><\/p>\n<p class=\"b_bA\">Ingebrigtsen byl po odstoupen\u00ed vodi\u010d\u016f v\u00a0\u010dele, v\u00a0c\u00edlov\u00e9 rovince u\u017e nesta\u010dil na v\u00edt\u011bzn\u00e9ho Australana Camerona Myerse, Ke\u0148ana Phanuela Kipkosgeie Koeche a\u00a0Ameri\u010dana Ethana Stranda. Nepomohl mu ani odv\u00e1\u017en\u00fd skok do c\u00edle.<\/p>\n<p class=\"b_bA\">\u201eJedin\u00fd, kdo cht\u011bl z\u00e1vodit, byl Cameron. V\u0161ichni jsme vypadali jako lose\u0159i, v\u010detn\u011b m\u011b,\u201c vadila mu defenzivn\u00ed taktika jeho soupe\u0159\u016f. Nejv\u00edc to schytal olympijsk\u00fd \u0161ampion z\u00a0Pa\u0159\u00ed\u017ee Cole Hocker, jen\u017e dob\u011bhl sedm\u00fd.<\/p>\n<p class=\"b_bA\">\u201eNechal vodi\u010de vym\u011bnit za sv\u00e9ho t\u00fdmov\u00e9ho kolegu. V\u0161ichni jsme \u010dekali, \u017ee tedy pob\u011b\u017e\u00ed za n\u00edm, ale\u00a0jen se schov\u00e1val. Oklamal n\u00e1s. Asi byl zran\u011bn\u00fd, nebo nem\u011bl sv\u016fj den, ale od t\u00e9to chv\u00edle u\u017e nem\u00e1 na patn\u00e1ctistovce pozici, aby mohl cokoli m\u011bnit nebo o\u00a0\u010demkoli rozhodovat,\u201c zostra se pustil do Ameri\u010dana Hockera. Z\u00e1vod rozb\u00edhal jeho krajan Christian Jackson, za n\u011bj\u017e se za\u0159adil pr\u00e1v\u011b Ingebrigtsen.<\/p>\n<p class=\"b_bA\">\u0160anci na odvetu bude m\u00edt p\u0159\u00ed\u0161t\u00ed t\u00fdden p\u0159i Ultimate Championships v\u00a0Budape\u0161ti, kam Ingebrigtsen rovn\u011b\u017e dostal divokou kartu.<\/p>\n<p><a data-dot=\"atm-link\" target=\"_self\" href=\"https:\/\/www.sport.cz\/clanek\/atletika-cesky-rekordman-meni-disciplinu-i-trenera-nebude-to-lehke-ale-mam-novy-cil-rika-5527570\" class=\"b_V g_ig\" rel=\"nofollow noopener\"><img height=\"2731\" width=\"3641\" src=\"https:\/\/www.europesays.com\/cz\/wp-content\/uploads\/2026\/09\/1788600611_411_8d3b.jpeg\" loading=\"eager\" decoding=\"sync\" class=\"b_B b_z\"\/><\/a><\/p>\n","protected":false},"excerpt":{"rendered":"Kdy\u017e p\u011btadvacetilet\u00fd Ingebrigtsen z\u00e1vodil poprv\u00e9 po t\u00e9m\u011b\u0159 ro\u010dn\u00ed pauze a\u00a0operaci achilovky na mistrovstv\u00ed Evropy v\u00a0Birminghamu, hned se radoval&hellip;\n","protected":false},"author":2,"featured_media":203537,"comment_status":"","ping_status":"","sticky":false,"template":"","format":"standard","meta":{"footnotes":"","_share_on_mastodon":"0"},"categories":[15],"tags":[3503,28708,94,93],"class_list":["post-203536","post","type-post","status-publish","format-standard","has-post-thumbnail","category-sport","tag-atletika","tag-diamantova-liga","tag-sport","tag-sports"],"share_on_mastodon":{"url":"https:\/\/pubeurope.com\/@cz\/117217737350277335","error":""},"_links":{"self":[{"href":"https:\/\/www.europesays.com\/cz\/wp-json\/wp\/v2\/posts\/203536","targetHints":{"allow":["GET"]}}],"collection":[{"href":"https:\/\/www.europesays.com\/cz\/wp-json\/wp\/v2\/posts"}],"about":[{"href":"https:\/\/www.europesays.com\/cz\/wp-json\/wp\/v2\/types\/post"}],"author":[{"embeddable":true,"href":"https:\/\/www.europesays.com\/cz\/wp-json\/wp\/v2\/users\/2"}],"replies":[{"embeddable":true,"href":"https:\/\/www.europesays.com\/cz\/wp-json\/wp\/v2\/comments?post=203536"}],"version-history":[{"count":0,"href":"https:\/\/www.europesays.com\/cz\/wp-json\/wp\/v2\/posts\/203536\/revisions"}],"wp:featuredmedia":[{"embeddable":true,"href":"https:\/\/www.europesays.com\/cz\/wp-json\/wp\/v2\/media\/203537"}],"wp:attachment":[{"href":"https:\/\/www.europesays.com\/cz\/wp-json\/wp\/v2\/media?parent=203536"}],"wp:term":[{"taxonomy":"category","embeddable":true,"href":"https:\/\/www.europesays.com\/cz\/wp-json\/wp\/v2\/categories?post=203536"},{"taxonomy":"post_tag","embeddable":true,"href":"https:\/\/www.europesays.com\/cz\/wp-json\/wp\/v2\/tags?post=203536"}],"curies":[{"name":"wp","href":"https:\/\/api.w.org\/{rel}","templated":true}]}}