{"id":203577,"date":"2026-09-05T10:00:10","date_gmt":"2026-09-05T10:00:10","guid":{"rendered":"https:\/\/www.europesays.com\/cz\/203577\/"},"modified":"2026-09-05T10:00:10","modified_gmt":"2026-09-05T10:00:10","slug":"garmin-udelal-neco-co-roky-odmital-2026-dotkne-se-to-i-cechu-nemusite-uz-menit-hodinky","status":"publish","type":"post","link":"https:\/\/www.europesays.com\/cz\/203577\/","title":{"rendered":"Garmin ud\u011blal n\u011bco, co roky odm\u00edtal (2026). Dotkne se to i \u010cech\u016f, nemus\u00edte u\u017e m\u011bnit hodinky"},"content":{"rendered":"<p class=\"pref-src__title\">Z\u00edskejte zdarma na\u0161e \u010dl\u00e1nky jako prvn\u00ed<\/p>\n<p>Garmin p\u0159edstavil na konci srpna hodinky <a data-trixam-positionid=\"194015\" target=\"_blank\" rel=\"nofollow noopener\" class=\"heureka-hn-link affilink affilink-primary gtm-in_text\" href=\"https:\/\/chytre-hodinky.heureka.cz\/garmin-fenix-9-47-mm-amoled-carbon-dlc-black-010-04762-11\/#prehled\/\">F\u00e9nix 9<\/a>. Samy o\u00a0sob\u011b jsou zaj\u00edmav\u00e9, by\u0165 velk\u00fdch inovac\u00ed nep\u0159inesly mnoho. Z\u00e1rove\u0148 s\u00a0touto premi\u00e9rou ale vy\u0161lo najevo, \u017ee Garmin v\u00fdrazn\u011b zm\u011bnil p\u0159\u00edstup k\u00a0softwaru. Velkou \u010d\u00e1st funkc\u00ed p\u0159ipraven\u00fdch pro novou generaci toti\u017e pl\u00e1nuje v\u00fdrobce zp\u0159\u00edstupnit tak\u00e9 majitel\u016fm star\u0161\u00edch model\u016f. U\u00a0F\u00e9nixu 8\u00a0m\u00e1 j\u00edt prakticky o\u00a0cel\u00fd bal\u00edk novinek, kter\u00fd nen\u00ed z\u00e1visl\u00fd na nov\u00e9m hardwaru.<\/p>\n<p>Hranice mezi generacemi<\/p>\n<p>Garmin u\u017e v\u00a0minulosti jednotliv\u00e9 funkce na star\u0161\u00ed za\u0159\u00edzen\u00ed p\u0159en\u00e1\u0161el. U\u00a0\u0159ady F\u00e9nix v\u0161ak nov\u00e1 generace obvykle znamenala pom\u011brn\u011b ostr\u00fd p\u0159ed\u011bl v\u00a0softwarov\u00e9 v\u00fdbav\u011b. F\u00e9nix 7 nap\u0159\u00edklad nedostal v\u011bt\u0161inu hlavn\u00edch softwarov\u00fdch funkc\u00ed p\u0159edstaven\u00fdch s\u00a0F\u00e9nixem 8.<\/p>\n<p>Tentokr\u00e1t m\u00e1 b\u00fdt rozsah v\u00fdrazn\u011b v\u011bt\u0161\u00ed. Prakticky kompletn\u00ed softwarovou v\u00fdbavu maj\u00ed podle sou\u010dasn\u00fdch informac\u00ed z\u00edskat F\u00e9nix 8, Enduro 3, tactix 8\u00a0a\u00a0Forerunner 970. F\u00e9nix E, Forerunner 570 nebo Venu X1 dostanou funkce odpov\u00eddaj\u00edc\u00ed sv\u00fdm sou\u010dasn\u00fdm hardwarov\u00fdm schopnostem. Naopak star\u0161\u00ed modely F\u00e9nix 7, Forerunner 965 ani Instinct 3\u00a0u\u017e do t\u00e9to skupiny nespadaj\u00ed.<\/p>\n<p>Zm\u011bnu umo\u017e\u0148uje p\u0159edev\u0161\u00edm sjednocov\u00e1n\u00ed softwarov\u00e9ho z\u00e1kladu. Garmin b\u011bhem posledn\u00edch dvou let p\u0159evedl n\u011bkolik nov\u011bj\u0161\u00edch produktov\u00fdch \u0159ad na spole\u010dnou syst\u00e9movou platformu. Stejn\u00e9 funkce tak nemus\u00ed vznikat odd\u011blen\u011b pro n\u011bkolik v\u00fdrazn\u011b odli\u0161n\u00fdch v\u011btv\u00ed firmwaru. To byla doposud slabina Garminu, o\u00a0kter\u00e9 se p\u0159\u00edli\u0161 nemluvilo, ale kter\u00e1 st\u00e1la za mnoha nelogi\u010dnostmi v\u00a0syst\u00e9mech.<\/p>\n<p>            Garmin F\u00e9nix 9\u00a047 mm<\/p>\n<p>                        Klady<\/p>\n<p>                            Jasn\u011bj\u0161\u00ed AMOLED displejRychlej\u0161\u00ed pr\u00e1ce mapPoveden\u011bj\u0161\u00ed perspektivn\u00ed mapyTen\u010d\u00ed titanov\u00e9 t\u011bloV\u011bt\u0161\u00ed \u00falo\u017ei\u0161t\u011b                        <\/p>\n<p>                        Z\u00e1pory<\/p>\n<p>                            Velmi vysok\u00e1 cenaMal\u00fd genera\u010dn\u00ed posunNejist\u00e1 v\u00fddr\u017e 43\u00a0mmPlacen\u00e9 funkce inReach                        <\/p>\n<p>\n                        25\u00a0990\u00a0K\u010d<br \/>\n                        Orienta\u010dn\u00ed cena\n                    <\/p>\n<p>Novinky pro star\u0161\u00ed<\/p>\n<p>Asi nejviditeln\u011bj\u0161\u00ed funkc\u00ed, kter\u00e1 zam\u00ed\u0159\u00ed na star\u0161\u00ed modely, je Garmin Epic. Ten spoj\u00ed aktivity zaznamenan\u00e9 b\u011bhem n\u011bkolika dn\u016f, t\u00fddn\u016f \u010di m\u011bs\u00edc\u016f do jednoho celku v\u00a0Garmin Connect. U\u017eivatel m\u016f\u017ee p\u0159idat fotografie a\u00a0v\u00fdsledek n\u00e1sledn\u011b sd\u00edlet. Vznikne t\u00edm hezk\u00fd sportovn\u00ed p\u0159\u00edb\u011bh obsahuj\u00edc\u00ed klidn\u011b v\u00edce r\u016fzn\u00fdch druh\u016f sport\u016f a\u00a0aktivit. Garmin t\u00edm z\u00e1rove\u0148 posouv\u00e1 Connect sm\u011brem k\u00a0\u0161ir\u0161\u00ed platform\u011b pro zaznamen\u00e1v\u00e1n\u00ed z\u00e1\u017eitk\u016f v\u00a0podob\u011b jednodu\u0161\u0161\u00ed soci\u00e1ln\u00ed s\u00edt\u011b.<\/p>\n<p><img loading=\"lazy\" decoding=\"async\" aria-describedby=\"caption-attachment-392909\" class=\"size-full wp-image-392909\" src=\"https:\/\/www.europesays.com\/cz\/wp-content\/uploads\/2026\/09\/87563-3-D-1.webp\" alt=\"\" width=\"2000\" height=\"1500\" data-img_source=\"Ofici\u00e1ln\u00ed materi\u00e1ly distributora\"  \/>Foto: Ofici\u00e1ln\u00ed materi\u00e1ly distributora<\/p>\n<p id=\"caption-attachment-392909\" class=\"wp-caption-text\">Funkce Garmin Epic spojuj\u00edc\u00ed v\u00edce aktivit do jednoho p\u0159\u00edb\u011bhu.<\/p>\n<p>Pro sportovce budou podstatn\u011bj\u0161\u00ed zm\u011bny kolem Staminy. Garmin pl\u00e1nuje p\u0159idat Stamina Zones, Endurance Time a\u00a0dlouhodob\u00e9 sledov\u00e1n\u00ed v\u00fdvoje. P\u0159ibudou tak\u00e9 nov\u00e9 k\u0159ivky pro b\u011bh a\u00a0cyklistiku. Roz\u0161\u00ed\u0159en\u00ed \u010dek\u00e1 veslov\u00e1n\u00ed na trena\u017eeru a\u00a0ch\u016fze se z\u00e1t\u011b\u017e\u00ed. U\u00a0veslov\u00e1n\u00ed jde o\u00a0dal\u0161\u00ed v\u00fdkonnostn\u00ed metriky a\u00a0ch\u016fze dostane p\u0159esn\u011bj\u0161\u00ed pr\u00e1ci s\u00a0energetick\u00fdm v\u00fddejem a\u00a0umo\u017en\u00ed m\u011bnit hmotnost z\u00e1t\u011b\u017ee b\u011bhem aktivity. Sou\u010d\u00e1st\u00ed m\u00e1 b\u00fdt tak\u00e9 kalkul\u00e1tor c\u00edle podle zvolen\u00e9 z\u00e1t\u011b\u017ee.<\/p>\n<p>Exkluzivn\u011b pro F\u00e9nix 9<\/p>\n<p><a data-trixam-positionid=\"194015\" target=\"_blank\" rel=\"nofollow noopener\" class=\"heureka-hn-link affilink affilink-primary gtm-in_text\" href=\"https:\/\/chytre-hodinky.heureka.cz\/garmin-fenix-9-47-mm-amoled-carbon-dlc-black-010-04762-11\/#prehled\/\">F\u00e9nix 9<\/a> si p\u0159esto zachov\u00e1 n\u011bkolik funkc\u00ed, kter\u00e9 star\u0161\u00ed generace nez\u00edsk\u00e1. Nov\u00fd mapov\u00fd engine vyu\u017e\u00edv\u00e1 v\u011bt\u0161\u00ed opera\u010dn\u00ed pam\u011b\u0165 a\u00a064GB \u00falo\u017ei\u0161t\u011b. Garmin uv\u00e1d\u00ed a\u017e o\u00a030\u00a0%\u00a0rychlej\u0161\u00ed posouv\u00e1n\u00ed map, co\u017e ukazuj\u00ed i\u00a0prvn\u00ed u\u017eivatelsk\u00e9 testy. Nap\u0159\u00edklad efektn\u00ed perspektivn\u00ed zobrazen\u00ed mapy proto z\u016fstane spojen\u00e9 s\u00a0dev\u00e1tou generac\u00ed. Stejn\u011b tak se zp\u011btn\u011b nep\u0159enese aktivita ArcheryX, kter\u00e1 umo\u017e\u0148uje lukost\u0159elc\u016fm p\u0159esnou anal\u00fdzu v\u00fdst\u0159elu a\u00a0n\u00e1vrhy pro zlep\u0161en\u00ed.<\/p>\n<p>Video: Which New Fenix 9 Features Go to Previous Watches?!?, DC Rainmaker, YouTube<\/p>\n<p>Hardware tak sice z\u016fst\u00e1v\u00e1 argumentem pro p\u0159echod z\u00a0p\u0159edchoz\u00ed generace, je ale v\u00fdrazn\u011b men\u0161\u00ed ne\u017e v\u00a0p\u0159edchoz\u00edch letech. U\u017eivatel\u00e9 star\u0161\u00ed generace i\u00a0bez n\u00e1kupu nov\u00fdch hodinek z\u00edskaj\u00ed Epic, nov\u00e9 funkce Staminy i\u00a0roz\u0161\u00ed\u0159en\u00e9 sportovn\u00ed profily. <a data-trixam-positionid=\"194015\" target=\"_blank\" rel=\"nofollow noopener\" class=\"heureka-hn-link affilink affilink-primary gtm-in_text\" href=\"https:\/\/chytre-hodinky.heureka.cz\/garmin-fenix-9-47-mm-amoled-carbon-dlc-black-010-04762-11\/#prehled\/\">F\u00e9nixu 9<\/a> tak z\u016fstanou zm\u00edn\u011bn\u00e9 rychlej\u0161\u00ed mapy, v\u011bt\u0161\u00ed \u00falo\u017ei\u0161t\u011b a\u00a0dal\u0161\u00ed konstruk\u010dn\u00ed zm\u011bny dle zvolen\u00e9 varianty.<\/p>\n<p>Garmin zat\u00edm neozn\u00e1mil p\u0159esn\u00fd term\u00edn aktualizac\u00ed pro star\u0161\u00ed modely. Stejn\u011b tak nen\u00ed jasn\u00e9, zda se nov\u011b nastaven\u00e1 politika bude t\u00fdkat i\u00a0dal\u0161\u00edch \u0159ad.<\/p>\n<p>Zdroj: Autorsk\u00e1 tvorba redaktora Arecenze, https:\/\/www.garmin.com\/cs-CZ\/blog\/productsreviews\/fenix-9-sportujte-naplno\/, https:\/\/www.dcrainmaker.com\/2026\/08\/garmin-fenix9-software-feature-overview.html, https:\/\/the5krunner.com\/2026\/08\/26\/fenix-9-features-will-pass-to-existing-garmin-watches\/<\/p>\n<p class=\"pref-src__title\">Z\u00edskejte zdarma na\u0161e \u010dl\u00e1nky jako prvn\u00ed<\/p>\n","protected":false},"excerpt":{"rendered":"Z\u00edskejte zdarma na\u0161e \u010dl\u00e1nky jako prvn\u00ed Garmin p\u0159edstavil na konci srpna hodinky F\u00e9nix 9. Samy o\u00a0sob\u011b jsou zaj\u00edmav\u00e9,&hellip;\n","protected":false},"author":2,"featured_media":203578,"comment_status":"","ping_status":"","sticky":false,"template":"","format":"standard","meta":{"footnotes":"","_share_on_mastodon":"0"},"categories":[13],"tags":[74,73,78,75,77,76],"class_list":["post-203577","post","type-post","status-publish","format-standard","has-post-thumbnail","category-veda-a-technika","tag-science","tag-science-technology","tag-technika","tag-technology","tag-veda","tag-veda-a-technika"],"share_on_mastodon":{"url":"https:\/\/pubeurope.com\/@cz\/117217855535689216","error":""},"_links":{"self":[{"href":"https:\/\/www.europesays.com\/cz\/wp-json\/wp\/v2\/posts\/203577","targetHints":{"allow":["GET"]}}],"collection":[{"href":"https:\/\/www.europesays.com\/cz\/wp-json\/wp\/v2\/posts"}],"about":[{"href":"https:\/\/www.europesays.com\/cz\/wp-json\/wp\/v2\/types\/post"}],"author":[{"embeddable":true,"href":"https:\/\/www.europesays.com\/cz\/wp-json\/wp\/v2\/users\/2"}],"replies":[{"embeddable":true,"href":"https:\/\/www.europesays.com\/cz\/wp-json\/wp\/v2\/comments?post=203577"}],"version-history":[{"count":0,"href":"https:\/\/www.europesays.com\/cz\/wp-json\/wp\/v2\/posts\/203577\/revisions"}],"wp:featuredmedia":[{"embeddable":true,"href":"https:\/\/www.europesays.com\/cz\/wp-json\/wp\/v2\/media\/203578"}],"wp:attachment":[{"href":"https:\/\/www.europesays.com\/cz\/wp-json\/wp\/v2\/media?parent=203577"}],"wp:term":[{"taxonomy":"category","embeddable":true,"href":"https:\/\/www.europesays.com\/cz\/wp-json\/wp\/v2\/categories?post=203577"},{"taxonomy":"post_tag","embeddable":true,"href":"https:\/\/www.europesays.com\/cz\/wp-json\/wp\/v2\/tags?post=203577"}],"curies":[{"name":"wp","href":"https:\/\/api.w.org\/{rel}","templated":true}]}}