{"id":203585,"date":"2026-09-05T10:09:10","date_gmt":"2026-09-05T10:09:10","guid":{"rendered":"https:\/\/www.europesays.com\/cz\/203585\/"},"modified":"2026-09-05T10:09:10","modified_gmt":"2026-09-05T10:09:10","slug":"vypnete-samsung-animace-telefon-vam-okamzite-ozije","status":"publish","type":"post","link":"https:\/\/www.europesays.com\/cz\/203585\/","title":{"rendered":"Vypn\u011bte Samsung animace. Telefon v\u00e1m okam\u017eit\u011b o\u017eije"},"content":{"rendered":"<p>Koupili jste si nov\u00fd smartphone nebo pou\u017e\u00edv\u00e1te p\u00e1r let star\u00fd model a m\u00e1te pocit, \u017ee by mohl reagovat o n\u011bco svi\u017en\u011bji? Modern\u00ed telefony disponuj\u00ed obrovsk\u00fdm v\u00fdpo\u010detn\u00edm v\u00fdkonem, p\u0159esto se ob\u010das reakce syst\u00e9mu mohou zd\u00e1t pomalej\u0161\u00ed, ne\u017e by m\u011bly b\u00fdt. Zd\u00e1lo se to i mn\u011b na m\u00e9m Galaxy S24 FE, a tak jsem hledal, jak bych mohl jeho reakce alespo\u0148 o trochu zrychlit. Nakonec se mi poda\u0159ilo naj\u00edt dv\u011b nastaven\u00ed, kter\u00e9 syst\u00e9m z\u00e1m\u011brn\u011b zpo\u017e\u010fuj\u00ed, aby v\u0161e p\u016fsobilo plynule a esteticky.<\/p>\n<p>Jako dlouholet\u00fd u\u017eivatel telefon\u016f Galaxy jsem si zvykl na to, \u017ee nadstavba One UI s\u00e1z\u00ed na oku lahod\u00edc\u00ed plynul\u00e9 p\u0159echody. Kdy\u017e klepnete na aplikaci, okno se elegantn\u011b rozbal\u00ed. Kdy\u017e nap\u00ed\u0161ete p\u00edsmeno na kl\u00e1vesnici, telefon v\u00e1m do prstu po\u0161le drobnou vibraci. Samsung a jin\u00ed v\u00fdrobci se t\u00edm sna\u017e\u00ed simulovat pocit fyzick\u00e9ho za\u0159\u00edzen\u00ed. To je sice hezk\u00e9, ale j\u00e1 up\u0159ednost\u0148uji pokud mo\u017eno co nejrychlej\u0161\u00ed reakci syst\u00e9mu a tyto \u201ekudrlinky\u201c m\u011b jen zdr\u017euj\u00ed.<\/p>\n<p>Jak\u00e1 nastaven\u00ed jsem konkr\u00e9tn\u011b zm\u011bnil?<\/p>\n<p>Pokud chcete, aby v\u00e1\u0161 Samsung reagoval opravdu okam\u017eit\u011b, sta\u010d\u00ed vypnout nastaven\u00ed animac\u00ed a haptick\u00e9 odezvy (vibrac\u00ed). Postup je n\u00e1sleduj\u00edc\u00ed:<\/p>\n<p>Jd\u011bte do Nastaven\u00ed.<br \/>\nKlepn\u011bte na nab\u00eddku Usnadn\u011bn\u00ed.<br \/>\nKlepn\u011bte na mo\u017enost Zlep\u0161en\u00ed zraku.<br \/>\nZapn\u011bte p\u0159ep\u00edna\u010d Redukce animac\u00ed.<br \/>\nP\u0159ejd\u011bte do Nastaven\u00ed\u2192Zvuky a vibrace.<br \/>\nKlepn\u011bte na mo\u017enost Vibrace syst\u00e9mu.<br \/>\nVypn\u011bte vibrace pro Dotykov\u00e9 interakce, Kl\u00e1vesnici Samsung, Nab\u00edjen\u00ed a Naviga\u010dn\u00ed gesta. <\/p>\n<p>Prvn\u00ed hodinu se v\u00e1m telefon m\u016f\u017ee zd\u00e1t pon\u011bkud \u201etvrd\u00fd\u201c \u010di stroh\u00fd, proto\u017ee zmiz\u00ed ve\u0161ker\u00e9 grafick\u00e9 a haptick\u00e9 efekty, na kter\u00e9 jste byli l\u00e9ta zvykl\u00ed. Jakmile si v\u0161ak na okam\u017eit\u00e9 reakce zvyknete, n\u00e1vrat k p\u016fvodn\u00edmu nastaven\u00ed nebude p\u0159ipadat v \u00favahu. To je tedy alespo\u0148 m\u00e1 zku\u0161enost.<\/p>\n","protected":false},"excerpt":{"rendered":"Koupili jste si nov\u00fd smartphone nebo pou\u017e\u00edv\u00e1te p\u00e1r let star\u00fd model a m\u00e1te pocit, \u017ee by mohl reagovat&hellip;\n","protected":false},"author":2,"featured_media":203586,"comment_status":"","ping_status":"","sticky":false,"template":"","format":"standard","meta":{"footnotes":"","_share_on_mastodon":"0"},"categories":[13],"tags":[74,73,78,75,77,76],"class_list":["post-203585","post","type-post","status-publish","format-standard","has-post-thumbnail","category-veda-a-technika","tag-science","tag-science-technology","tag-technika","tag-technology","tag-veda","tag-veda-a-technika"],"share_on_mastodon":{"url":"https:\/\/pubeurope.com\/@cz\/117217890535232791","error":""},"_links":{"self":[{"href":"https:\/\/www.europesays.com\/cz\/wp-json\/wp\/v2\/posts\/203585","targetHints":{"allow":["GET"]}}],"collection":[{"href":"https:\/\/www.europesays.com\/cz\/wp-json\/wp\/v2\/posts"}],"about":[{"href":"https:\/\/www.europesays.com\/cz\/wp-json\/wp\/v2\/types\/post"}],"author":[{"embeddable":true,"href":"https:\/\/www.europesays.com\/cz\/wp-json\/wp\/v2\/users\/2"}],"replies":[{"embeddable":true,"href":"https:\/\/www.europesays.com\/cz\/wp-json\/wp\/v2\/comments?post=203585"}],"version-history":[{"count":0,"href":"https:\/\/www.europesays.com\/cz\/wp-json\/wp\/v2\/posts\/203585\/revisions"}],"wp:featuredmedia":[{"embeddable":true,"href":"https:\/\/www.europesays.com\/cz\/wp-json\/wp\/v2\/media\/203586"}],"wp:attachment":[{"href":"https:\/\/www.europesays.com\/cz\/wp-json\/wp\/v2\/media?parent=203585"}],"wp:term":[{"taxonomy":"category","embeddable":true,"href":"https:\/\/www.europesays.com\/cz\/wp-json\/wp\/v2\/categories?post=203585"},{"taxonomy":"post_tag","embeddable":true,"href":"https:\/\/www.europesays.com\/cz\/wp-json\/wp\/v2\/tags?post=203585"}],"curies":[{"name":"wp","href":"https:\/\/api.w.org\/{rel}","templated":true}]}}