{"id":203604,"date":"2026-09-05T10:39:24","date_gmt":"2026-09-05T10:39:24","guid":{"rendered":"https:\/\/www.europesays.com\/cz\/203604\/"},"modified":"2026-09-05T10:39:24","modified_gmt":"2026-09-05T10:39:24","slug":"mystifikace-napalila-macinku-a-ztrapnila-jeho-ochranku-pise-afp","status":"publish","type":"post","link":"https:\/\/www.europesays.com\/cz\/203604\/","title":{"rendered":"Mystifikace nap\u00e1lila Macinku a ztrapnila jeho ochranku, p\u00ed\u0161e AFP"},"content":{"rendered":"<p>&#13;<br \/>\n  Komer\u010dn\u00ed prezentace Aktual.: 4.09.2026 15:34&#13;<br \/>\n  Vyd\u00e1no: 4.09.2026, 15:34&#13;\n<\/p>\n<p class=\"big\" itemprop=\"description\">    Pa\u0159\u00ed\u017e\/Praha &#8211; Francouzsk\u00e1 agentura AFP si v\u0161imla \u010dinu skupiny aktivist\u016f, kte\u0159\u00ed pod fale\u0161nou identitou nato\u010dili rozhovor s ministrem zahrani\u010d\u00ed Petrem Macinkou (Motorist\u00e9), \u010d\u00edm\u017e podle sv\u00e9ho vyj\u00e1d\u0159en\u00ed upozornili na jeho podce\u0148ov\u00e1n\u00ed vlastn\u00ed ochrany. Macinka (Motorist\u00e9) se podle AFP nechal nap\u00e1lit a jeho ochranka ztrapnit.<\/p>\n<p>&#8222;\u010cesk\u00fd ministr zahrani\u010d\u00ed Petr Macinka je pod palbou kritiky pot\u00e9, co se nechal nap\u00e1lit fale\u0161n\u00fdm novin\u00e1\u0159em b\u011bhem zinscenovan\u00e9ho rozhovoru v m\u00edstnosti, kde aktivist\u00e9 ukryli repliky zbran\u00ed a maketu bomby,&#8220; uv\u00e1d\u00ed AFP.<\/p>\n<p>Macinka 21. srpna poskytl rozhovor aktivistick\u00e9 skupin\u011b Detektivn\u00ed parta, kter\u00e1 se p\u0159ed ministrem vyd\u00e1vala za publicistu vystupuj\u00edc\u00edho pod pseudonymem Thomas Paukner maskovan\u00e9ho kuklou. Aktivist\u00e9 ve \u010dtvrtek <a href=\"https:\/\/detektivniparta.cz\/petr-macinka\/tiskova-zprava\/\" rel=\"nofollow noopener\" target=\"_blank\">zve\u0159ejnili<\/a> zpr\u00e1vu a z\u00e1znam z akce, b\u011bhem n\u00ed\u017e podle nich ministr podcenil bezpe\u010dnostn\u00ed opat\u0159en\u00ed jako chr\u00e1n\u011bn\u00e1 osoba a jeho ochranka \u00fadajn\u011b ve studiu nepost\u0159ehla makety zbran\u00ed \u010di v\u00fdbu\u0161nin. Macinka opakovan\u011b uvedl, \u017ee o podvrhu v\u011bd\u011bl.<\/p>\n<p>&#8222;Videoz\u00e1znamy zve\u0159ejn\u011bn\u00e9 skupinou v\u0161ak nazna\u010duj\u00ed opak,&#8220; uvedla francouzsk\u00e1 agentura.<\/p>\n<p>Ministr na rozhovor dorazil v doprovodu jednoho \u010dlena ochrann\u00e9 slu\u017eby, kter\u00e9ho podle aktivist\u016f po n\u011bkolika vte\u0159in\u00e1ch poslal pry\u010d. P\u0159ed Macinkov\u00fdm p\u0159\u00edchodem do studia se neuskute\u010dnila ani prohl\u00eddka prostor. Ministr uvedl, \u017ee zp\u016fsob, jak\u00fdm se rozhovor odehr\u00e1l, bere na sebe.<\/p>\n<p>Policejn\u00ed ochrann\u00e1 slu\u017eba se nicm\u00e9n\u011b podle m\u00e9di\u00ed v\u011bc\u00ed zab\u00fdv\u00e1.<\/p>\n<p>Detektivn\u00ed parta je internetov\u00fd projekt, kter\u00fd v ter\u00e9nu nat\u00e1\u010d\u00ed videa zam\u011b\u0159en\u00e1 na odhalov\u00e1n\u00ed dezinform\u00e1tor\u016f, boj proti t\u00fdr\u00e1n\u00ed zv\u00ed\u0159at a lov online d\u011btsk\u00fdch pred\u00e1tor\u016f. P\u0159edsedou spolku je kontroverzn\u00ed podnikatel a youtuber Mike Onagesjan, kter\u00fd byl n\u011bkolikr\u00e1t trestn\u011b st\u00edh\u00e1n.<\/p>\n<p class=\"tags\">&#13;<br \/>\n<a href=\"https:\/\/www.ceskenoviny.cz\/tema\/francie\/17\" class=\"tag blue\" itemprop=\"about\" rel=\"tag nofollow noopener\" target=\"_blank\">Francie<\/a>&#13;<br \/>\n&#13;<br \/>\n&#13;<br \/>\n&#13;<br \/>\n<a href=\"https:\/\/www.ceskenoviny.cz\/tema\/cr\/1\" class=\"tag blue\" itemprop=\"about\" rel=\"tag nofollow noopener\" target=\"_blank\">\u010cR<\/a>&#13;<br \/>\n&#13;<br \/>\n&#13;<br \/>\n&#13;<br \/>\n<a href=\"https:\/\/www.ceskenoviny.cz\/tema\/media\/442\" class=\"tag blue\" itemprop=\"about\" rel=\"tag nofollow noopener\" target=\"_blank\">m\u00e9dia<\/a>&#13;<br \/>\n&#13;<br \/>\n&#13;<br \/>\n&#13;<br \/>\n<a href=\"https:\/\/www.ceskenoviny.cz\/tema\/diplomacie\/304\" class=\"tag blue\" itemprop=\"about\" rel=\"tag nofollow noopener\" target=\"_blank\">diplomacie<\/a>&#13;<br \/>\n&#13;<br \/>\n&#13;<br \/>\n&#13;<br \/>\n<a href=\"https:\/\/www.ceskenoviny.cz\/tema\/macinka\/95817\" class=\"tag blue\" itemprop=\"about\" rel=\"tag nofollow noopener\" target=\"_blank\">Macinka<\/a>&#13;<br \/>\n&#13;<br \/>\n&#13;<br \/>\n&#13;<br \/>\n &#13;<\/p>\n","protected":false},"excerpt":{"rendered":"&#13; Komer\u010dn\u00ed prezentace Aktual.: 4.09.2026 15:34&#13; Vyd\u00e1no: 4.09.2026, 15:34&#13; Pa\u0159\u00ed\u017e\/Praha &#8211; Francouzsk\u00e1 agentura AFP si v\u0161imla \u010dinu skupiny&hellip;\n","protected":false},"author":2,"featured_media":203605,"comment_status":"","ping_status":"","sticky":false,"template":"","format":"standard","meta":{"footnotes":"","_share_on_mastodon":"0"},"categories":[7],"tags":[43,302,42,304,305,298,303,41,40,752,378,2709,1263],"class_list":["post-203604","post","type-post","status-publish","format-standard","has-post-thumbnail","category-cesko","tag-ceska-republika","tag-ceskenoviny-cz","tag-cesko","tag-cn","tag-cn-cz","tag-cr","tag-ctk","tag-czech-republic","tag-czechia","tag-diplomacie","tag-francie","tag-macinka","tag-media"],"share_on_mastodon":{"url":"https:\/\/pubeurope.com\/@cz\/117218008548902000","error":""},"_links":{"self":[{"href":"https:\/\/www.europesays.com\/cz\/wp-json\/wp\/v2\/posts\/203604","targetHints":{"allow":["GET"]}}],"collection":[{"href":"https:\/\/www.europesays.com\/cz\/wp-json\/wp\/v2\/posts"}],"about":[{"href":"https:\/\/www.europesays.com\/cz\/wp-json\/wp\/v2\/types\/post"}],"author":[{"embeddable":true,"href":"https:\/\/www.europesays.com\/cz\/wp-json\/wp\/v2\/users\/2"}],"replies":[{"embeddable":true,"href":"https:\/\/www.europesays.com\/cz\/wp-json\/wp\/v2\/comments?post=203604"}],"version-history":[{"count":0,"href":"https:\/\/www.europesays.com\/cz\/wp-json\/wp\/v2\/posts\/203604\/revisions"}],"wp:featuredmedia":[{"embeddable":true,"href":"https:\/\/www.europesays.com\/cz\/wp-json\/wp\/v2\/media\/203605"}],"wp:attachment":[{"href":"https:\/\/www.europesays.com\/cz\/wp-json\/wp\/v2\/media?parent=203604"}],"wp:term":[{"taxonomy":"category","embeddable":true,"href":"https:\/\/www.europesays.com\/cz\/wp-json\/wp\/v2\/categories?post=203604"},{"taxonomy":"post_tag","embeddable":true,"href":"https:\/\/www.europesays.com\/cz\/wp-json\/wp\/v2\/tags?post=203604"}],"curies":[{"name":"wp","href":"https:\/\/api.w.org\/{rel}","templated":true}]}}