{"id":203606,"date":"2026-09-05T10:40:13","date_gmt":"2026-09-05T10:40:13","guid":{"rendered":"https:\/\/www.europesays.com\/cz\/203606\/"},"modified":"2026-09-05T10:40:13","modified_gmt":"2026-09-05T10:40:13","slug":"dohra-utkani-s-plzni-crvena-zvezda-belehrad-musi-zaplatit-tucnou-pokutu","status":"publish","type":"post","link":"https:\/\/www.europesays.com\/cz\/203606\/","title":{"rendered":"Dohra utk\u00e1n\u00ed s\u00a0Plzn\u00ed. Crvena zvezda B\u011blehrad mus\u00ed zaplatit tu\u010dnou pokutu"},"content":{"rendered":"<p class=\"b_bA\">N\u011bkdej\u0161\u00ed velitel bosenskosrbsk\u00e9 arm\u00e1dy v\u00a0den odvety 4.\u00a0p\u0159edkola ve v\u011bku 84\u00a0let zem\u0159el ve v\u011bzen\u00ed v\u00a0Haagu, kde si odpyk\u00e1val do\u017eivotn\u00ed trest za genocidu a\u00a0v\u00e1le\u010dn\u00e9 zlo\u010diny, jich\u017e se dopustil b\u011bhem v\u00e1lky v\u00a0Bosn\u011b v\u00a090.\u00a0letech. Nechal toti\u017e na 8\u00a0000\u00a0bosensk\u00fdch mu\u017e\u016f a\u00a0chlapc\u016f odd\u011blit od rodin, un\u00e9st a\u00a0zavra\u017edit.<\/p>\n<p class=\"b_bA\">P\u0159\u00edznivci Crven\u00e9 zvezdy pot\u00e9 ve \u0160truncov\u00fdch sadech skandovali Mladi\u010dovo jm\u00e9no a\u00a0vyv\u011bsili d\u011bkovn\u00fd transparent, na kter\u00e9m st\u00e1lo: \u201eGener\u00e1le, v\u011b\u010dn\u00e1 sl\u00e1va a\u00a0d\u011bkujeme v\u00e1m.\u201c Fotografii sd\u00edlel i\u00a0samotn\u00fd klub na soci\u00e1ln\u00edch s\u00edt\u00edch. UEFA za to klub vedle pokuty potrestala tak\u00e9 z\u00e1kazem prodeje vstupenek na z\u00e1pas v\u00a0Luganu v\u00a0Konferen\u010dn\u00ed lize.<\/p>\n<p class=\"b_bA\">Plze\u0148 Crvenou zvezdu porazila 5:1\u00a0po prodlou\u017een\u00ed a\u00a0i p\u0159es prohru 0:3\u00a0v\u00a0\u00favodn\u00edm utk\u00e1n\u00ed postoupila do hlavn\u00ed f\u00e1ze Evropsk\u00e9 ligy. Pro Viktorii to byl nav\u00edc prvn\u00ed z\u00e1pas pod veden\u00edm nov\u00e9ho tren\u00e9ra Radoslava Kov\u00e1\u010de.<\/p>\n<p><a data-dot=\"atm-link\" target=\"_self\" href=\"https:\/\/www.sport.cz\/clanek\/fotbal-evropska-liga-politicky-skandal-fanousci-cz-belehrad-oslavovali-v-plzni-valecneho-zlocince-5520426\" class=\"b_V g_ig\" rel=\"nofollow noopener\"><img fetchpriority=\"high\" height=\"2730\" width=\"3640\" src=\"https:\/\/www.europesays.com\/cz\/wp-content\/uploads\/2026\/09\/crvena-hvezda-fanousci.jpeg\" loading=\"eager\" decoding=\"sync\" class=\"b_B b_z\"\/><\/a><\/p>\n<p class=\"b_bA\">UEFA tak\u00e9 potrestala z\u00e1lo\u017en\u00edka Matt\u00e9a Guendouziho z\u00a0Fenerbahce, kter\u00fd je jedn\u00edm ze soupe\u0159\u016f Slavie v\u00a0Lize mistr\u016f. Francouzsk\u00fd fotbalista dostal za provokace fanou\u0161k\u016f v\u00a0p\u0159edkole s\u00a0Lyonem dvouz\u00e1pasov\u00fd distanc.<\/p>\n<p class=\"b_bA\">O dal\u0161\u00ed dv\u011b utk\u00e1n\u00ed p\u0159ijde v\u00a0p\u0159\u00edpad\u011b poru\u0161en\u00ed ro\u010dn\u00ed podm\u00ednky. Zme\u0161k\u00e1 proto \u00favodn\u00ed dva z\u00e1pasy s\u00a0AS \u0158\u00edm a\u00a0Aston Villou, proti Slavii, kterou bude istanbulsk\u00fd celek hostit 20.\u00a0\u0159\u00edjna, u\u017e bude moci nastoupit.<\/p>\n<p class=\"b_bA\">Guendouzi dom\u00e1c\u00edm p\u0159\u00edznivc\u016fm ukazoval obsc\u00e9nn\u00ed gesta a\u00a0k\u0159i\u010del \u201eDo toho, Marseille\u201c v\u00a0nar\u00e1\u017ece na sv\u016fj b\u00fdval\u00fd klub a\u00a0velk\u00e9ho rivala Lyonu. Po utk\u00e1n\u00ed se kv\u016fli tomu strhla hromadn\u00e1 rva\u010dka, do kter\u00e9 se zapojil i\u00a0z\u00e1lo\u017en\u00edk francouzsk\u00e9ho celku Pavel \u0160ulc.<\/p>\n<p class=\"b_bA\">UEFA za to krom\u011b z\u00e1pasov\u00e9ho trestu Guendouzimu vym\u011b\u0159ila pokutu 50\u00a0000\u00a0eur (asi 1,2\u00a0milionu korun). Fenerbahce, kter\u00e9 po v\u00fdsledc\u00edch 1:1\u00a0a\u00a02:1\u00a0poprv\u00e9 od roku 2008\u00a0postoupilo do Ligy mistr\u016f, mus\u00ed zaplatit 95\u00a0tis\u00edc eur, Lyon 108\u00a0500.<\/p>\n<p><a data-dot=\"atm-link\" target=\"_self\" href=\"https:\/\/www.sport.cz\/clanek\/fotbal-evropska-liga-2026-2027-predkolo-viktoria-plzen-cz-belehrad-online-5519034\" class=\"b_V g_ig\" rel=\"nofollow noopener\"><img height=\"2728\" width=\"3638\" src=\"https:\/\/www.europesays.com\/cz\/wp-content\/uploads\/2026\/09\/23b7.jpeg\" loading=\"eager\" decoding=\"sync\" class=\"b_B b_z\"\/><\/a><\/p>\n","protected":false},"excerpt":{"rendered":"N\u011bkdej\u0161\u00ed velitel bosenskosrbsk\u00e9 arm\u00e1dy v\u00a0den odvety 4.\u00a0p\u0159edkola ve v\u011bku 84\u00a0let zem\u0159el ve v\u011bzen\u00ed v\u00a0Haagu, kde si odpyk\u00e1val do\u017eivotn\u00ed&hellip;\n","protected":false},"author":2,"featured_media":203607,"comment_status":"","ping_status":"","sticky":false,"template":"","format":"standard","meta":{"footnotes":"","_share_on_mastodon":"0"},"categories":[10],"tags":[327,328,26003,326,17,21,16,18,19,22,20],"class_list":["post-203606","post","type-post","status-publish","format-standard","has-post-thumbnail","category-zpravy","tag-evropska-liga-uefa","tag-fc-viktoria-plzen","tag-fk-crvena-zvezda","tag-fotbal","tag-headlines","tag-hlavni-udalosti","tag-news","tag-top-news","tag-top-stories","tag-udalosti-dne","tag-zpravy"],"share_on_mastodon":{"url":"https:\/\/pubeurope.com\/@cz\/117218012448318789","error":""},"_links":{"self":[{"href":"https:\/\/www.europesays.com\/cz\/wp-json\/wp\/v2\/posts\/203606","targetHints":{"allow":["GET"]}}],"collection":[{"href":"https:\/\/www.europesays.com\/cz\/wp-json\/wp\/v2\/posts"}],"about":[{"href":"https:\/\/www.europesays.com\/cz\/wp-json\/wp\/v2\/types\/post"}],"author":[{"embeddable":true,"href":"https:\/\/www.europesays.com\/cz\/wp-json\/wp\/v2\/users\/2"}],"replies":[{"embeddable":true,"href":"https:\/\/www.europesays.com\/cz\/wp-json\/wp\/v2\/comments?post=203606"}],"version-history":[{"count":0,"href":"https:\/\/www.europesays.com\/cz\/wp-json\/wp\/v2\/posts\/203606\/revisions"}],"wp:featuredmedia":[{"embeddable":true,"href":"https:\/\/www.europesays.com\/cz\/wp-json\/wp\/v2\/media\/203607"}],"wp:attachment":[{"href":"https:\/\/www.europesays.com\/cz\/wp-json\/wp\/v2\/media?parent=203606"}],"wp:term":[{"taxonomy":"category","embeddable":true,"href":"https:\/\/www.europesays.com\/cz\/wp-json\/wp\/v2\/categories?post=203606"},{"taxonomy":"post_tag","embeddable":true,"href":"https:\/\/www.europesays.com\/cz\/wp-json\/wp\/v2\/tags?post=203606"}],"curies":[{"name":"wp","href":"https:\/\/api.w.org\/{rel}","templated":true}]}}