{"id":203620,"date":"2026-09-05T10:57:15","date_gmt":"2026-09-05T10:57:15","guid":{"rendered":"https:\/\/www.europesays.com\/cz\/203620\/"},"modified":"2026-09-05T10:57:15","modified_gmt":"2026-09-05T10:57:15","slug":"betonovy-trojuhelnik-cine-se-podarilo-zastavet-piscite-ostruvky-v-jihocinskem-mori","status":"publish","type":"post","link":"https:\/\/www.europesays.com\/cz\/203620\/","title":{"rendered":"Betonov\u00fd troj\u00faheln\u00edk. \u010c\u00edn\u011b se poda\u0159ilo zastav\u011bt p\u00eds\u010dit\u00e9 ostr\u016fvky v\u00a0Jiho\u010d\u00ednsk\u00e9m mo\u0159i"},"content":{"rendered":"<p class=\"e_bX\">\u010c\u00edna roz\u0161i\u0159uje dva um\u011bl\u00e9 ostrovy v\u00a0Paracelsk\u00e9m souostrov\u00ed v\u00a0Jiho\u010d\u00ednsk\u00e9m mo\u0159i. Jde o\u00a0sporn\u00e9 \u00fazem\u00ed, kter\u00e9 si vedle Pekingu n\u00e1rokuje tak\u00e9 Vietnam. Podle analytik\u016f \u010c\u00edna v\u00a0oblasti buduje militarizovan\u00e1 za\u0159\u00edzen\u00ed, kter\u00e1 by mohla pos\u00edlit jej\u00ed vojenskou p\u0159\u00edtomnost sm\u011brem k\u00a0Vietnamu a\u00a0pod\u00e9l d\u016fle\u017eit\u00fdch n\u00e1mo\u0159n\u00edch tras. Informuje o\u00a0tom web francouzsk\u00e9 rozhlasov\u00e9 stanice <a data-dot=\"atm-link\" target=\"_blank\" rel=\"noopener nofollow\" href=\"https:\/\/www.rfi.fr\/en\/international\/20260904-how-china-s-paracel-expansion-extends-its-military-reach-towards-vietnam-paracel-islands\" class=\"e_n\">RFI<\/a>.<\/p>\n<p class=\"e_bX\">Peking b\u011bhem n\u011bkolika m\u011bs\u00edc\u016f prom\u011bnil dva p\u00edse\u010dn\u00e9 \u00fatvary v\u00a0um\u011bl\u00e9 ostrovy. Stavebn\u00ed pr\u00e1ce za\u010daly v\u00a0prosinci 2025.\u00a0Od t\u00e9 doby na m\u00edst\u011b vznikly mimo jin\u00e9 p\u0159\u00edstav, betonov\u00e1 konstrukce ve tvaru troj\u00faheln\u00edku a\u00a0dlouh\u00fd p\u00e1s pevniny p\u0159ipom\u00ednaj\u00edc\u00ed ranvej.<\/p>\n<p class=\"e_bX\">\u201eZat\u00edm to nem\u016f\u017eeme \u0159\u00edct s\u00a0jistotou, ale v\u0161echny d\u016fkazy nazna\u010duj\u00ed, \u017ee \u010c\u00edna stav\u00ed na Antelope Reef velmi rozs\u00e1hlou vojenskou z\u00e1kladnu,\u201c uvedl Harrison Pr\u00e9tat z\u00a0organizace Asia Maritime Transparency Initiative (AMTI), kter\u00e1 analyzovala satelitn\u00ed sn\u00edmky oblasti.<\/p>\n<p class=\"e_bX\">Na ostrov\u011b Yagong, kter\u00fd le\u017e\u00ed zhruba 14\u00a0kilometr\u016f od Antelope Reef, podle n\u011bj vznik\u00e1 podp\u016frn\u00e1 infrastruktura. <\/p>\n<p lang=\"en\" dir=\"ltr\">NEW: New satellite imagery shows that the PRC finished the construction of an artificial island on Antelope Reef, a disputed South China Sea feature in the Paracel Islands. The PRC is also constructing a runway, piers, a helipad, and various buildings on what could be the PRC\u2019s\u2026 <a href=\"https:\/\/t.co\/YJg0K2HH7D\" rel=\"nofollow\">pic.twitter.com\/YJg0K2HH7D<\/a><\/p>\n<p>\u2014 Institute for the Study of War (@TheStudyofWar) <a href=\"https:\/\/x.com\/TheStudyofWar\/status\/2090881513545937397?ref_src=twsrc%5Etfw\" rel=\"nofollow\">August 21, 2026<\/a><\/p>\n<p class=\"e_bX\">\u201eNejpravd\u011bpodobn\u011bj\u0161\u00edm sc\u00e9n\u00e1\u0159em je vybudov\u00e1n\u00ed detek\u010dn\u00edch a\u00a0radarov\u00fdch za\u0159\u00edzen\u00ed, kter\u00e1 by podporovala z\u00e1kladnu v\u00a0Antelope,\u201c m\u00edn\u00ed Pr\u00e9tat. Vojensk\u00e9 analytiky zaujala zejm\u00e9na troj\u00faheln\u00edkov\u00e1 betonov\u00e1 konstrukce, kter\u00e1 by podle nich mohla slou\u017eit k\u00a0um\u00edst\u011bn\u00ed sledovac\u00ed techniky.<\/p>\n<p><img height=\"1879\"   width=\"1384\" src=\"https:\/\/www.europesays.com\/cz\/wp-content\/uploads\/2026\/09\/jihocinske-more-mapa.png\" loading=\"lazy\" decoding=\"async\" class=\"e_aa e_Z e_T\"\/>Foto: Seznam Zpr\u00e1vy<\/p>\n<p class=\"e_bX\">\u00dazemn\u00ed spory v\u00a0Jiho\u010d\u00ednsk\u00e9m mo\u0159i.<\/p>\n<p class=\"e_bX\">Nov\u00e1 v\u00fdstavba se nach\u00e1z\u00ed p\u0159ibli\u017en\u011b 400\u00a0kilometr\u016f od vietnamsk\u00e9ho pob\u0159e\u017e\u00ed a\u00a0zhruba uprost\u0159ed mezi Tchajwansk\u00fdm pr\u016flivem a\u00a0Malack\u00fdm pr\u016flivem. Vietnam ozna\u010dil stavebn\u00ed pr\u00e1ce za neleg\u00e1ln\u00ed a\u00a0vyzval \u010c\u00ednu k\u00a0jejich zastaven\u00ed.<\/p>\n<p class=\"e_bX\">Podle Pr\u00e9tata by nov\u00e1 infrastruktura mohla Pekingu umo\u017enit l\u00e9pe sledovat oblast sm\u011brem k\u00a0Vietnamu. \u010c\u00edn\u011b by z\u00e1rove\u0148 mohla usnadnit z\u00e1sobov\u00e1n\u00ed lod\u00ed, p\u016fsoben\u00ed pob\u0159e\u017en\u00ed str\u00e1\u017ee a\u00a0prosazov\u00e1n\u00ed \u00fazemn\u00edch n\u00e1rok\u016f v\u00a0oblasti.<\/p>\n<p class=\"e_bX\">Sou\u010dasn\u00e9 stavebn\u00ed pr\u00e1ce navazuj\u00ed na dlouhodob\u00e9 roz\u0161i\u0159ov\u00e1n\u00ed \u010d\u00ednsk\u00e9 p\u0159\u00edtomnosti v\u00a0Jiho\u010d\u00ednsk\u00e9m mo\u0159i. Peking v\u00fdrazn\u011b roz\u0161i\u0159oval s\u00ed\u0165 sv\u00fdch z\u00e1kladen mezi lety 2013\u00a0a\u00a02017\u00a0ve snaze upevnit sv\u00e9 \u00fazemn\u00ed n\u00e1roky. \u010c\u00edna si n\u00e1rokuje suverenitu nad v\u00edce ne\u017e 90\u00a0procenty Jiho\u010d\u00ednsk\u00e9ho mo\u0159e. Podle AMTI v\u00a0sou\u010dasn\u00e9 dob\u011b provozuje zhruba 20\u00a0militarizovan\u00fdch z\u00e1kladen na Paracelsk\u00fdch ostrovech a\u00a0dal\u0161\u00edch sedm m\u00e1 na Spratlyho ostrovech bl\u00ed\u017ee k\u00a0Filip\u00edn\u00e1m.<\/p>\n<p class=\"e_bX\">Nov\u00e1 v\u00fdstavba podle odborn\u00edk\u016f zapad\u00e1 do \u0161ir\u0161\u00ed \u010d\u00ednsk\u00e9 strategie v\u00a0oblasti. Vojensk\u00fd historik Hugo Tierny uvedl, \u017ee Peking dlouhodob\u011b roz\u0161i\u0159uje svou vojenskou p\u0159\u00edtomnost ji\u017en\u011b od \u010d\u00ednsk\u00e9ho pob\u0159e\u017e\u00ed. V\u00a0p\u0159\u00edpad\u011b region\u00e1ln\u00edho konfliktu by podle n\u011bj tamn\u00ed z\u00e1kladny mohly zt\u00ed\u017eit americk\u00e9mu n\u00e1mo\u0159nictvu p\u0159\u00edstup z\u00a0jihu a\u00a0pos\u00edlit obranu \u010c\u00edny v\u00a0oblasti.<\/p>\n<p class=\"e_bX\">Vietnam mezit\u00edm tak\u00e9 vybudoval kolem 20\u00a0um\u011bl\u00fdch ostrov\u016f, zv\u00fd\u0161il v\u00fddaje na obranu a\u00a0roz\u0161\u00ed\u0159il vojenskou spolupr\u00e1ci mimo jin\u00e9 se Spojen\u00fdmi st\u00e1ty, Ruskem a\u00a0Franci\u00ed.<\/p>\n<p>K t\u00e9matu:<a data-dot=\"mol-article-card-media\" aria-hidden=\"true\" tabindex=\"-1\" href=\"https:\/\/www.seznamzpravy.cz\/clanek\/zahranicni-mladi-a-odolni-cina-hleda-obyvatele-pro-umele-ostrovy-ve-spornych-vodach-297557\" class=\"e_n f_l8\" rel=\"nofollow noopener\" target=\"_blank\"><img height=\"1152\"   width=\"2048\" src=\"https:\/\/www.europesays.com\/cz\/wp-content\/uploads\/2026\/09\/jc-more.jpeg\" loading=\"lazy\" decoding=\"async\" class=\"e_aa e_Z e_T\"\/><\/a><a data-dot=\"mol-article-card-media\" aria-hidden=\"true\" tabindex=\"-1\" href=\"https:\/\/www.seznamzpravy.cz\/clanek\/zahranicni-geopoliticka-bitva-o-pacifik-v-primem-prenosu-cina-vyzbrojuje-ostrovy-196472\" class=\"e_n f_l8\" rel=\"nofollow noopener\" target=\"_blank\"><img height=\"281\"   width=\"500\" src=\"https:\/\/www.europesays.com\/cz\/wp-content\/uploads\/2026\/09\/profimedia-0656318180.jpeg\" loading=\"lazy\" decoding=\"async\" class=\"e_aa e_Z e_T\"\/><\/a><script async src=\"https:\/\/platform.twitter.com\/widgets.js\" charset=\"utf-8\"><\/script><\/p>\n","protected":false},"excerpt":{"rendered":"\u010c\u00edna roz\u0161i\u0159uje dva um\u011bl\u00e9 ostrovy v\u00a0Paracelsk\u00e9m souostrov\u00ed v\u00a0Jiho\u010d\u00ednsk\u00e9m mo\u0159i. Jde o\u00a0sporn\u00e9 \u00fazem\u00ed, kter\u00e9 si vedle Pekingu n\u00e1rokuje tak\u00e9&hellip;\n","protected":false},"author":2,"featured_media":203621,"comment_status":"","ping_status":"","sticky":false,"template":"","format":"standard","meta":{"footnotes":"","_share_on_mastodon":"0"},"categories":[11],"tags":[202,3426,46366,46367,54,2521,53,52],"class_list":["post-203620","post","type-post","status-publish","format-standard","has-post-thumbnail","category-svet","tag-cina","tag-jihocinske-more","tag-paracelske-ostrovy","tag-spratlyho-ostrovy","tag-svet","tag-vietnam","tag-world","tag-world-news"],"share_on_mastodon":{"url":"https:\/\/pubeurope.com\/@cz\/117218079319924509","error":""},"_links":{"self":[{"href":"https:\/\/www.europesays.com\/cz\/wp-json\/wp\/v2\/posts\/203620","targetHints":{"allow":["GET"]}}],"collection":[{"href":"https:\/\/www.europesays.com\/cz\/wp-json\/wp\/v2\/posts"}],"about":[{"href":"https:\/\/www.europesays.com\/cz\/wp-json\/wp\/v2\/types\/post"}],"author":[{"embeddable":true,"href":"https:\/\/www.europesays.com\/cz\/wp-json\/wp\/v2\/users\/2"}],"replies":[{"embeddable":true,"href":"https:\/\/www.europesays.com\/cz\/wp-json\/wp\/v2\/comments?post=203620"}],"version-history":[{"count":0,"href":"https:\/\/www.europesays.com\/cz\/wp-json\/wp\/v2\/posts\/203620\/revisions"}],"wp:featuredmedia":[{"embeddable":true,"href":"https:\/\/www.europesays.com\/cz\/wp-json\/wp\/v2\/media\/203621"}],"wp:attachment":[{"href":"https:\/\/www.europesays.com\/cz\/wp-json\/wp\/v2\/media?parent=203620"}],"wp:term":[{"taxonomy":"category","embeddable":true,"href":"https:\/\/www.europesays.com\/cz\/wp-json\/wp\/v2\/categories?post=203620"},{"taxonomy":"post_tag","embeddable":true,"href":"https:\/\/www.europesays.com\/cz\/wp-json\/wp\/v2\/tags?post=203620"}],"curies":[{"name":"wp","href":"https:\/\/api.w.org\/{rel}","templated":true}]}}