{"id":203634,"date":"2026-09-05T11:12:06","date_gmt":"2026-09-05T11:12:06","guid":{"rendered":"https:\/\/www.europesays.com\/cz\/203634\/"},"modified":"2026-09-05T11:12:06","modified_gmt":"2026-09-05T11:12:06","slug":"stardance-je-jeste-pred-startem-a-uz-tecou-nervy-i-krev-partner-nesvacilove-se-zranil-zena-cz","status":"publish","type":"post","link":"https:\/\/www.europesays.com\/cz\/203634\/","title":{"rendered":"StarDance je je\u0161t\u011b p\u0159ed startem a u\u017e te\u010dou nervy i krev. Partner Nesva\u010dilov\u00e9 se zranil &#8211; \u017dena.cz"},"content":{"rendered":"<p><a href=\"https:\/\/news.google.com\/rss\/articles\/CBMiuAFBVV95cUxQQWxHbWN5ZTRLazNOaExBRFJZTDhONEZtd1l6MHcwWHlVcmhKMU40Q1RORXc3TFRuODRCWTY2Z0tabmJQMTVfQ0ZfTUtwX1JOVGpjZ1RkRnlubXBsV2RtRlVDUXB0Zk5EdDlHcTU0emJNNjYzUXdTRE5VOGJxVmRSLVNEMnFzSG9lV1gzSXJQdEdlYXE4eUltTWNYZndNYmRoVkJGTVFXWnZZaWd4VWlvVm9XRWJubW9l?oc=5\" target=\"_blank\" rel=\"nofollow noopener\">StarDance je je\u0161t\u011b p\u0159ed startem a u\u017e te\u010dou nervy i krev. Partner Nesva\u010dilov\u00e9 se zranil<\/a>&nbsp;&nbsp;\u017dena.cz<a href=\"https:\/\/news.google.com\/rss\/articles\/CBMiwAFBVV95cUxOOHV4VzNPRVZRaGctZmdkSEJtX3h0TUtBV01xRXdrbjd5b2VSZ0UwWkRxMDVlOEFuLVUwWXA3TkI1VFJWRVd0NTEtM2pSWFJhQlo4eXM3UWtxaUJUSVJpVXNHOXlodFQtOEl3T3d6VF9XeS1fQ3F5Qlk4ZEtPMkV2TndjcUxwbl93TUQwb0dYN0Y4X3pheU12X3hkX0xOSW1BTnRHMlJDYmhZdm1SanhqMnhrNjNHTW5YSE84TlJ2MU0?oc=5\" target=\"_blank\" rel=\"nofollow noopener\">GALERIE: Tr\u00e9ninky se rozjely a hned: Prvn\u00ed v\u00e1\u017en\u00e9 zran\u011bn\u00ed ve StarDance! | FOTO 1<\/a>&nbsp;&nbsp;Blesk<a href=\"https:\/\/news.google.com\/rss\/articles\/CBMinAFBVV95cUxOOGhtMGVuMWJLSzA0UGp2UnhSR1BWOS1SRmV4REY1NmduUFVlQ2FacHN6a0c4WjU2Y0tqQmQ2dXp5aWVGZlcwc0lEUzdVQndhanhYTEdTYV9uQVZEeThpbTlEeE9RS09RT1B4U1R0cEJNbF9veGZBZzlvUkhVeFJfRHg3c3Q3RzhYWXZqMVZsRnBXc1dpSnp4RTEzMm0?oc=5\" target=\"_blank\" rel=\"nofollow noopener\">Velk\u00e1 komplikace pro StarDance: Hv\u011bzdn\u00fd tane\u010dn\u00edk utrp\u011bl d\u011bsiv\u00e9 zran\u011bn\u00ed<\/a>&nbsp;&nbsp;Extra.cz<a href=\"https:\/\/news.google.com\/rss\/articles\/CBMitgFBVV95cUxNbkFTNU5fMS1TU2VJV0IxR2hrSjRwSHZQSFRFZ215Z0NNYXhPSE1EZkxPeHAtY25MMmZTUEpIZktuVlFwaUdMaGFOMl9HelNjNnRLbEw1U2JDdWkza3k3RFBSbVBGNTVHUzlxNVZHWlpRZ2h6YURFWEh2cTRKU2NvT1BrZW5yOHRlWjRmRGYxN1YzSWV2dlI0RG9JeWlqWWlvNG9ZZFJRSF8ySE45RlRZZXgzdmFCd9IBuwFBVV95cUxPWlQyTXNjVmNqeUNWZmprWTRyTnMtV2wxOVY4RXB6cU5IWi1yRjJZaE9iSGdCZFhJeUdIejJYVElnVy1HOHFxZlY1LXRQWFo5UG5DQ00zMWE2TGJ0enNIWmQ4MkRPZkl0UnMwUmFRR2NZdUNCdDJQOTc5NGtPZUtyQzZvcUR3TkdESXMxOVpfWEh6bkNxc0Fzc0tuZEpIYUlkZW1EMXQwb1RGekwxbG1YOXlGM0VOUm5lYkdZ?oc=5\" target=\"_blank\" rel=\"nofollow noopener\">Tr\u00e9ninky se rozjely a hned: Prvn\u00ed v\u00e1\u017en\u00e9 zran\u011bn\u00ed ve StarDance!<\/a>&nbsp;&nbsp;www.prahanadlani.cz<a href=\"https:\/\/news.google.com\/rss\/articles\/CBMipwFBVV95cUxNRFBOR2JQaHB2QTJ1Tm4yVjF0X0pzMDVOdkw4N0hZVjRfYnladzEzcFJscGFvQ2hUSEF5ZXFxNER3b3BoQmhDM0taMDdGbzFWZDRLOUpqM1l4T2dRRjlEbVBtS0ViUFczTTRrWUp0QjlmQlBBSW1KNFdaOWJYQmgzTVFzNHFGcUNYVm03M3BOT1pkbmpPNlkzVi1IQTA1dVN6LXkxN3kwUQ?oc=5\" target=\"_blank\" rel=\"nofollow noopener\">Galerie: Velk\u00e1 komplikace pro StarDance: Hv\u011bzdn\u00fd tane\u010dn\u00edk utrp\u011bl d\u011bsiv\u00e9 zran\u011bn\u00ed<\/a>&nbsp;&nbsp;Extra.cz<\/p>\n","protected":false},"excerpt":{"rendered":"StarDance je je\u0161t\u011b p\u0159ed startem a u\u017e te\u010dou nervy i krev. Partner Nesva\u010dilov\u00e9 se zranil&nbsp;&nbsp;\u017dena.czGALERIE: Tr\u00e9ninky se rozjely&hellip;\n","protected":false},"author":2,"featured_media":203635,"comment_status":"","ping_status":"","sticky":false,"template":"","format":"standard","meta":{"footnotes":"","_share_on_mastodon":"0"},"categories":[14],"tags":[79,5869,10926,3687,6505,5378,80,1296],"class_list":["post-203634","post","type-post","status-publish","format-standard","has-post-thumbnail","category-zabava","tag-entertainment","tag-mozek","tag-petra-nesvacilova","tag-stardance","tag-tanecnik","tag-uraz","tag-zabava","tag-zraneni"],"share_on_mastodon":{"url":"https:\/\/pubeurope.com\/@cz\/117218138024322148","error":""},"_links":{"self":[{"href":"https:\/\/www.europesays.com\/cz\/wp-json\/wp\/v2\/posts\/203634","targetHints":{"allow":["GET"]}}],"collection":[{"href":"https:\/\/www.europesays.com\/cz\/wp-json\/wp\/v2\/posts"}],"about":[{"href":"https:\/\/www.europesays.com\/cz\/wp-json\/wp\/v2\/types\/post"}],"author":[{"embeddable":true,"href":"https:\/\/www.europesays.com\/cz\/wp-json\/wp\/v2\/users\/2"}],"replies":[{"embeddable":true,"href":"https:\/\/www.europesays.com\/cz\/wp-json\/wp\/v2\/comments?post=203634"}],"version-history":[{"count":0,"href":"https:\/\/www.europesays.com\/cz\/wp-json\/wp\/v2\/posts\/203634\/revisions"}],"wp:featuredmedia":[{"embeddable":true,"href":"https:\/\/www.europesays.com\/cz\/wp-json\/wp\/v2\/media\/203635"}],"wp:attachment":[{"href":"https:\/\/www.europesays.com\/cz\/wp-json\/wp\/v2\/media?parent=203634"}],"wp:term":[{"taxonomy":"category","embeddable":true,"href":"https:\/\/www.europesays.com\/cz\/wp-json\/wp\/v2\/categories?post=203634"},{"taxonomy":"post_tag","embeddable":true,"href":"https:\/\/www.europesays.com\/cz\/wp-json\/wp\/v2\/tags?post=203634"}],"curies":[{"name":"wp","href":"https:\/\/api.w.org\/{rel}","templated":true}]}}