{"id":203638,"date":"2026-09-05T11:17:18","date_gmt":"2026-09-05T11:17:18","guid":{"rendered":"https:\/\/www.europesays.com\/cz\/203638\/"},"modified":"2026-09-05T11:17:18","modified_gmt":"2026-09-05T11:17:18","slug":"zlato-navzdory-handicapu-ceska-cyklistika-ma-mistra-sveta","status":"publish","type":"post","link":"https:\/\/www.europesays.com\/cz\/203638\/","title":{"rendered":"Zlato navzdory handicapu. \u010cesk\u00e1 cyklistika m\u00e1 mistra sv\u011bta"},"content":{"rendered":"<p class=\"b_bA\">\u201eJe to neuv\u011b\u0159iteln\u00e9, nejlep\u0161\u00ed den m\u00e9ho \u017eivota. O\u00a0tomto okam\u017eiku jsem snil \u0161estn\u00e1ct let od chv\u00edle, kdy jsem na handbiku za\u010dal jezdit. Zn\u00ed to sice jako kli\u0161\u00e9, ale po\u0159\u00e1d mi to \u00fapln\u011b nedoch\u00e1z\u00ed,\u201c neskr\u00fdval obrovsk\u00e9 emoce \u010derstv\u00fd mistr sv\u011bta Jahoda. Z\u00e1vodn\u00edci se museli vyrovnat s\u00a0velmi n\u00e1ro\u010dn\u00fdmi podm\u00ednkami. Teploty \u0161plhaly k\u00a038\u00a0stup\u0148\u016fm Celsia, p\u0159i\u010dem\u017e pocitov\u00e1 teplota v\u00a0dusn\u00e9m alabamsk\u00e9m vzduchu p\u0159esahovala \u010dty\u0159ic\u00edtku.<\/p>\n<p class=\"b_bA\">T\u0159iat\u0159icetilet\u00fd \u010desk\u00fd reprezentant trat\u00ed o\u00a0d\u00e9lce 14,6\u00a0km doslova prol\u00e9tl, za sebou nechal v\u0161echny protivn\u00edky, v\u00a0\u010dase 30:42,59\u00a0si s\u00a0p\u0159ehledem dojel pro nejcenn\u011bj\u0161\u00ed kov. \u201eProfil trat\u011b mi v\u00e1\u017en\u011b sed\u011bl. D\u00edky tomu, \u017ee jsem do Ameriky p\u0159ilet\u011bl s\u00a0dvout\u00fddenn\u00edm p\u0159edstihem, stihl jsem se na zdej\u0161\u00ed horko adaptovat,\u201c \u0159\u00edkal po z\u00e1vod\u011b.<\/p>\n<p class=\"b_bA\">\u201e\u010casovka byla extr\u00e9mn\u011b t\u011b\u017ek\u00e1 a\u00a0nep\u0159\u00edjemn\u00e1, ale soupe\u0159\u016fm evidentn\u011b do\u0161ly s\u00edly d\u0159\u00edve ne\u017e mn\u011b,\u201c p\u0159iznal po z\u00e1vod\u011b Jahoda, jemu\u017e bylo \u010dtrn\u00e1ct, kdy\u017e p\u0159i skoku do vody narazil hlavou do dna, zlomil si n\u011bkolik kr\u010dn\u00edch obratl\u016f a\u00a0poru\u0161il m\u00edchu.<\/p>\n<p class=\"b_bA\">Do t\u00e9 doby talentovan\u00fd vodn\u00ed ly\u017ea\u0159 se ale necht\u011bl vzd\u00e1t sportov\u00e1n\u00ed. Kdy\u017e po \u010dase Jahoda objevil handbike, \u00fapln\u011b mu propadl a\u00a0s\u00e1m si \u0159\u00edk\u00e1, \u017ee si na n\u011bm u\u017e\u00edv\u00e1 rychlost i\u00a0pocit svobody. Z\u00a0paralympi\u00e1d v\u00a0Tokiu i\u00a0v Pa\u0159\u00ed\u017ei p\u0159ivezl z\u00a0\u010dasovky \u010dtvrt\u00e1 m\u00edsta, te\u010f se ale do\u010dkal zaslou\u017een\u00e9ho triumfu na MS.<\/p>\n<p><img fetchpriority=\"high\" height=\"1301\"   width=\"2306\" src=\"https:\/\/www.europesays.com\/cz\/wp-content\/uploads\/2026\/09\/paracyklistika.jpeg\" loading=\"eager\" decoding=\"sync\" class=\"b_B b_z\"\/>Foto: Martin Steinbach<\/p>\n<p class=\"b_bA\">Patrik Jahoda na startu \u010dasovky.<\/p>\n<p class=\"b_bA\">Na medailov\u00fd \u00fasp\u011bch krajana vz\u00e1p\u011bt\u00ed nav\u00e1zala 37let\u00e1 Pavl\u00edna Vejvodov\u00e1. \u201eKupodivu mi b\u011bhem z\u00e1vodu nebylo takov\u00e9 horko, jak\u00e9 jsem \u010dekala. Hodn\u011b m\u011b na trati odt\u00e1hla \u010d\u00ednsk\u00e1 soupe\u0159ka. N\u011bkolikr\u00e1t jsme se navz\u00e1jem p\u0159edjely, fungovala jako takov\u00fd psychick\u00fd magnet,\u201c pochvalovala si po dojezdu Vejvodov\u00e1, kter\u00e1 m\u011bla okam\u017eit\u011b jasno i\u00a0o podob\u011b oslav: \u201eBudou velice klidn\u00e9. Naj\u00edm se a\u00a0p\u016fjdu sp\u00e1t.\u201c<\/p>\n<p class=\"b_bA\">Na kole amat\u00e9rsky z\u00e1vodila je\u0161t\u011b p\u0159ed nehodou, kter\u00e1 ji p\u0159evr\u00e1tila \u017eivot. V\u00a0\u010dervnu 2018\u00a0sed\u011bla na zadn\u00edm sedadle auta, jeho\u017e \u0159idi\u010d nedal p\u0159ednost autobusu a\u00a0do\u0161lo ke sr\u00e1\u017ece. Vejvodov\u00e1 krv\u00e1cela do mozku, str\u00e1vila m\u011bs\u00edc v\u00a0komatu a\u00a0l\u00e9ka\u0159i ji ned\u00e1vali moc \u0161anci na p\u0159e\u017eit\u00ed. Nejt\u011b\u017e\u0161\u00ed boj v\u00a0\u017eivot\u011b ale nakonec zvl\u00e1dla, musela se v\u0161ak znovu u\u010dit prakticky v\u0161e. Pravou stranu t\u011bla m\u00e1 posti\u017eenou spasticitou, funguje ji asi 15\u00a0procent sval\u016f, \u0161patn\u011b vid\u00ed a\u00a0h\u016f\u0159 mluv\u00ed. Navzdory tomu doslova l\u00e9t\u00e1 na tricyklu.<\/p>\n<p><a data-dot=\"atm-link\" target=\"_self\" href=\"https:\/\/www.sport.cz\/clanek\/hokej-navrat-po-sesti-letech-ostrava-bude-opet-hostit-svetovy-sampionat-parahokejistu-5446518\" class=\"b_V g_ig\" rel=\"nofollow noopener\"><img height=\"1705\" width=\"2273\" src=\"https:\/\/www.europesays.com\/cz\/wp-content\/uploads\/2026\/09\/parahokej-paralympiada.jpeg\" loading=\"eager\" decoding=\"sync\" class=\"b_B b_z\"\/><\/a><\/p>\n","protected":false},"excerpt":{"rendered":"\u201eJe to neuv\u011b\u0159iteln\u00e9, nejlep\u0161\u00ed den m\u00e9ho \u017eivota. O\u00a0tomto okam\u017eiku jsem snil \u0161estn\u00e1ct let od chv\u00edle, kdy jsem na&hellip;\n","protected":false},"author":2,"featured_media":203639,"comment_status":"","ping_status":"","sticky":false,"template":"","format":"standard","meta":{"footnotes":"","_share_on_mastodon":"0"},"categories":[10],"tags":[4967,17,21,16,399,18,19,22,20],"class_list":["post-203638","post","type-post","status-publish","format-standard","has-post-thumbnail","category-zpravy","tag-cyklistika","tag-headlines","tag-hlavni-udalosti","tag-news","tag-paralympiada","tag-top-news","tag-top-stories","tag-udalosti-dne","tag-zpravy"],"share_on_mastodon":{"url":"https:\/\/pubeurope.com\/@cz\/117218157951230226","error":""},"_links":{"self":[{"href":"https:\/\/www.europesays.com\/cz\/wp-json\/wp\/v2\/posts\/203638","targetHints":{"allow":["GET"]}}],"collection":[{"href":"https:\/\/www.europesays.com\/cz\/wp-json\/wp\/v2\/posts"}],"about":[{"href":"https:\/\/www.europesays.com\/cz\/wp-json\/wp\/v2\/types\/post"}],"author":[{"embeddable":true,"href":"https:\/\/www.europesays.com\/cz\/wp-json\/wp\/v2\/users\/2"}],"replies":[{"embeddable":true,"href":"https:\/\/www.europesays.com\/cz\/wp-json\/wp\/v2\/comments?post=203638"}],"version-history":[{"count":0,"href":"https:\/\/www.europesays.com\/cz\/wp-json\/wp\/v2\/posts\/203638\/revisions"}],"wp:featuredmedia":[{"embeddable":true,"href":"https:\/\/www.europesays.com\/cz\/wp-json\/wp\/v2\/media\/203639"}],"wp:attachment":[{"href":"https:\/\/www.europesays.com\/cz\/wp-json\/wp\/v2\/media?parent=203638"}],"wp:term":[{"taxonomy":"category","embeddable":true,"href":"https:\/\/www.europesays.com\/cz\/wp-json\/wp\/v2\/categories?post=203638"},{"taxonomy":"post_tag","embeddable":true,"href":"https:\/\/www.europesays.com\/cz\/wp-json\/wp\/v2\/tags?post=203638"}],"curies":[{"name":"wp","href":"https:\/\/api.w.org\/{rel}","templated":true}]}}