{"id":203644,"date":"2026-09-05T11:21:21","date_gmt":"2026-09-05T11:21:21","guid":{"rendered":"https:\/\/www.europesays.com\/cz\/203644\/"},"modified":"2026-09-05T11:21:21","modified_gmt":"2026-09-05T11:21:21","slug":"na-nove-prave-zacina-nova-era-kratsich-serialu-jeden-oblibenec-skonci-uz-po-pouhych-8-dilech","status":"publish","type":"post","link":"https:\/\/www.europesays.com\/cz\/203644\/","title":{"rendered":"Na Nov\u011b pr\u00e1v\u011b za\u010d\u00edn\u00e1 nov\u00e1 \u00e9ra krat\u0161\u00edch seri\u00e1l\u016f. Jeden obl\u00edbenec skon\u010d\u00ed u\u017e po pouh\u00fdch 8 d\u00edlech"},"content":{"rendered":"<p>\t\t\t\t\t4. 9. 2026<\/p>\n<p>Televize Nova se letos rozhodla pro zm\u011bnu. M\u00edsto dal\u0161\u00edho seri\u00e1lu, kter\u00fd pob\u011b\u017e\u00ed dlouh\u00e9 roky, se rozhodla pro dva krat\u0161\u00ed p\u0159\u00edb\u011bhy. Ty maj\u00ed oba jasn\u00fd za\u010d\u00e1tek a konec. Prvn\u00ed seri\u00e1l m\u00e1 jen 24 d\u00edl\u016f a jeho n\u00e1stupce dokonce jen 8. Nova tak chce vyzkou\u0161et, co bude div\u00e1k\u016fm v\u00edce vyhovovat. Z\u00e1rove\u0148 nevylu\u010duje, \u017ee pokud by m\u011bly seri\u00e1ly \u00fasp\u011bch, mohly by pokra\u010dovat d\u00e1l.<\/p>\n<p>Vzhledem k tomu, \u017ee jeden obl\u00edbenec skon\u010d\u00ed u\u017e po pouh\u00fdch 8 d\u00edlech, je o\u010dividn\u00e9, \u017ee Nova zkou\u0161\u00ed nov\u00e9, krat\u0161\u00ed form\u00e1ty.<\/p>\n<p>Nova upustila od nekone\u010dn\u00fdch seri\u00e1l\u016f<\/p>\n<p>Pokud jste zvykl\u00ed na to, \u017ee se na Nov\u011b objev\u00ed nov\u00fd seri\u00e1l, kter\u00fd m\u00e1 n\u011bkolik \u0159ad a kter\u00fd se vys\u00edl\u00e1 klidn\u011b i n\u011bkolik let, mo\u017en\u00e1 budete p\u0159ekvapeni. Televize si toti\u017e pro podzimn\u00ed program zvolila jinou strategii. M\u00edsto jednoho dlouh\u00e9ho seri\u00e1lu zvolila dva krat\u0161\u00ed p\u0159\u00edb\u011bhy, kter\u00e9 na sebe budou postupn\u011b navazovat.<\/p>\n<p>Zm\u011bna se t\u00fdk\u00e1 ve\u010dern\u00edho vys\u00edlac\u00edho \u010dasu v\u00a0\u00fater\u00fd a ve \u010dtvrtek. Tyto dny v\u00a0minulosti pat\u0159ily pr\u00e1v\u011b nekone\u010dn\u00fdm seri\u00e1l\u016fm, jako je Ordinace v\u00a0r\u016f\u017eov\u00e9 zahrad\u011b. Div\u00e1ci tak byli zvykl\u00ed na jakousi rutinu. Ne ka\u017ed\u00fd ale holduje dlouh\u00fdm seri\u00e1l\u016fm, kter\u00e9 b\u011b\u017e\u00ed klidn\u011b i p\u00e1r let. N\u011bkte\u0159\u00ed div\u00e1ci maj\u00ed r\u00e1di krat\u0161\u00ed p\u0159\u00edb\u011bhy, kter\u00e9 obs\u00e1hnou v\u0161echno v\u00a0p\u00e1r t\u00fddnech.<\/p>\n<p><img loading=\"lazy\" title=\"shutterstock_2447919525 1 | TVGURU.cz\" fetchpriority=\"high\" decoding=\"async\" class=\"wp-image-356623 size-large\" src=\"https:\/\/www.europesays.com\/cz\/wp-content\/uploads\/2026\/09\/shutterstock_2447919525-1-1200x900.webp\" alt=\"Group of people seated around a table in a classroom as a man films with a video camera; whiteboard with notes and small flags on the desk are visible.\" width=\"1165\" height=\"874\"  \/>M\u00edsto nekone\u010dn\u00fdch seri\u00e1l\u016f Nova vsadila na krat\u0161\u00ed projekty. Zdroj: Shutterstock<\/p>\n<p>Nova ale i p\u0159esto z\u016fst\u00e1v\u00e1 u \u010desk\u00e9 tvorby. Oba dva seri\u00e1ly vznikly pod taktovkou \u010desk\u00fdch produkc\u00ed a televize sp\u00ed\u0161e m\u011bn\u00ed zp\u016fsob, jak\u00fdm je div\u00e1k\u016fm p\u0159ed\u00e1. Prvn\u00ed z\u00a0nich m\u00e1 24 d\u00edl\u016f a hned po n\u011bm nastoup\u00ed druh\u00fd, kter\u00fd m\u00e1 d\u00edl\u016f 8. T\u00edm tak Nova pokryje prakticky cel\u00fd podzim a div\u00e1ci budou m\u00edt o z\u00e1bavu postar\u00e1no.<\/p>\n<p>Je to celkem zm\u011bna oproti minulosti, kdy Nova seri\u00e1lem pokr\u00fdvala celou sezonu, n\u011bkdy i v\u00edce. Nap\u0159\u00edklad seri\u00e1ly Jedna rodina nebo Brat\u0159i a sestry byly tak\u00e9 zam\u00fd\u0161leny jako dlouhodob\u011bj\u0161\u00ed seri\u00e1ly. Jedna rodina m\u011bla nakonec 160 epizod a vys\u00edlala se p\u0159es dva a p\u016fl roku. Brat\u0159i a sestry m\u011bli necel\u00fdch 60 d\u00edl\u016f.<\/p>\n<p>Konkuren\u010dn\u00ed boj si \u017e\u00e1d\u00e1 nov\u00e9 strategie<\/p>\n<p>Jedn\u00edm z\u00a0d\u016fvod\u016f zm\u011bny je zkou\u0161ka nov\u00e9 strategie. Z\u00e1rove\u0148 se ale Nova sna\u017e\u00ed co nejv\u00edce vyhov\u011bt div\u00e1k\u016fm v\u00a0dob\u011b, kdy m\u00e1 na trhu obrovskou konkurenci. Nejen\u017ee je tu velk\u00fd tlak ze strany streamovac\u00edch platforem, ale tak\u00e9 nejv\u011bt\u0161\u00ed rival, televize Prima, p\u0159ipravuje na podzim <a href=\"https:\/\/www.tvguru.cz\/od-1-zari-2026-bude-v-cesku-vysilat-televize-jaka-tu-jeste-nebyla\/\" target=\"_blank\" rel=\"noopener nofollow\">nabit\u00fd program<\/a>. Proto je d\u016fle\u017eit\u00e9 div\u00e1k\u016fm sledov\u00e1n\u00ed co nejv\u00edce zp\u0159\u00edjemnit.<\/p>\n<p>Nov\u00e1 strategie je tedy jasn\u00e1. M\u00edsto nekone\u010dn\u00e9ho seri\u00e1lu p\u0159ich\u00e1zej\u00ed dva kr\u00e1tk\u00e9. Vys\u00edlat se budou hned po sob\u011b a podle Novy, pokud budou \u00fasp\u011b\u0161n\u00e9, nen\u00ed vylou\u010deno, \u017ee by mohlo vzniknout v\u00edce d\u00edl\u016f. Div\u00e1ci tak p\u0159esn\u011b v\u011bd\u00ed, co je \u010dek\u00e1, a nebudou muset \u010dekat dlouh\u00e9 m\u011bs\u00edce, ne\u017e se vy\u0159e\u0161\u00ed z\u00e1pletka.<\/p>\n<p>Seri\u00e1lov\u00e1 novinka v jednom byt\u011b<\/p>\n<p>Prvn\u00ed seri\u00e1l, kter\u00fd odstartoval u\u017e v \u00fater\u00fd 1. z\u00e1\u0159\u00ed, je pln\u00fd zn\u00e1m\u00fdch tv\u00e1\u0159\u00ed. Mezi nimi je Marek Lambora, V\u00e1clav Mat\u011bjovsk\u00fd, Filip B\u0159ezina nebo Tom\u00e1\u0161 Je\u0159\u00e1bek. Cel\u00fd p\u0159\u00edb\u011bh se to\u010d\u00ed kolem skupiny lid\u00ed, kter\u00fdm se tak trochu rozpad\u00e1 \u017eivot. Div\u00e1ci se mohou t\u011b\u0161it na nov\u00e9 za\u010d\u00e1tky, vztahy, rozvody a tak\u00e9 spole\u010dn\u00e9 bydlen\u00ed. \u0158editel v\u00fdvoje obsahu <a href=\"https:\/\/www.mediar.cz\/bozi-plan-pak-muzi-v-letu-nova-misto-dlouhobezek-nasadi-dva-kratsi-serialy\/\" target=\"_blank\" rel=\"noopener nofollow\">Michal Reitler<\/a> k\u00a0tomu dodal:<\/p>\n<p>\u201eZ\u00e1kladem pro seri\u00e1l Bo\u017e\u00ed pl\u00e1n se stala ot\u00e1zka rozvodu kombinovan\u00e1 s dal\u0161\u00edm fenom\u00e9nem, a to je sd\u00edlen\u00e9 bydlen\u00ed.\u201c<\/p>\n<p>Pr\u00e1v\u011b sd\u00edlen\u00e9 bydlen\u00ed nahr\u00e1v\u00e1 spoust\u011b situac\u00ed, ve kter\u00fdch se div\u00e1ci mohou naj\u00edt. Tady se toti\u017e sejdou \u010dty\u0159i lid\u00e9, kte\u0159\u00ed by se mo\u017en\u00e1 norm\u00e1ln\u011b nese\u0161li. Kdy\u017e jim ale dobrosrde\u010dn\u00fd tramvaj\u00e1k nab\u00eddne azyl, vznik\u00e1 tak netradi\u010dn\u00ed dom\u00e1cnost, kde nechyb\u00ed konflikty, vztahov\u00e9 trable a hlavn\u011b humor.<\/p>\n<p>P\u0159\u00e1telstv\u00ed v oblac\u00edch<\/p>\n<p>Po skon\u010den\u00ed seri\u00e1lu Bo\u017e\u00ed pl\u00e1n za\u010dne ve stejn\u00e9m vys\u00edlac\u00edm \u010dase dal\u0161\u00ed projekt. P\u0159esto\u017ee p\u016fjde zase o komedi\u00e1ln\u00ed seri\u00e1l, p\u0159\u00edb\u011bh bude \u00fapln\u011b jin\u00fd. P\u016fjde o t\u0159i mu\u017ee, piloty, kte\u0159\u00ed se znaj\u00ed prakticky cel\u00fd \u017eivot. Bude to p\u0159\u00edb\u011bh o dlouholet\u00e9m p\u0159\u00e1telstv\u00ed, \u017eivotn\u00edch rozhodnut\u00edch, ale i star\u00fdch k\u0159ivd\u00e1ch.<\/p>\n<p><img loading=\"lazy\" title=\"shutterstock_2580856863 1 | TVGURU.cz\" decoding=\"async\" class=\"wp-image-356624 size-large\" src=\"https:\/\/www.europesays.com\/cz\/wp-content\/uploads\/2026\/09\/shutterstock_2580856863-1-1200x798.webp\" alt=\"Modern residential building with bright neon-green vertical trim, grey facade, and white-framed windows, set against a blue sky and clouds; foreground shows a curved street lamp and trees.\" width=\"1165\" height=\"775\"  \/>P\u0159\u00edb\u011bh je o lidech, kter\u00fdm se oto\u010dil \u017eivot naruby a osud je svedl dohromady. Zdroj: Shutterstock<\/p>\n<p><a href=\"https:\/\/www.tvguru.cz\/nova-1-zari-odemkne-placeny-obsah-vsem\/\" target=\"_blank\" rel=\"noopener nofollow\">Hereck\u00e9 obsazen\u00ed<\/a> samo o sob\u011b nazna\u010duje, \u017ee na sv\u00e9 si p\u0159ijdou hlavn\u011b fanou\u0161ci tradi\u010dn\u00edch \u010desk\u00fdch komedi\u00ed. V\u00a0hlavn\u00edch rol\u00edch se toti\u017e p\u0159edstav\u00ed Pavel Zedn\u00ed\u010dek, Miroslav Donutil a Bolek Pol\u00edvka. Nen\u00ed to ale \u017e\u00e1dn\u00e1 n\u00e1hodn\u00e1 trojice, proto\u017ee jsou to v\u0161echno spolu\u017e\u00e1ci z\u00a0JAMU.<\/p>\n<p>M\u00e9n\u011b je n\u011bkdy v\u00edce<\/p>\n<p>Nov\u00fd seri\u00e1l Bo\u017e\u00ed pl\u00e1n odvys\u00edlal prvn\u00ed d\u00edl u\u017e 1. z\u00e1\u0159\u00ed a pob\u011b\u017e\u00ed ka\u017ed\u00e9 \u00fater\u00fd a \u010dtvrtek. Po 24 d\u00edlech ale kon\u010d\u00ed a nahrad\u00ed ho seri\u00e1l Mu\u017ei v\u00a0letu. Ten bude m\u00edt dokonce jen 8 d\u00edl\u016f, ale o to nabit\u011bj\u0161\u00edch. Televize Nova tak zaplnila spole\u010dn\u011b s\u00a0dal\u0161\u00edmi reality show cel\u00fd podzimn\u00ed program a div\u00e1ci se maj\u00ed na co t\u011b\u0161it. Jestli se strategie krat\u0161\u00edch seri\u00e1l\u016f osv\u011bd\u010d\u00ed, je pravd\u011bpodobn\u00e9, \u017ee v\u00a0n\u00ed Nova bude pokra\u010dovat. T\u011b\u0161\u00edte se na podzimn\u00ed televizn\u00ed novinky?<\/p>\n<p>Zdroje: irozhlas.cz, csfd.cz, mediar.cz<\/p>\n","protected":false},"excerpt":{"rendered":"4. 9. 2026 Televize Nova se letos rozhodla pro zm\u011bnu. M\u00edsto dal\u0161\u00edho seri\u00e1lu, kter\u00fd pob\u011b\u017e\u00ed dlouh\u00e9 roky, se&hellip;\n","protected":false},"author":2,"featured_media":203645,"comment_status":"","ping_status":"","sticky":false,"template":"","format":"standard","meta":{"footnotes":"","_share_on_mastodon":"0"},"categories":[14],"tags":[79,181,2832,6394,809,80],"class_list":["post-203644","post","type-post","status-publish","format-standard","has-post-thumbnail","category-zabava","tag-entertainment","tag-novinky","tag-serialy","tag-televizni-program","tag-tv-nova","tag-zabava"],"share_on_mastodon":{"url":"https:\/\/pubeurope.com\/@cz\/117218173750190195","error":""},"_links":{"self":[{"href":"https:\/\/www.europesays.com\/cz\/wp-json\/wp\/v2\/posts\/203644","targetHints":{"allow":["GET"]}}],"collection":[{"href":"https:\/\/www.europesays.com\/cz\/wp-json\/wp\/v2\/posts"}],"about":[{"href":"https:\/\/www.europesays.com\/cz\/wp-json\/wp\/v2\/types\/post"}],"author":[{"embeddable":true,"href":"https:\/\/www.europesays.com\/cz\/wp-json\/wp\/v2\/users\/2"}],"replies":[{"embeddable":true,"href":"https:\/\/www.europesays.com\/cz\/wp-json\/wp\/v2\/comments?post=203644"}],"version-history":[{"count":0,"href":"https:\/\/www.europesays.com\/cz\/wp-json\/wp\/v2\/posts\/203644\/revisions"}],"wp:featuredmedia":[{"embeddable":true,"href":"https:\/\/www.europesays.com\/cz\/wp-json\/wp\/v2\/media\/203645"}],"wp:attachment":[{"href":"https:\/\/www.europesays.com\/cz\/wp-json\/wp\/v2\/media?parent=203644"}],"wp:term":[{"taxonomy":"category","embeddable":true,"href":"https:\/\/www.europesays.com\/cz\/wp-json\/wp\/v2\/categories?post=203644"},{"taxonomy":"post_tag","embeddable":true,"href":"https:\/\/www.europesays.com\/cz\/wp-json\/wp\/v2\/tags?post=203644"}],"curies":[{"name":"wp","href":"https:\/\/api.w.org\/{rel}","templated":true}]}}