{"id":203648,"date":"2026-09-05T11:26:10","date_gmt":"2026-09-05T11:26:10","guid":{"rendered":"https:\/\/www.europesays.com\/cz\/203648\/"},"modified":"2026-09-05T11:26:10","modified_gmt":"2026-09-05T11:26:10","slug":"slovinsky-cyklista-pogacar-po-operaci-klicni-kosti-predcasne-ukoncil-sezonu","status":"publish","type":"post","link":"https:\/\/www.europesays.com\/cz\/203648\/","title":{"rendered":"Slovinsk\u00fd cyklista Poga\u010dar po operaci kl\u00ed\u010dn\u00ed kosti p\u0159ed\u010dasn\u011b ukon\u010dil sezonu"},"content":{"rendered":"<p class=\"b_bA\">Sedmadvacetilet\u00fd Poga\u010dar se zranil v\u00a0osm\u00e9 etap\u011b Vuelty, kterou do t\u00e9 doby jasn\u011b vedl. Krom\u011b dislokovan\u00e9 zlomeniny kl\u00ed\u010dn\u00ed kosti utrp\u011bl tak\u00e9 zlomeninu kr\u010dn\u00edho obratle, ot\u0159es mozku a\u00a0r\u016fzn\u00e9 od\u0159eniny.<\/p>\n<p class=\"b_bA\">V pond\u011bl\u00ed podstoupil operaci kl\u00ed\u010dn\u00ed kosti a\u00a0ve \u010dtvrtek byl z\u00a0nemocnice v\u00a0Barcelon\u011b propu\u0161t\u011bn. V\u00a0rekonvalescenci bude v\u00edt\u011bz Gira d&#8217;Italia a\u00a0dvojn\u00e1sobn\u00fd sv\u011btov\u00fd \u0161ampion pokra\u010dovat doma v\u00a0Monaku.<\/p>\n<p class=\"b_bA\">\u201eSamoz\u0159ejm\u011b jsem takhle sezonu kon\u010dit necht\u011bl, ale te\u010f je hlavn\u00ed se po\u0159\u00e1dn\u011b zotavit a\u00a0d\u00e1t t\u011blu ve\u0161ker\u00fd pot\u0159ebn\u00fd \u010das,\u201c \u0159ekl Poga\u010dar. \u201eNicm\u00e9n\u011b i\u00a0tak to byla v\u00fdjime\u010dn\u00e1 sezona a\u00a0jsem py\u0161n\u00fd na to, co jsme dok\u00e1zali,\u201c dodal.<\/p>\n<p><a data-dot=\"atm-link\" target=\"_self\" href=\"https:\/\/www.sport.cz\/clanek\/cyklistika-pogacara-prevezli-sanitkou-do-nemocnice-v-barcelone-sam-zverejnil-fotku-z-luzka-5521214\" class=\"b_V g_ig\" rel=\"nofollow noopener\"><img fetchpriority=\"high\" height=\"2730\" width=\"3641\" src=\"https:\/\/www.europesays.com\/cz\/wp-content\/uploads\/2026\/09\/1788607569_203_a7d1.jpeg\" loading=\"eager\" decoding=\"sync\" class=\"b_B b_z\"\/><\/a><\/p>\n<p class=\"b_bA\">\u201ePo operaci se zotavuje dob\u0159e, ale vzhledem ke v\u0161em dal\u0161\u00edm zdravotn\u00edm komplikac\u00edm, jako je nap\u0159\u00edklad ot\u0159es mozku, jsme spole\u010dn\u011b s\u00a0Tadejem do\u0161li k\u00a0z\u00e1v\u011bru, \u017ee bude lep\u0161\u00ed letos skon\u010dit,\u201c \u0159ekl t\u00fdmov\u00fd l\u00e9ka\u0159 Adrian Rotunno.<\/p>\n<p class=\"b_bA\">Veden\u00ed UAE Emirates dnes sou\u010dasn\u011b ozn\u00e1milo, \u017ee s\u00a0Poga\u010darem prodlou\u017eilo smlouvu do konce sezony v\u00a0roce 2032. \u201eJsme r\u00e1di, \u017ee budeme spolu pokra\u010dovat. Tadej je st\u0159edobodem v\u00fdvoje a\u00a0cesty cel\u00e9ho t\u00fdmu,\u201c uvedl \u0161\u00e9f st\u00e1je Mauro Gianetti.<\/p>\n<p class=\"b_bA\">\u201eTenhle t\u00fdm je pro m\u011b jako domov,\u201c p\u0159idal Poga\u010dar, kter\u00fd za UAE Emirates jezd\u00ed od roku 2019. \u201ePo\u0159\u00e1d je toho hodn\u011b, co chci v\u00a0cyklistice dok\u00e1zat, a\u00a0jsem p\u0159esv\u011bd\u010den\u00fd, \u017ee tady je pro to to spr\u00e1vn\u00e9 m\u00edsto,\u201c dodal.<\/p>\n<p><a data-dot=\"atm-link\" target=\"_self\" href=\"https:\/\/www.sport.cz\/clanek\/cyklistika-zradny-sjezd-neprekvapil-jen-pogacara-ital-skoncil-v-kotrmelcich-tvrde-na-brzdy-musel-i-ridic-skodovky-5520417\" class=\"b_V g_ig\" rel=\"nofollow noopener\"><img height=\"2731\" width=\"3641\" src=\"https:\/\/www.europesays.com\/cz\/wp-content\/uploads\/2026\/09\/1788607570_408_2566.jpeg\" loading=\"eager\" decoding=\"sync\" class=\"b_B b_z\"\/><\/a><\/p>\n","protected":false},"excerpt":{"rendered":"Sedmadvacetilet\u00fd Poga\u010dar se zranil v\u00a0osm\u00e9 etap\u011b Vuelty, kterou do t\u00e9 doby jasn\u011b vedl. Krom\u011b dislokovan\u00e9 zlomeniny kl\u00ed\u010dn\u00ed kosti&hellip;\n","protected":false},"author":2,"featured_media":203649,"comment_status":"","ping_status":"","sticky":false,"template":"","format":"standard","meta":{"footnotes":"","_share_on_mastodon":"0"},"categories":[10],"tags":[4967,17,21,16,950,8969,18,19,22,24093,20,1296],"class_list":["post-203648","post","type-post","status-publish","format-standard","has-post-thumbnail","category-zpravy","tag-cyklistika","tag-headlines","tag-hlavni-udalosti","tag-news","tag-spanelsko","tag-tadej-pogacar","tag-top-news","tag-top-stories","tag-udalosti-dne","tag-vuelta-a-espana","tag-zpravy","tag-zraneni"],"share_on_mastodon":{"url":"https:\/\/pubeurope.com\/@cz\/117218193492431583","error":""},"_links":{"self":[{"href":"https:\/\/www.europesays.com\/cz\/wp-json\/wp\/v2\/posts\/203648","targetHints":{"allow":["GET"]}}],"collection":[{"href":"https:\/\/www.europesays.com\/cz\/wp-json\/wp\/v2\/posts"}],"about":[{"href":"https:\/\/www.europesays.com\/cz\/wp-json\/wp\/v2\/types\/post"}],"author":[{"embeddable":true,"href":"https:\/\/www.europesays.com\/cz\/wp-json\/wp\/v2\/users\/2"}],"replies":[{"embeddable":true,"href":"https:\/\/www.europesays.com\/cz\/wp-json\/wp\/v2\/comments?post=203648"}],"version-history":[{"count":0,"href":"https:\/\/www.europesays.com\/cz\/wp-json\/wp\/v2\/posts\/203648\/revisions"}],"wp:featuredmedia":[{"embeddable":true,"href":"https:\/\/www.europesays.com\/cz\/wp-json\/wp\/v2\/media\/203649"}],"wp:attachment":[{"href":"https:\/\/www.europesays.com\/cz\/wp-json\/wp\/v2\/media?parent=203648"}],"wp:term":[{"taxonomy":"category","embeddable":true,"href":"https:\/\/www.europesays.com\/cz\/wp-json\/wp\/v2\/categories?post=203648"},{"taxonomy":"post_tag","embeddable":true,"href":"https:\/\/www.europesays.com\/cz\/wp-json\/wp\/v2\/tags?post=203648"}],"curies":[{"name":"wp","href":"https:\/\/api.w.org\/{rel}","templated":true}]}}