{"id":203662,"date":"2026-09-05T11:41:08","date_gmt":"2026-09-05T11:41:08","guid":{"rendered":"https:\/\/www.europesays.com\/cz\/203662\/"},"modified":"2026-09-05T11:41:08","modified_gmt":"2026-09-05T11:41:08","slug":"suskanda-kolem-dalsiho-starcraftu-sili-blizzard-se-znackou-neco-planuje","status":"publish","type":"post","link":"https:\/\/www.europesays.com\/cz\/203662\/","title":{"rendered":"\u0160u\u0161kanda kolem dal\u0161\u00edho StarCraftu s\u00edl\u00ed. Blizzard se zna\u010dkou n\u011bco pl\u00e1nuje"},"content":{"rendered":"<p>Blizzard kr\u00e1tce p\u0159ed BlizzConem, kter\u00fd se kon\u00e1 v Anaheimu p\u0159\u00ed\u0161t\u00ed v\u00edkend, rozjel z\u00e1hadn\u00fd teaser spojen\u00fd se StarCraftem, kter\u00fd okam\u017eit\u011b p\u0159i\u017eivil spekulace o n\u00e1vratu slavn\u00e9 strategie. Na <a href=\"https:\/\/starcraft.blizzard.com\/en-us\/\" rel=\"nofollow noopener\" target=\"_blank\">ofici\u00e1ln\u00edm webu<\/a> s\u00e9rie se toti\u017e za\u010daly objevovat z\u00e1m\u011brn\u00e9 grafick\u00e9 glitche a statick\u00e9 ru\u0161en\u00ed, kter\u00e9 rozhodn\u011b nevypad\u00e1 jako oby\u010dejn\u00e1 chyba str\u00e1nky.<\/p>\n<p>Na webu je st\u00e1le b\u011b\u017en\u00e1 propagace StarCraft Remastered, jednotliv\u00e9 \u010d\u00e1sti str\u00e1nky se ale nov\u011b rozpadaj\u00ed do v\u00fdrazn\u00fdch vizu\u00e1ln\u00edch poruch. Blizzard zat\u00edm nevysv\u011btlil, co teaser znamen\u00e1. Na\u010dasov\u00e1n\u00ed je ale mimo\u0159\u00e1dn\u011b podez\u0159el\u00e9. BlizzCon tradi\u010dn\u011b slou\u017e\u00ed jako m\u00edsto pro nejv\u011bt\u0161\u00ed ozn\u00e1men\u00ed spole\u010dnosti. Pr\u00e1v\u011b proto fanou\u0161ci o\u010dek\u00e1vaj\u00ed, \u017ee StarCraft kone\u010dn\u011b\u00a0 zase ob\u017eivne, ide\u00e1ln\u011b hned zbrusu novou hrou.<\/p>\n<p>Spekulace podporuj\u00ed tak\u00e9 d\u0159\u00edv\u011bj\u0161\u00ed z\u00e1kulisn\u00ed zpr\u00e1vy. U\u017e od roku 2024 se hovo\u0159\u00ed o tom, \u017ee Blizzard intern\u011b p\u0159ipravuje <a href=\"https:\/\/games.tiscali.cz\/novinky\/novy-starcraft-fanousky-zaskoci-k-predstaveni-by-melo-dojit-na-blizzconu-619259\" rel=\"nofollow noopener\" target=\"_blank\">novou st\u0159\u00edle\u010dku<\/a> ze sv\u011bta StarCraftu. Nem\u00e1 j\u00edt o o\u017eiven\u00ed d\u00e1vno zru\u0161en\u00e9ho StarCraft: Ghost, ale o zcela nov\u00fd projekt. Letos se nav\u00edc objevily informace o dal\u0161\u00edm samostatn\u00e9m <a href=\"https:\/\/games.tiscali.cz\/novinky\/dalsi-eru-pro-starcraft-a-overwatch-ma-psat-jihokorejsky-nexon-592323\" rel=\"nofollow noopener\" target=\"_blank\">StarCraft projektu<\/a>, na kter\u00e9m m\u00e1 pracovat n\u011bkter\u00e1 z diviz\u00ed Nexonu.<\/p>\n<p>StarCraft u\u017e v\u00edce ne\u017e deset let nedostal plnohodnotn\u00fd nov\u00fd hlavn\u00ed d\u00edl a komunita dlouhodob\u011b \u010dek\u00e1 p\u0159edev\u0161\u00edm na StarCraft III. Posledn\u00ed velkou novou kapitolou byl StarCraft II, jeho\u017e trilogie skon\u010dila roz\u0161\u00ed\u0159en\u00edm Legacy of the Void v roce 2015.\u00a0Pokud tedy Blizzard skute\u010dn\u011b pl\u00e1nuje velk\u00fd n\u00e1vrat StarCraftu, BlizzCon 2026 je nejpravd\u011bpodobn\u011bj\u0161\u00ed m\u00edsto, kde se o n\u011bm p\u0159\u00ed\u0161t\u00ed v\u00edkend dozv\u00edme v\u00edc.<\/p>\n","protected":false},"excerpt":{"rendered":"Blizzard kr\u00e1tce p\u0159ed BlizzConem, kter\u00fd se kon\u00e1 v Anaheimu p\u0159\u00ed\u0161t\u00ed v\u00edkend, rozjel z\u00e1hadn\u00fd teaser spojen\u00fd se StarCraftem, kter\u00fd&hellip;\n","protected":false},"author":2,"featured_media":203663,"comment_status":"","ping_status":"","sticky":false,"template":"","format":"standard","meta":{"footnotes":"","_share_on_mastodon":"0"},"categories":[13],"tags":[2038,46370,27723,128,228,3108,74,73,965,78,75,77,76],"class_list":["post-203662","post","type-post","status-publish","format-standard","has-post-thumbnail","category-veda-a-technika","tag-clanek","tag-datadisk","tag-games","tag-mac","tag-pc","tag-sci-fi","tag-science","tag-science-technology","tag-strategie","tag-technika","tag-technology","tag-veda","tag-veda-a-technika"],"share_on_mastodon":{"url":"https:\/\/pubeurope.com\/@cz\/117218252289611591","error":""},"_links":{"self":[{"href":"https:\/\/www.europesays.com\/cz\/wp-json\/wp\/v2\/posts\/203662","targetHints":{"allow":["GET"]}}],"collection":[{"href":"https:\/\/www.europesays.com\/cz\/wp-json\/wp\/v2\/posts"}],"about":[{"href":"https:\/\/www.europesays.com\/cz\/wp-json\/wp\/v2\/types\/post"}],"author":[{"embeddable":true,"href":"https:\/\/www.europesays.com\/cz\/wp-json\/wp\/v2\/users\/2"}],"replies":[{"embeddable":true,"href":"https:\/\/www.europesays.com\/cz\/wp-json\/wp\/v2\/comments?post=203662"}],"version-history":[{"count":0,"href":"https:\/\/www.europesays.com\/cz\/wp-json\/wp\/v2\/posts\/203662\/revisions"}],"wp:featuredmedia":[{"embeddable":true,"href":"https:\/\/www.europesays.com\/cz\/wp-json\/wp\/v2\/media\/203663"}],"wp:attachment":[{"href":"https:\/\/www.europesays.com\/cz\/wp-json\/wp\/v2\/media?parent=203662"}],"wp:term":[{"taxonomy":"category","embeddable":true,"href":"https:\/\/www.europesays.com\/cz\/wp-json\/wp\/v2\/categories?post=203662"},{"taxonomy":"post_tag","embeddable":true,"href":"https:\/\/www.europesays.com\/cz\/wp-json\/wp\/v2\/tags?post=203662"}],"curies":[{"name":"wp","href":"https:\/\/api.w.org\/{rel}","templated":true}]}}