{"id":203672,"date":"2026-09-05T11:51:13","date_gmt":"2026-09-05T11:51:13","guid":{"rendered":"https:\/\/www.europesays.com\/cz\/203672\/"},"modified":"2026-09-05T11:51:13","modified_gmt":"2026-09-05T11:51:13","slug":"ifa-2026-mobil-promenili-ve-sperk-limitovana-edice-s-krystaly-swarovski-zamiri-i-do-ceska","status":"publish","type":"post","link":"https:\/\/www.europesays.com\/cz\/203672\/","title":{"rendered":"IFA 2026: Mobil prom\u011bnili ve \u0161perk. Limitovan\u00e1 edice s\u00a0krystaly Swarovski zam\u00ed\u0159\u00ed i\u00a0do \u010ceska"},"content":{"rendered":"<p class=\"c_bB\">Na prvn\u00ed pohled je jasn\u00e9, \u017ee tentokr\u00e1t ne\u0161lo p\u0159i n\u00e1vrhu jen o\u00a0technologii. Motorola vzala sv\u016fj skl\u00e1dac\u00ed Razr a\u00a0doplnila jej o\u00a0prvky typick\u00e9 sp\u00ed\u0161e pro \u0161perky a\u00a0m\u00f3dn\u00ed dopl\u0148ky.<\/p>\n<p class=\"c_bB\">Zadn\u00ed stranu telefonu v\u00a0tmav\u00e9m odst\u00ednu Pantone Meteorite zdob\u00ed 35\u00a0ru\u010dn\u011b um\u00edst\u011bn\u00fdch krystal\u016f Swarovski v\u00a0barv\u011b Silver Night. Je\u0161t\u011b v\u00fdrazn\u011bj\u0161\u00ed prvek se nach\u00e1z\u00ed na pantu. Ten dopl\u0148uje charakteristick\u00fd 32fazetov\u00fd krystal Swarovski, kter\u00fd je p\u0159i otev\u0159en\u00ed telefonu nep\u0159ehl\u00e9dnuteln\u00fd.<\/p>\n<p class=\"c_bB\">V\u00fdrobce p\u0159itom nespol\u00e9h\u00e1 pouze na samotn\u00e9 kameny. Povrch telefonu m\u00e1 pro\u0161\u00edvanou texturu, kter\u00e1 m\u00e1 p\u0159ipom\u00ednat luxusn\u00ed materi\u00e1ly. Sou\u010d\u00e1st\u00ed balen\u00ed je tak\u00e9 pr\u016fhledn\u00fd ochrann\u00fd kryt, aby z\u016fstal zdoben\u00fd povrch telefonu viditeln\u00fd.<\/p>\n<p><img fetchpriority=\"high\" height=\"2304\"   width=\"4096\" src=\"https:\/\/www.europesays.com\/cz\/wp-content\/uploads\/2026\/09\/swarovski-motorola-razr-70-motorola-razr-70.jpeg\" loading=\"eager\" decoding=\"sync\" class=\"c_t c_r\"\/>Foto: archiv v\u00fdrobce<\/p>\n<p class=\"c_bB\">Motorola Razr 70\u00a0s\u00a0krystaly Swarovski<\/p>\n<p><a data-dot=\"atm-link\" target=\"_self\" href=\"https:\/\/www.novinky.cz\/clanek\/internet-a-pc-ai-ifa-2026-je-rostlina-spokojena-predstavili-tycinku-ktera-ukaze-jake-ma-kvetina-emoce-40596194\" class=\"c_I\" rel=\"nofollow noopener\"><img height=\"1080\" width=\"1920\" src=\"https:\/\/www.europesays.com\/cz\/wp-content\/uploads\/2026\/09\/1788609072_962_emoji-kvetina-kytka-ifa-2026-ifa.jpeg\" loading=\"eager\" decoding=\"sync\" class=\"c_t c_r\"\/><\/a>Pod l\u00edbiv\u00fdm z\u00e1vojem<\/p>\n<p class=\"c_bB\">Navzdory v\u00fdrazn\u00e9mu vzhledu jde st\u00e1le o\u00a0klasick\u00fd skl\u00e1dac\u00ed Razr. Po zav\u0159en\u00ed je k\u00a0dispozici 3,6palcov\u00fd vn\u011bj\u0161\u00ed displej, na kter\u00e9m lze podle v\u00fdrobce pou\u017e\u00edvat plnohodnotn\u00e9 aplikace, \u010d\u00edst ozn\u00e1men\u00ed nebo odpov\u00eddat na zpr\u00e1vy. Po rozev\u0159en\u00ed se u\u017eivatel dostane k\u00a06,9palcov\u00e9mu displeji Extreme AMOLED.<\/p>\n<p class=\"c_bB\">Motorola telefon vybavila tak\u00e9 dvojic\u00ed fotoapar\u00e1t\u016f s\u00a0rozli\u0161en\u00edm 50\u00a0megapixel\u016f a\u00a0funkcemi vyu\u017e\u00edvaj\u00edc\u00edmi um\u011blou inteligenci. Baterie m\u00e1 kapacitu 4800\u00a0mAh a\u00a0podle v\u00fdrobce dok\u00e1\u017ee na jedno nabit\u00ed zajistit v\u00edce ne\u017e 36\u00a0hodin provozu.<\/p>\n<p class=\"c_bB\">V\u00fdbava tak z\u016fst\u00e1v\u00e1 podobn\u00e1 tomu, co lze o\u010dek\u00e1vat od modern\u00edho skl\u00e1dac\u00edho telefonu. Hlavn\u00edm l\u00e1kadlem t\u00e9to edice je ale jednozna\u010dn\u011b design.<\/p>\n<p>Krystaly p\u0159ijdou na 25\u00a0tis\u00edc<\/p>\n<p class=\"c_bB\">Speci\u00e1ln\u00ed Razr je sou\u010d\u00e1st\u00ed kolekce Brilliant Collection, v\u00a0n\u00ed\u017e Motorola kombinuje sv\u00e9 telefony s\u00a0v\u00fdrazn\u011bj\u0161\u00edmi m\u00f3dn\u00edmi prvky. Spole\u010dnost p\u0159i n\u00e1vrhu spolupracovala s\u00a0firmou Swarovski a\u00a0vyu\u017eila tak\u00e9 barevn\u00e9 know-how spole\u010dnosti Pantone.<\/p>\n<p class=\"c_bB\">Jde p\u0159itom o\u00a0limitovanou edici, kolik kus\u016f se bude nab\u00edzet, ale v\u00fdrobce neup\u0159esnil. V\u00a0\u010cesku se m\u00e1 za\u010d\u00edt prod\u00e1vat v\u00a0\u0159\u00edjnu za 24\u00a0999\u00a0korun.<\/p>\n<p class=\"c_bB\">Klasick\u00fd Razr 70\u00a0se d\u00e1 v\u00a0sou\u010dasnosti podle n\u00e1kupn\u00edho r\u00e1dce <a data-dot=\"atm-link\" target=\"_blank\" rel=\"noopener nofollow\" href=\"https:\/\/www.zbozi.cz\/\" class=\"c_I\">Zbo\u017e\u00ed.cz<\/a> sehnat u\u017e za n\u011bco m\u00e1lo p\u0159es 17\u00a0000\u00a0K\u010d. Tak l\u00edbiv\u00fd vzhled ale tento model samoz\u0159ejm\u011b nenab\u00edz\u00ed.<\/p>\n<p><img height=\"964\"   width=\"1368\" src=\"https:\/\/www.europesays.com\/cz\/wp-content\/uploads\/2026\/09\/motorola-razr-70-razr-70-motorola.jpeg\" loading=\"eager\" decoding=\"sync\" class=\"c_t c_r\"\/>Foto: archiv v\u00fdrobce<\/p>\n<p class=\"c_bB\">Motorola Razr 70<\/p>\n<p><a data-dot=\"atm-link\" target=\"_self\" href=\"https:\/\/www.novinky.cz\/clanek\/internet-a-pc-hardware-ifa-2026-potrebujete-vetsi-displej-notebook-se-sam-roztahne-40596206\" class=\"c_I\" rel=\"nofollow noopener\"><img height=\"1080\" width=\"1920\" src=\"https:\/\/www.europesays.com\/cz\/wp-content\/uploads\/2026\/09\/1788609073_9_2131.jpeg\" loading=\"eager\" decoding=\"sync\" class=\"c_t c_r\"\/><\/a><\/p>\n","protected":false},"excerpt":{"rendered":"Na prvn\u00ed pohled je jasn\u00e9, \u017ee tentokr\u00e1t ne\u0161lo p\u0159i n\u00e1vrhu jen o\u00a0technologii. Motorola vzala sv\u016fj skl\u00e1dac\u00ed Razr a\u00a0doplnila&hellip;\n","protected":false},"author":2,"featured_media":203673,"comment_status":"","ping_status":"","sticky":false,"template":"","format":"standard","meta":{"footnotes":"","_share_on_mastodon":"0"},"categories":[13],"tags":[4125,45891,7569,74,73,7081,46373,78,75,77,76,1105],"class_list":["post-203672","post","type-post","status-publish","format-standard","has-post-thumbnail","category-veda-a-technika","tag-berlin","tag-ifa-berlin","tag-motorola","tag-science","tag-science-technology","tag-sperky","tag-swarovski","tag-technika","tag-technology","tag-veda","tag-veda-a-technika","tag-veletrh"],"share_on_mastodon":{"url":"https:\/\/pubeurope.com\/@cz\/117218291862963653","error":""},"_links":{"self":[{"href":"https:\/\/www.europesays.com\/cz\/wp-json\/wp\/v2\/posts\/203672","targetHints":{"allow":["GET"]}}],"collection":[{"href":"https:\/\/www.europesays.com\/cz\/wp-json\/wp\/v2\/posts"}],"about":[{"href":"https:\/\/www.europesays.com\/cz\/wp-json\/wp\/v2\/types\/post"}],"author":[{"embeddable":true,"href":"https:\/\/www.europesays.com\/cz\/wp-json\/wp\/v2\/users\/2"}],"replies":[{"embeddable":true,"href":"https:\/\/www.europesays.com\/cz\/wp-json\/wp\/v2\/comments?post=203672"}],"version-history":[{"count":0,"href":"https:\/\/www.europesays.com\/cz\/wp-json\/wp\/v2\/posts\/203672\/revisions"}],"wp:featuredmedia":[{"embeddable":true,"href":"https:\/\/www.europesays.com\/cz\/wp-json\/wp\/v2\/media\/203673"}],"wp:attachment":[{"href":"https:\/\/www.europesays.com\/cz\/wp-json\/wp\/v2\/media?parent=203672"}],"wp:term":[{"taxonomy":"category","embeddable":true,"href":"https:\/\/www.europesays.com\/cz\/wp-json\/wp\/v2\/categories?post=203672"},{"taxonomy":"post_tag","embeddable":true,"href":"https:\/\/www.europesays.com\/cz\/wp-json\/wp\/v2\/tags?post=203672"}],"curies":[{"name":"wp","href":"https:\/\/api.w.org\/{rel}","templated":true}]}}