{"id":203686,"date":"2026-09-05T12:08:13","date_gmt":"2026-09-05T12:08:13","guid":{"rendered":"https:\/\/www.europesays.com\/cz\/203686\/"},"modified":"2026-09-05T12:08:13","modified_gmt":"2026-09-05T12:08:13","slug":"zemrel-herec-michael-mendl-novinky","status":"publish","type":"post","link":"https:\/\/www.europesays.com\/cz\/203686\/","title":{"rendered":"Zem\u0159el herec Michael Mendl &#8211; Novinky"},"content":{"rendered":"<p class=\"c_bB\">Jako prvn\u00ed o\u00a0skonu herce informoval <a data-dot=\"atm-link\" target=\"_blank\" rel=\"noopener nofollow\" href=\"https:\/\/www.luzernerzeitung.ch\/international\/michael-mendl-ist-tot-deutscher-schauspieler-mit-82-jahren-gestorben-ld.4228507\" class=\"c_I\">Luzerner Zeitung<\/a>, p\u0159i\u010dem\u017e n\u00e1sledn\u011b zpr\u00e1vu p\u0159evzaly i\u00a0v\u011bt\u0161\u00ed weby jako RTL, Zeit nebo ZDF. <\/p>\n<p class=\"c_bB\">Michael Mendl se narodil jako Michael Sandrock 20.\u00a0dubna 1944\u00a0v\u00a0n\u011bmeck\u00e9m L\u00fcnenu. Byl neman\u017eelsk\u00fdm d\u00edt\u011btem duisbursk\u00e9ho kn\u011bze, proto putoval do d\u011btsk\u00e9ho domova. Matka o\u00a0n\u011bj nicm\u00e9n\u011b bojovala a\u00a0v jeho p\u011bti letech jej s\u00a0nov\u00fdm man\u017eelem z\u00edskala do p\u00e9\u010de. Chlapec pak dostal jm\u00e9no po sv\u00e9m ot\u010d\u00edmovi &#8211; Mendl.<\/p>\n<p class=\"c_bB\">Hr\u00e1t za\u010dal u\u017e ve \u010dtrn\u00e1cti, v\u00fdrazn\u011bji se ale za\u010dal prosazovat a\u017e mnohem pozd\u011bji. V\u00a0\u0161estat\u0159iceti se objevil poprv\u00e9 ve slavn\u00e9m krimi seri\u00e1lu M\u00edsto \u010dinu a\u00a0r\u016fzn\u00e9 role v\u00a0n\u011bm ztv\u00e1r\u0148oval a\u017e do roku 2005.<\/p>\n<p class=\"c_bB\">Roku 1992\u00a0ztv\u00e1rnil hlavn\u00ed roli ve filmu Leise Schatten, objevil se i\u00a0v \u017eivotopisn\u00e9m italsk\u00e9m sn\u00edmku Jan XXIII: Pape\u017e m\u00edru. Nejv\u00fdrazn\u011bj\u0161\u00edmi rolemi jeho filmov\u00e9 kari\u00e9ry byly kancl\u00e9\u0159 Willy Brandt ve stejnojmenn\u00e9m projektu a\u00a0gener\u00e1l Wehrmachtu Helmuth Weidling ve slavn\u00e9m historick\u00e9m velkofilmu P\u00e1d t\u0159et\u00ed \u0159\u00ed\u0161e.<\/p>\n<p class=\"c_bB\">V pozd\u011bj\u0161\u00ed f\u00e1zi kari\u00e9ry p\u016fsobil Mendl nap\u0159\u00edklad v\u00a0romantick\u00fdch sn\u00edmc\u00edch na motivy rom\u00e1n\u016f Uty Danelly \u010di v\u00a0nejr\u016fzn\u011bj\u0161\u00edch poh\u00e1dk\u00e1ch. V\u00a0letech 2017-19\u00a0p\u016fsobil v\u00a0oce\u0148ovan\u00e9m mysteri\u00f3zn\u00edm sci-fi Dark z\u00a0produkce Netflixu, kde ztv\u00e1rnil star\u0161\u00ed verzi postavy Bernda Dopplera.<\/p>\n<p class=\"c_bB\">Michael Mendl byl \u017eenat\u00fd s\u00a0kolegyn\u00ed Carolin Finkovou, s\u00a0kterou m\u011bl t\u0159i d\u011bti. Roku 2010\u00a0z\u00edskal hv\u011bzdu na Berl\u00ednsk\u00e9m chodn\u00edku sl\u00e1vy.<\/p>\n<p><a data-dot=\"atm-link\" target=\"_self\" href=\"https:\/\/www.novinky.cz\/clanek\/kultura-tv-streaming-zemrel-herec-a-spisovatel-chris-langham-40595984\" class=\"c_I\" rel=\"nofollow noopener\"><img fetchpriority=\"high\" height=\"686\" width=\"1220\" src=\"https:\/\/www.europesays.com\/cz\/wp-content\/uploads\/2026\/09\/1788610093_644_chris-langham-zivot-briana-je-to-soda.jpeg\" loading=\"eager\" decoding=\"sync\" class=\"c_t c_r\"\/><\/a><\/p>\n","protected":false},"excerpt":{"rendered":"Jako prvn\u00ed o\u00a0skonu herce informoval Luzerner Zeitung, p\u0159i\u010dem\u017e n\u00e1sledn\u011b zpr\u00e1vu p\u0159evzaly i\u00a0v\u011bt\u0161\u00ed weby jako RTL, Zeit nebo ZDF.&hellip;\n","protected":false},"author":2,"featured_media":203687,"comment_status":"","ping_status":"","sticky":false,"template":"","format":"standard","meta":{"footnotes":"","_share_on_mastodon":"0"},"categories":[14],"tags":[2210,46374,79,722,80],"class_list":["post-203686","post","type-post","status-publish","format-standard","has-post-thumbnail","category-zabava","tag-adolf-hitler","tag-dark","tag-entertainment","tag-umrti-slavnych","tag-zabava"],"share_on_mastodon":{"url":"https:\/\/pubeurope.com\/@cz\/117218358532744176","error":""},"_links":{"self":[{"href":"https:\/\/www.europesays.com\/cz\/wp-json\/wp\/v2\/posts\/203686","targetHints":{"allow":["GET"]}}],"collection":[{"href":"https:\/\/www.europesays.com\/cz\/wp-json\/wp\/v2\/posts"}],"about":[{"href":"https:\/\/www.europesays.com\/cz\/wp-json\/wp\/v2\/types\/post"}],"author":[{"embeddable":true,"href":"https:\/\/www.europesays.com\/cz\/wp-json\/wp\/v2\/users\/2"}],"replies":[{"embeddable":true,"href":"https:\/\/www.europesays.com\/cz\/wp-json\/wp\/v2\/comments?post=203686"}],"version-history":[{"count":0,"href":"https:\/\/www.europesays.com\/cz\/wp-json\/wp\/v2\/posts\/203686\/revisions"}],"wp:featuredmedia":[{"embeddable":true,"href":"https:\/\/www.europesays.com\/cz\/wp-json\/wp\/v2\/media\/203687"}],"wp:attachment":[{"href":"https:\/\/www.europesays.com\/cz\/wp-json\/wp\/v2\/media?parent=203686"}],"wp:term":[{"taxonomy":"category","embeddable":true,"href":"https:\/\/www.europesays.com\/cz\/wp-json\/wp\/v2\/categories?post=203686"},{"taxonomy":"post_tag","embeddable":true,"href":"https:\/\/www.europesays.com\/cz\/wp-json\/wp\/v2\/tags?post=203686"}],"curies":[{"name":"wp","href":"https:\/\/api.w.org\/{rel}","templated":true}]}}