{"id":203692,"date":"2026-09-05T12:13:12","date_gmt":"2026-09-05T12:13:12","guid":{"rendered":"https:\/\/www.europesays.com\/cz\/203692\/"},"modified":"2026-09-05T12:13:12","modified_gmt":"2026-09-05T12:13:12","slug":"witkoff-a-kushner-prileteli-do-moskvy","status":"publish","type":"post","link":"https:\/\/www.europesays.com\/cz\/203692\/","title":{"rendered":"Witkoff a\u00a0Kushner p\u0159ilet\u011bli do Moskvy"},"content":{"rendered":"<p class=\"c_bB\">Americk\u00e1 delegace m\u00e1 o\u00a0v\u00edkendu v\u00e9st m\u00edrov\u00e1 jedn\u00e1n\u00ed v\u00a0Moskv\u011b i\u00a0v Kyjev\u011b, uv\u00e1d\u00ed americk\u00e1 televize <a data-dot=\"atm-link\" target=\"_blank\" rel=\"noopener nofollow\" href=\"https:\/\/edition.cnn.com\/2026\/09\/05\/europe\/witkoff-kushner-moscow-kyiv-proposal-war-intl\" class=\"c_I\">CNN<\/a>. Tam Witkoff zam\u00ed\u0159\u00ed v\u016fbec poprv\u00e9, proto\u017ee dosud m\u011bl na starosti hlavn\u011b rozhovory s\u00a0Kremlem.<\/p>\n<p class=\"c_bB\">Z\u00a0jeho jedn\u00e1n\u00ed s\u00a0Dmitrijevem loni na podzim vze\u0161el kontroverzn\u00ed m\u00edrov\u00fd pl\u00e1n, kter\u00fd ve sv\u00e9 p\u016fvodn\u00ed podob\u011b Ukrajin\u011b prakticky p\u0159ikazoval p\u0159ijmout rusk\u00e9 po\u017eadavky.<\/p>\n<p class=\"c_bB\">Putin\u016fv vyjednava\u010d po p\u0159\u00edletu americk\u00e9 delegace na soci\u00e1ln\u00ed s\u00edti <a data-dot=\"atm-link\" target=\"_blank\" rel=\"noopener nofollow\" href=\"https:\/\/x.com\/kadmitriev\/status\/2096196488879644825\" class=\"c_I\">X <\/a>zve\u0159ejnil fotky z\u00a0moskevsk\u00e9ho leti\u0161t\u011b. Doplnil je popiskem: \u201eV\u00edtejte v\u00a0Moskv\u011b m\u00edrotvorci.\u201c<\/p>\n<p class=\"c_bB\">V ukrajinsk\u00fdch m\u00e9di\u00edch se p\u0159ed v\u00edkendem objevila informace, \u017ee se Witkoff cesty do Kyjeva boj\u00ed, proto\u017ee jej p\u0159edstavitel\u00e9 Kremlu varovali, \u017ee by mohla b\u00fdt nebezpe\u010dn\u00e1. Witkoff nav\u00edc \u00fadajn\u011b trv\u00e1 na tom, \u017ee na Ukrajinu pocestuje letadlem, proto\u017ee dlouhou cestu vlakem shled\u00e1v\u00e1 nepohodlnou. Ukrajinsk\u00fd vzdu\u0161n\u00fd prostor je p\u0159itom od za\u010d\u00e1tku rusk\u00e9 invaze uzav\u0159en\u00fd.<\/p>\n<p class=\"c_bB\">Rusk\u00e9 s\u00edly v\u00a0noci na sobotu p\u0159ed p\u0159\u00edletem americk\u00fdch vyjednava\u010d\u016f za\u00fato\u010dily na leti\u0161t\u011b v\u00a0Kyjev\u011b a\u00a0Boryspilu. Pr\u00e1v\u011b na t\u011bch by americk\u00e1 delegace p\u0159\u00edpadn\u011b mohla p\u0159ist\u00e1t. <\/p>\n<p class=\"c_bB\">Ukrajinsk\u00fd prezident Volodymyr Zelenskyj proto tyto \u00fadery ozna\u010dil za demonstrativn\u00ed reakci na p\u0159\u00edpravy p\u0159ijet\u00ed vyjednava\u010d\u016f. \u201eRusko-\u00edr\u00e1nsk\u00e9 \u0161\u00e1hidy jako odpov\u011b\u010f na americkou diplomacii,\u201c okomentoval \u00fatoky Zelenskyj.<\/p>\n<p><img fetchpriority=\"high\" height=\"1339\"   width=\"1800\" src=\"https:\/\/www.europesays.com\/cz\/wp-content\/uploads\/2026\/09\/1788610391_775_kushner-witkoff.jpeg\" loading=\"eager\" decoding=\"sync\" class=\"c_t c_r\"\/>Foto: Profimedia.cz<\/p>\n<p class=\"c_bB\">Syn americk\u00e9ho prezidenta Jared Kushner a\u00a0zvl\u00e1\u0161tn\u00ed vyslanec americk\u00e9ho prezidenta Steve Witkoff na sn\u00edmku z\u00a0\u010dervna 2026<\/p>\n<p><a data-dot=\"atm-link\" target=\"_self\" href=\"https:\/\/www.novinky.cz\/clanek\/valka-na-ukrajine-rusove-zautocili-na-letiste-v-kyjeve-den-pred-moznou-navstevou-witkoffa-s-kushnerem-40596222\" class=\"c_I\" rel=\"nofollow noopener\"><img height=\"480\" width=\"853\" src=\"https:\/\/www.europesays.com\/cz\/wp-content\/uploads\/2026\/09\/1788610392_581_image.jpeg\" loading=\"eager\" decoding=\"sync\" class=\"c_t c_r\"\/><\/a><\/p>\n","protected":false},"excerpt":{"rendered":"Americk\u00e1 delegace m\u00e1 o\u00a0v\u00edkendu v\u00e9st m\u00edrov\u00e1 jedn\u00e1n\u00ed v\u00a0Moskv\u011b i\u00a0v Kyjev\u011b, uv\u00e1d\u00ed americk\u00e1 televize CNN. Tam Witkoff zam\u00ed\u0159\u00ed v\u016fbec&hellip;\n","protected":false},"author":2,"featured_media":203693,"comment_status":"","ping_status":"","sticky":false,"template":"","format":"standard","meta":{"footnotes":"","_share_on_mastodon":"0"},"categories":[10],"tags":[212,17,21,1609,1554,1438,1726,16,61,59,18,19,22,110,113,56,166,57,20],"class_list":["post-203692","post","type-post","status-publish","format-standard","has-post-thumbnail","category-zpravy","tag-donald-trump","tag-headlines","tag-hlavni-udalosti","tag-jared-kushner","tag-kirill-dmitrijev","tag-kyjev","tag-moskva","tag-news","tag-rusko","tag-steve-witkoff","tag-top-news","tag-top-stories","tag-udalosti-dne","tag-ukrajina","tag-usa","tag-valka-rusko-ukrajina","tag-vladimir-putin","tag-volodymyr-zelenskyj","tag-zpravy"],"share_on_mastodon":{"url":"https:\/\/pubeurope.com\/@cz\/117218378348613682","error":""},"_links":{"self":[{"href":"https:\/\/www.europesays.com\/cz\/wp-json\/wp\/v2\/posts\/203692","targetHints":{"allow":["GET"]}}],"collection":[{"href":"https:\/\/www.europesays.com\/cz\/wp-json\/wp\/v2\/posts"}],"about":[{"href":"https:\/\/www.europesays.com\/cz\/wp-json\/wp\/v2\/types\/post"}],"author":[{"embeddable":true,"href":"https:\/\/www.europesays.com\/cz\/wp-json\/wp\/v2\/users\/2"}],"replies":[{"embeddable":true,"href":"https:\/\/www.europesays.com\/cz\/wp-json\/wp\/v2\/comments?post=203692"}],"version-history":[{"count":0,"href":"https:\/\/www.europesays.com\/cz\/wp-json\/wp\/v2\/posts\/203692\/revisions"}],"wp:featuredmedia":[{"embeddable":true,"href":"https:\/\/www.europesays.com\/cz\/wp-json\/wp\/v2\/media\/203693"}],"wp:attachment":[{"href":"https:\/\/www.europesays.com\/cz\/wp-json\/wp\/v2\/media?parent=203692"}],"wp:term":[{"taxonomy":"category","embeddable":true,"href":"https:\/\/www.europesays.com\/cz\/wp-json\/wp\/v2\/categories?post=203692"},{"taxonomy":"post_tag","embeddable":true,"href":"https:\/\/www.europesays.com\/cz\/wp-json\/wp\/v2\/tags?post=203692"}],"curies":[{"name":"wp","href":"https:\/\/api.w.org\/{rel}","templated":true}]}}