{"id":203694,"date":"2026-09-05T12:18:16","date_gmt":"2026-09-05T12:18:16","guid":{"rendered":"https:\/\/www.europesays.com\/cz\/203694\/"},"modified":"2026-09-05T12:18:16","modified_gmt":"2026-09-05T12:18:16","slug":"velke-prekvapeni-na-mistrovstvi-sveta-africanky-slavi-vyhru-nad-adeptkami-medaile","status":"publish","type":"post","link":"https:\/\/www.europesays.com\/cz\/203694\/","title":{"rendered":"Velk\u00e9 p\u0159ekvapen\u00ed na mistrovstv\u00ed sv\u011bta! Afri\u010danky slav\u00ed v\u00fdhru nad adeptkami medaile"},"content":{"rendered":"<p class=\"b_bA\">Berl\u00edn (od na\u0161\u00ed zpravodajky)\u00a0\u2013 U\u017e \u00favodn\u00ed z\u00e1pas druh\u00e9ho hrac\u00edho dne p\u0159inesl velk\u00e9 p\u0159ekvapen\u00ed. V\u00a0z\u00e1pase mezi Mali a\u00a0\u0160pan\u011blskem byl evropsk\u00fd celek jasn\u00fdm favoritem, ve sv\u011btov\u00e9m \u017eeb\u0159\u00ed\u010dku mu pat\u0159\u00ed \u0161est\u00e9 m\u00edsto. Z\u00e1rove\u0148 na posledn\u00edch dvou Eurobasketech bral st\u0159\u00edbro a\u00a0i na sv\u011btov\u00e9m \u0161ampion\u00e1tu pat\u0159\u00ed k\u00a0adept\u016fm na medaili.<\/p>\n<p class=\"b_bA\">Do turnaje nav\u00edc v\u00a0p\u00e1tek \u0160pan\u011blky vstoupily dominantn\u00edm v\u00fdkonem, kdy\u017e p\u0159ejely dom\u00e1c\u00ed N\u011bmky rozd\u00edlem t\u0159iceti bod\u016f (83:53). Jen\u017ee v\u00a0sobotu dopoledne narazily. Prvn\u00ed polo\u010das je\u0161t\u011b nab\u00eddl nap\u00ednavou vyrovnanou pod\u00edvanou, kdy do kabin \u0161pan\u011blsk\u00e9 basketbalistky odch\u00e1zely ve dvoubodov\u00e9m veden\u00ed.<\/p>\n<p><a data-dot=\"atm-link\" target=\"_self\" href=\"https:\/\/www.sport.cz\/clanek\/basketbal-na-reprezentaci-kyvla-v-pauze-mezi-ucenim-ted-debutuje-na-mistrovstvi-sveta-5528348\" class=\"b_V g_ig\" rel=\"nofollow noopener\"><img fetchpriority=\"high\" height=\"1800\" width=\"2399\" src=\"https:\/\/www.europesays.com\/cz\/wp-content\/uploads\/2026\/09\/koucka-basketbal.webp\" loading=\"eager\" decoding=\"sync\" class=\"b_B b_z\"\/><\/a><\/p>\n<p class=\"b_bA\">Afri\u010dank\u00e1m ale skv\u011ble vy\u0161la t\u0159et\u00ed \u010dtvrtina, ve kter\u00e9 nas\u00e1zely jednat\u0159icet bod\u016f oproti devaten\u00e1cti \u0161pan\u011blsk\u00fdm. A\u00a0to byl rozhoduj\u00edc\u00ed n\u00e1skok, kter\u00fd u\u017e Mali do z\u00e1v\u011bru nepustilo. \u0160pan\u011blky sice jasn\u011b dominovaly na doskoku, ale neda\u0159ilo se jim tolik p\u0159i st\u0159elb\u011b z\u00a0d\u00e1lky, statistika trojek byla nakonec rozhoduj\u00edc\u00edm faktorem.<\/p>\n<p class=\"b_bA\">\u0160pan\u011blky trefily pouze \u010dty\u0159i trojky z\u00a0dvaadvaceti pokus\u016f, to Mali jich ze stejn\u00e9ho po\u010dtu prom\u011bnilo dev\u011bt. Po v\u00edt\u011bzstv\u00ed o\u00a0dev\u011bt bod\u016f je situace ve skupin\u011b A\u00a0po\u0159\u00e1dn\u011b zamotan\u00e1, proto\u017ee Afri\u010danky v\u00a0p\u00e1tek na \u00favod podlehly Japonk\u00e1m 97:102.\u00a0Dal\u0161\u00ed sv\u011btlo do situace vnese odpoledn\u00ed duel mezi N\u011bmkami a\u00a0pr\u00e1v\u011b Japonskem.<\/p>\n<p><a data-dot=\"atm-link\" target=\"_self\" href=\"https:\/\/www.sport.cz\/clanek\/basketbal-ve-stinu-znamejsich-jmen-cesko-muze-spolehat-na-nenapadnou-oporu-5528327\" class=\"b_V g_ig\" rel=\"nofollow noopener\"><img height=\"2730\" width=\"3640\" src=\"https:\/\/www.europesays.com\/cz\/wp-content\/uploads\/2026\/09\/basketbal-pospisilova.jpeg\" loading=\"eager\" decoding=\"sync\" class=\"b_B b_z\"\/><\/a><\/p>\n<p class=\"b_bA\">V Berl\u00edn\u011b jsou v\u00a0sobotu na programu je\u0161t\u011b dva duely skupiny B, \u010desk\u00e1 skupina m\u00e1 voln\u00fd den, kter\u00fd \u010desk\u00e9 basketbalistky vyu\u017e\u00edvaj\u00ed k\u00a0\u010dasu s\u00a0rodinami a\u00a0na z\u00e1v\u011br dne je \u010dek\u00e1 v\u00a0\u010cesk\u00e9m dom\u011b autogrami\u00e1da.<\/p>\n<p>Mistrovstv\u00ed sv\u011bta v basketbalu \u017een:Skupina AMali &#8211; \u0160pan\u011blsko 82:73 (19:17, 13:17, 31:19, 19:20)18:00 N\u011bmecko &#8211; JaponskoSkupina B14:15 Nig\u00e9rie &#8211; Ma\u010farsko20:45 Francie &#8211; Ji\u017en\u00ed Korea<a data-dot=\"atm-link\" target=\"_self\" href=\"https:\/\/www.sport.cz\/clanek\/basketbal-petatricet-minut-na-jednicku-pak-cesky-o-senzaci-pripravily-detaily-5527978\" class=\"b_V g_ig\" rel=\"nofollow noopener\"><img height=\"2730\" width=\"3641\" src=\"https:\/\/www.europesays.com\/cz\/wp-content\/uploads\/2026\/09\/1788610696_304_basketbal-joklova.jpeg\" loading=\"eager\" decoding=\"sync\" class=\"b_B b_z\"\/><\/a><\/p>\n","protected":false},"excerpt":{"rendered":"Berl\u00edn (od na\u0161\u00ed zpravodajky)\u00a0\u2013 U\u017e \u00favodn\u00ed z\u00e1pas druh\u00e9ho hrac\u00edho dne p\u0159inesl velk\u00e9 p\u0159ekvapen\u00ed. V\u00a0z\u00e1pase mezi Mali a\u00a0\u0160pan\u011blskem byl&hellip;\n","protected":false},"author":2,"featured_media":203695,"comment_status":"","ping_status":"","sticky":false,"template":"","format":"standard","meta":{"footnotes":"","_share_on_mastodon":"0"},"categories":[15],"tags":[1085,4125,10827,45869,950,94,93],"class_list":["post-203694","post","type-post","status-publish","format-standard","has-post-thumbnail","category-sport","tag-basketbal","tag-berlin","tag-mali","tag-mistrovstvi-sveta-v-basketbalu-zen","tag-spanelsko","tag-sport","tag-sports"],"share_on_mastodon":{"url":"https:\/\/pubeurope.com\/@cz\/117218398135387094","error":""},"_links":{"self":[{"href":"https:\/\/www.europesays.com\/cz\/wp-json\/wp\/v2\/posts\/203694","targetHints":{"allow":["GET"]}}],"collection":[{"href":"https:\/\/www.europesays.com\/cz\/wp-json\/wp\/v2\/posts"}],"about":[{"href":"https:\/\/www.europesays.com\/cz\/wp-json\/wp\/v2\/types\/post"}],"author":[{"embeddable":true,"href":"https:\/\/www.europesays.com\/cz\/wp-json\/wp\/v2\/users\/2"}],"replies":[{"embeddable":true,"href":"https:\/\/www.europesays.com\/cz\/wp-json\/wp\/v2\/comments?post=203694"}],"version-history":[{"count":0,"href":"https:\/\/www.europesays.com\/cz\/wp-json\/wp\/v2\/posts\/203694\/revisions"}],"wp:featuredmedia":[{"embeddable":true,"href":"https:\/\/www.europesays.com\/cz\/wp-json\/wp\/v2\/media\/203695"}],"wp:attachment":[{"href":"https:\/\/www.europesays.com\/cz\/wp-json\/wp\/v2\/media?parent=203694"}],"wp:term":[{"taxonomy":"category","embeddable":true,"href":"https:\/\/www.europesays.com\/cz\/wp-json\/wp\/v2\/categories?post=203694"},{"taxonomy":"post_tag","embeddable":true,"href":"https:\/\/www.europesays.com\/cz\/wp-json\/wp\/v2\/tags?post=203694"}],"curies":[{"name":"wp","href":"https:\/\/api.w.org\/{rel}","templated":true}]}}