{"id":203700,"date":"2026-09-05T12:23:16","date_gmt":"2026-09-05T12:23:16","guid":{"rendered":"https:\/\/www.europesays.com\/cz\/203700\/"},"modified":"2026-09-05T12:23:16","modified_gmt":"2026-09-05T12:23:16","slug":"kardinal-beran-zahledl-kameru-v-brylich-jeptisky-stb-ho-chtela-znicit-erotickym-filmem","status":"publish","type":"post","link":"https:\/\/www.europesays.com\/cz\/203700\/","title":{"rendered":"Kardin\u00e1l Beran zahl\u00e9dl kameru v\u00a0br\u00fdl\u00edch jepti\u0161ky. StB ho cht\u011bla zni\u010dit erotick\u00fdm filmem"},"content":{"rendered":"<p class=\"e_cz\">Liberec, 18.\u00a0listopadu 1952.\u00a0V\u00a0interna\u010dn\u00ed vile v\u00a0R\u016f\u017eodolu bydl\u00ed pod dohledem StB pra\u017esk\u00fd arcibiskup Josef Beran. Do zd\u00ed lo\u017enice, koupelny, pracovny i\u00a0kaple technici tajn\u00e9 policie vyvrtali skryt\u00e9 otvory pro kamery. Do jeho pol\u00e9vky i\u00a0\u010daje p\u0159ed nat\u00e1\u010dec\u00edmi dny pravideln\u011b p\u0159id\u00e1vaj\u00ed afrodiziakum. Vedle n\u011bj v\u00a0izolaci \u017eije i\u00a0mlad\u00e1 dominik\u00e1nsk\u00e1 \u0159eholnice.<\/p>\n<p class=\"e_cz\">C\u00edl akce s\u00a0kryc\u00edm jm\u00e9nem Josef, spu\u0161t\u011bn\u00e9 v\u00a0l\u00e9t\u011b 1951, je jasn\u00fd: nato\u010dit \u0161edes\u00e1tilet\u00e9ho arcibiskupa p\u0159i milostn\u00e9m sbl\u00ed\u017een\u00ed a\u00a0zni\u010dit jeho pov\u011bst i\u00a0d\u016fstojnost.<\/p>\n<p class=\"e_cz\">Toho listopadov\u00e9ho dne si Beran v\u0161imne v\u00a0br\u00fdl\u00edch \u0159eholnice podez\u0159el\u00e9ho odlesku. Je to \u010do\u010dka kamery. Vyklon\u00ed se z\u00a0okna, pod\u00edv\u00e1 se na est\u00e9b\u00e1ka le\u017e\u00edc\u00edho na plo\u0161in\u011b venku a\u00a0zavol\u00e1 na n\u011bj, a\u0165 d\u00e1 pozor, aby nespadl.<\/p>\n<p class=\"e_cz\">Akce Josef, na kterou StB vynalo\u017eila v\u00edc ne\u017e rok p\u0159\u00edprav, t\u00edm fakticky skon\u010dila. Pokra\u010dovat mohla u\u017e jen v\u00a0oby\u010dejn\u00e9m odposlechu.<\/p>\n<p class=\"e_cz\">Byl to Josef Beran. Mu\u017e, kter\u00e9ho v\u011bznili nacist\u00e9 i\u00a0komunist\u00e9. Arcibiskup, kter\u00fd rad\u011bji exkomunikoval vlastn\u00edho kn\u011bze, ne\u017e by ustoupil totalit\u011b. Kardin\u00e1l, kter\u00e9ho domov nesm\u011bl p\u0159ijmout ani mrtv\u00e9ho\u00a0\u2013 a\u00a0trvalo to skoro pades\u00e1t let, ne\u017e se sm\u011bl vr\u00e1tit.<\/p>\n<p>Chlapec z\u00a0u\u010ditelsk\u00e9 rodiny<\/p>\n<p class=\"e_cz\">Josef Beran se narodil 29.\u00a0prosince 1888\u00a0v\u00a0Plzni jako syn u\u010ditele. Po plze\u0148sk\u00e9m gymn\u00e1ziu ode\u0161el studovat teologii do \u0158\u00edma, kde byl v\u00a0roce 1911\u00a0vysv\u011bcen na kn\u011bze. O\u00a0rok pozd\u011bji z\u00edskal doktor\u00e1t a\u00a0vr\u00e1til se dom\u016f.<\/p>\n<p class=\"e_cz\">P\u016fsobil jako kaplan v\u00a0Chy\u0161\u00edch, na Proseku, v\u00a0pra\u017esk\u00e9 Michli. Od roku 1917\u00a0dvan\u00e1ct let vedl d\u00edv\u010d\u00ed u\u010ditelsk\u00fd \u00fastav svat\u00e9 Anny. Postupn\u011b se vypracoval na docenta a\u00a0profesora pastor\u00e1ln\u00ed teologie na Karlov\u011b univerzit\u011b a\u00a0v roce 1932\u00a0se stal rektorem pra\u017esk\u00e9ho arcibiskupsk\u00e9ho semin\u00e1\u0159e\u00a0\u2013 tedy mu\u017eem zodpov\u011bdn\u00fdm za v\u00fdchovu nov\u00e9 generace kn\u011b\u017e\u00ed.<\/p>\n<p class=\"e_cz\">Byl to tich\u00fd, akademick\u00fd \u017eivot. V\u00e1lka v\u0161e zm\u011bnila.<\/p>\n<p>Zpov\u011bdn\u00edk z\u00a0Dachau<\/p>\n<p class=\"e_cz\">Po atent\u00e1tu na zastupuj\u00edc\u00edho \u0159\u00ed\u0161sk\u00e9ho protektora Reinharda Heydricha v\u00a0roce 1942\u00a0nacist\u00e9 zatkli Berana jako rektora semin\u00e1\u0159e. N\u00e1sledovaly t\u0159i roky v\u00a0koncentra\u010dn\u00edch t\u00e1borech Terez\u00edn a\u00a0Dachau. V\u00a0roce 1943\u00a0kv\u016fli nemoci m\u00e1lem zem\u0159el.<\/p>\n<p class=\"e_cz\">Podle sv\u011bdectv\u00ed spoluv\u011bz\u0148\u016f r\u016fzn\u00fdch n\u00e1rodnost\u00ed se v\u00a0t\u00e1bo\u0159e choval s\u00a0laskavost\u00ed, kter\u00e1 budila respekt i\u00a0u lid\u00ed, kte\u0159\u00ed ho p\u0159edt\u00edm v\u016fbec neznali. Italsk\u00fd kn\u011bz Roberto Angeli pozd\u011bji vzpom\u00ednal, jak Beran i\u00a0ve vlastn\u00edm hladu nen\u00e1padn\u011b p\u0159ikl\u00e1dal ostatn\u00edm v\u011bz\u0148\u016fm do misky kousek chleba. N\u011bmeck\u00fd kn\u011bz Robert Pruszkowski o\u00a0n\u011bm napsal, \u017ee mu byl v\u00a0Dachau zpov\u011bdn\u00edkem.<\/p>\n<p class=\"e_cz\">Beran organizoval tajn\u00e9 konference \u010desk\u00e9ho duchovenstva p\u0159\u00edmo v\u00a0t\u00e1bo\u0159e a\u00a0ileg\u00e1ln\u00ed pastoraci mezi v\u011bzni bez ohledu na jejich n\u00e1rodnost. Mu\u017e, kter\u00fd u\u010dil budouc\u00ed kn\u011bze teologii, jim te\u010f v\u00a0t\u00e1bo\u0159e smrti ukazoval, jak si v\u00edru zachovat i\u00a0v nejhor\u0161\u00edch podm\u00ednk\u00e1ch.<\/p>\n<p class=\"e_cz\">Osvobozen\u00ed se do\u010dkal v\u00a0roce 1945.\u00a0O\u00a0rok pozd\u011bji ho pape\u017e Pius XII. jmenoval pra\u017esk\u00fdm arcibiskupem.<\/p>\n<p>Kn\u011bz, kter\u00fd neuposlechl<\/p>\n<p class=\"e_cz\">Netrvalo dlouho a\u00a0Beran \u010delil dal\u0161\u00ed totalit\u011b. Po \u00fanorov\u00e9m p\u0159evratu 1948\u00a0se komunist\u00e9 sna\u017eili c\u00edrkev postupn\u011b pod\u0159\u00eddit st\u00e1tu\u00a0\u2013 a\u00a0jedn\u00edm z\u00a0n\u00e1stroj\u016f byla takzvan\u00e1 Katolick\u00e1 akce, organizace loaj\u00e1ln\u00edch kn\u011b\u017e\u00ed pod dohledem strany.<\/p>\n<p class=\"e_cz\">Beran ji odm\u00edtl uznat. A\u00a0kdy\u017e se v\u00a0t\u00e9m\u017ee roce jeden z\u00a0jeho kn\u011b\u017e\u00ed, <a data-dot=\"atm-link\" target=\"_blank\" href=\"https:\/\/medium.seznam.cz\/clanek\/nina-jelinkova-knez-zradil-papeze-i-berana-plojhar-zemrel-s-vodkou-v-ruce-na-sovetske-ambasade-316639\" class=\"e_w\" rel=\"nofollow noopener\">Josef Plojhar<\/a>, rozhodl kandidovat do parlamentu za komunisty a\u00a0p\u0159ijal post ministra zdravotnictv\u00ed, arcibiskup mu na\u0159\u00eddil rezignovat. Plojhar neposlechl. Beran ho spolu s\u00a0n\u011bkolika dal\u0161\u00edmi provinil\u00fdmi kn\u011b\u017e\u00edmi suspendoval a\u00a0nakonec exkomunikoval.<\/p>\n<p class=\"e_cz\">Plojhar mu to nikdy neodpustil. Podle historik\u016f pak systematicky vyu\u017e\u00edval sv\u00e9ho vlivu na protikatolickou politiku st\u00e1tu k\u00a0prosazov\u00e1n\u00ed co nejtvrd\u0161\u00edch restrikc\u00ed pr\u00e1v\u011b proti Beranovi.<\/p>\n<p class=\"e_cz\">Byl to za\u010d\u00e1tek jednoho z\u00a0nejost\u0159ej\u0161\u00edch st\u0159et\u016f mezi katolickou c\u00edrkv\u00ed a\u00a0komunistick\u00fdm st\u00e1tem v\u00a0cel\u00e9m sov\u011btsk\u00e9m bloku.<\/p>\n<p>Bo\u017e\u00ed t\u011blo, kter\u00e9 se nesm\u011blo \u010d\u00edst<\/p>\n<p class=\"e_cz\">V \u010dervnu 1949\u00a0se \u010de\u0161t\u00ed biskupov\u00e9 v\u00a0\u010dele s\u00a0Beranem rozhodli k\u00a0posledn\u00edmu ve\u0159ejn\u00e9mu gestu. Sepsali past\u00fd\u0159sk\u00fd list nazvan\u00fd Hlas biskup\u016f a\u00a0ordin\u00e1\u0159\u016f v\u011b\u0159\u00edc\u00edm v\u00a0hodin\u011b velk\u00e9 zkou\u0161ky, kter\u00fd m\u011bl b\u00fdt p\u0159e\u010dten ve v\u0161ech kostel\u00edch na sv\u00e1tek Bo\u017e\u00edho t\u011bla, 19.\u00a0\u010dervna.<\/p>\n<p class=\"e_cz\">StB se o\u00a0pl\u00e1nu dozv\u011bd\u011bla. Est\u00e9b\u00e1ci obch\u00e1zeli fary, zastra\u0161ovali kn\u011bze, zabavovali v\u00fdtisky listu. P\u0159esto se ho poda\u0159ilo p\u0159e\u010d\u00edst asi t\u0159etin\u011b farnost\u00ed\u00a0\u2013 kn\u011b\u017e\u00ed, kte\u0159\u00ed to ud\u011blali, pak \u010dekala \u0161ikana a\u00a0zat\u00fdk\u00e1n\u00ed.<\/p>\n<p class=\"e_cz\">Do svatov\u00edtsk\u00e9 katedr\u00e1ly, kde cht\u011bl list p\u0159edn\u00e9st s\u00e1m Beran, StB a\u00a0komunistick\u00e9 Lidov\u00e9 milice vpustily jen kn\u011bze a\u00a0bohoslovce. V\u011b\u0159\u00edc\u00edm vstup odep\u0159ely. Kdy\u017e Beran po m\u0161i p\u0159esto nastoupil do auta, dav shrom\u00e1\u017ed\u011bn\u00fd venku mu spont\u00e1nn\u011b provol\u00e1val sl\u00e1vu.<\/p>\n<p class=\"e_cz\">V pal\u00e1ci na n\u011bj u\u017e \u010dekala St\u00e1tn\u00ed bezpe\u010dnost. Od toho dne byl Beran nez\u00e1konn\u011b internov\u00e1n.<\/p>\n<p>L\u00e9ta beze jm\u00e9na<\/p>\n<p class=\"e_cz\">StB zabavila arcibiskupskou pe\u010de\u0165 a\u00a0pou\u017e\u00edvala ji na podvr\u017een\u00fdch dopisech, kter\u00fdmi nutila duchovenstvo, aby jeho past\u00fd\u0159sk\u00fd list ne\u010detlo. Zpo\u010d\u00e1tku byl Beran internov\u00e1n p\u0159\u00edmo v\u00a0arcibiskupsk\u00e9m pal\u00e1ci. Uk\u00e1zalo se to ale jako nevyhovuj\u00edc\u00ed\u00a0\u2013 k\u00a0pal\u00e1ci toti\u017e i\u00a0tak p\u0159ich\u00e1zeli v\u011b\u0159\u00edc\u00ed.<\/p>\n<p class=\"e_cz\">7.\u00a0b\u0159ezna 1951\u00a0ho \u00fa\u0159ady vyzvaly k\u00a0rezignaci. Odm\u00edtl. N\u00e1sledovalo \u00fa\u010delov\u00e9 spr\u00e1vn\u00ed \u0159\u00edzen\u00ed, kter\u00e9 ho \u201eodsoudilo\u201c k\u00a0pokut\u011b a\u00a0internaci na ur\u010den\u00e9m m\u00edst\u011b. Beran pokutu zaplatil, odvolal se\u00a0\u2013 odvol\u00e1n\u00ed zam\u00edtli je\u0161t\u011b t\u00fd\u017e den. V\u00a0noci ho eskortovali do letn\u00edho s\u00eddla pra\u017esk\u00fdch arcibiskup\u016f v\u00a0Ro\u017eelov\u011b u\u00a0Ro\u017emit\u00e1lu, kde s\u00a0n\u00edm internaci sd\u00edlely t\u0159i dominik\u00e1nsk\u00e9 sestry: zdravotn\u00ed sestra, pe\u010dovatelka a\u00a0kucha\u0159ka. Vydr\u017eeli tam jen \u010dtrn\u00e1ct dn\u00ed\u00a0\u2013 k\u00a0Beranovi toti\u017e i\u00a0sem za\u010daly proudit stovky poutn\u00edk\u016f, co\u017e bylo pro re\u017eim nep\u0159ijateln\u00e9. V\u00a0noci z\u00a01.\u00a0na 2.\u00a0dubna 1951\u00a0ho i\u00a0s \u0159eholnicemi eskortovali do R\u016f\u017eodolu u\u00a0Liberce.<\/p>\n<p class=\"e_cz\">Krom\u011b nejvy\u0161\u0161\u00edch funkcion\u00e1\u0159\u016f strany a\u00a0dozorc\u016f z\u00a0StB nikdo nev\u011bd\u011bl, zda arcibiskup je\u0161t\u011b \u017eije a\u00a0kde se nach\u00e1z\u00ed. Internovan\u00ed sn\u00e1\u0161eli podm\u00ednky podobn\u00e9 zost\u0159en\u00e9mu v\u011bze\u0148sk\u00e9mu re\u017eimu\u00a0\u2013 naprostou izolaci od sv\u011bta, nep\u0159etr\u017eit\u00e9 sledov\u00e1n\u00ed, odposlech. Str\u00e1\u017eci se jich ka\u017ed\u00e9 dv\u011b hodiny ptali, co d\u011blaj\u00ed.<\/p>\n<p class=\"e_cz\">Pr\u00e1v\u011b v\u00a0R\u016f\u017eodole se odehr\u00e1la akce Josef. Po jej\u00edm odhalen\u00ed 18.\u00a0listopadu 1952\u00a0pokra\u010dovaly u\u017e jen odposlechy a\u00a0b\u011b\u017en\u00e1 \u0161ikana. Beran pak putoval d\u00e1l\u00a0\u2013 od dubna 1953\u00a0do My\u0161t\u011bvsi u\u00a0Nov\u00e9ho Byd\u017eova, pak do Pab\u011bnic u\u00a0\u010c\u00e1slavi a\u00a0nakonec do Muka\u0159ova u\u00a0Prahy.<\/p>\n<p class=\"e_cz\">Cel\u00e1 internace trvala a\u017e do roku 1963.\u00a0Pak mu komunist\u00e9 sice dovolili opustit izolaci, ale zak\u00e1zali mu pobyt v\u00a0Praze a\u00a0v\u00fdkon arcibiskupsk\u00e9ho \u00fa\u0159adu.<\/p>\n<p>Klobouk, kter\u00fd znamenal vyhnanstv\u00ed<\/p>\n<p class=\"e_cz\">V \u00fanoru 1965\u00a0pape\u017e Pavel VI. jmenoval uml\u010dovan\u00e9ho sedma\u0161edes\u00e1tilet\u00e9ho arcibiskupa kardin\u00e1lem. St\u00e1t mu dovolil odjet do \u0158\u00edma na slavnostn\u00ed p\u0159ed\u00e1n\u00ed kardin\u00e1lsk\u00e9ho klobouku.<\/p>\n<p class=\"e_cz\">Podle jeho vlastn\u00edch pozd\u011bj\u0161\u00edch vzpom\u00ednek pro Vatik\u00e1nsk\u00fd rozhlas \u00fa\u0159ady nap\u0159ed p\u0159edst\u00edraly, \u017ee p\u016fjde jen o\u00a0kr\u00e1tkou n\u00e1v\u0161t\u011bvu na p\u00e1r t\u00fddn\u016f. Definitivn\u00ed pravdu se dozv\u011bd\u011bl a\u017e od vatik\u00e1nsk\u00e9ho diplomata Agostina Casaroliho: n\u00e1vrat se nepovoluje. Casaroli mu z\u00e1rove\u0148 nazna\u010dil, \u017ee jeho odjezd by mo\u017en\u00e1 umo\u017enil nahradit komunist\u016fm loaj\u00e1ln\u00edho pra\u017esk\u00e9ho kapituln\u00edho vik\u00e1\u0159e biskupem v\u011brn\u00fdm \u0158\u00edmu. Kv\u016fli dobru vlastn\u00ed diec\u00e9ze se Beran nakonec rozhodl do \u0158\u00edma odjet.<\/p>\n<p class=\"e_cz\">Do vlasti se u\u017e nikdy nevr\u00e1til.<\/p>\n<p>Hlas, kter\u00fd komunist\u00e9 nedok\u00e1zali uml\u010det<\/p>\n<p class=\"e_cz\">V \u0158\u00edm\u011b se Beran zapojil do druh\u00e9ho vatik\u00e1nsk\u00e9ho koncilu. V\u00a0z\u00e1\u0159\u00ed 1965\u00a0tam p\u0159ednesl projev o\u00a0svobod\u011b sv\u011bdom\u00ed, ve kter\u00e9m se jako jeden z\u00a0prvn\u00edch katolick\u00fdch prel\u00e1t\u016f p\u0159imluvil za rehabilitaci Jana Husa.<\/p>\n<p class=\"e_cz\">\u010cty\u0159i roky vyhnanstv\u00ed str\u00e1vil cestov\u00e1n\u00edm po Evrop\u011b a\u00a0Spojen\u00fdch st\u00e1tech, kde nav\u0161t\u011bvoval krajansk\u00e9 komunity. Promlouval k\u00a0nim i\u00a0p\u0159es Vatik\u00e1nsk\u00fd rozhlas. Kdy\u017e si v\u00a0lednu 1969\u00a0vzal \u017eivot student Jan Palach, Beran ve vys\u00edl\u00e1n\u00ed vyj\u00e1d\u0159il soustrast a\u00a0\u00factu k\u00a0jeho odhodl\u00e1n\u00ed, by\u0165 sebevra\u017eedn\u00fd \u010din s\u00e1m nemohl schv\u00e1lit.<\/p>\n<p class=\"e_cz\">P\u0159es enormn\u00ed n\u00e1tlak st\u00e1tu nikdy neodvolal exkomunikaci Josefa Plojhara. Ten na rozd\u00edl od Berana zem\u0159el o\u00a0dvan\u00e1ct let pozd\u011bji jako v\u00e1\u017een\u00fd host na sov\u011btsk\u00e9 ambas\u00e1d\u011b v\u00a0Praze.<\/p>\n<p>Pape\u017e, kter\u00fd poh\u0159b\u00edval kardin\u00e1la<\/p>\n<p class=\"e_cz\">Josef Beran zem\u0159el 17.\u00a0kv\u011btna 1969\u00a0v\u00a0\u0158\u00edm\u011b, ve v\u011bku osmdes\u00e1ti let. Komunistick\u00e1 vl\u00e1da odm\u00edtla povolit p\u0159evoz jeho ostatk\u016f dom\u016f.<\/p>\n<p class=\"e_cz\">Pape\u017e Pavel VI. proto rozhodl o\u00a0v\u00fdjime\u010dn\u00e9 poct\u011b\u00a0\u2013 Beran byl poh\u0159ben v\u00a0krypt\u011b baziliky svat\u00e9ho Petra, v\u00a0m\u00edstech vyhrazen\u00fdch t\u00e9m\u011b\u0159 v\u00fdhradn\u011b pape\u017e\u016fm. Ob\u0159ad se konal 22.\u00a0kv\u011btna 1969\u00a0a\u00a0pape\u017e se ho neobvykle ujal osobn\u011b, co\u017e jinak d\u011blal jen p\u0159i poh\u0159bech hlav st\u00e1t\u016f. Pam\u011btn\u00edci vzpom\u00ednali na atmosf\u00e9ru plnou zahrani\u010dn\u00edch diplomat\u016f a\u00a0na to, jak nezvykle to na \u0159\u00edmsk\u00e9 kuri\u00e1ln\u00ed kruhy tehdy p\u016fsobilo.<\/p>\n<p class=\"e_cz\">Beran se stal jedin\u00fdm \u010cechem v\u00a0historii, kter\u00fd spo\u010dinul po boku pape\u017e\u016f.<\/p>\n<p>N\u00e1vrat po pades\u00e1ti letech<\/p>\n<p class=\"e_cz\">Do vlasti se Josef Beran vr\u00e1til, a\u017e kdy\u017e u\u017e na jeho odchod skoro nikdo z\u00a0pam\u011btn\u00edk\u016f ne\u010dekal. V\u00a0roce 2018\u00a0povolil pape\u017e Franti\u0161ek p\u0159evoz ostatk\u016f do \u010ceska\u00a0\u2013 v\u00a0souladu s\u00a0kardin\u00e1lov\u00fdm posledn\u00edm p\u0159\u00e1n\u00edm b\u00fdt poh\u0159ben v\u00a0Praze nebo v\u00a0rodn\u00e9 Plzni.<\/p>\n<p class=\"e_cz\">Ostatky p\u0159ilet\u011bly vojensk\u00fdm letounem do Prahy a\u00a021.\u00a0dubna 2018\u00a0byly slavnostn\u011b ulo\u017eeny v\u00a0sarkof\u00e1gu svatov\u00edtsk\u00e9 katedr\u00e1ly, mezi ostatn\u00edmi pra\u017esk\u00fdmi arcibiskupy. Od roku 1998\u00a0nav\u00edc prob\u00edh\u00e1 proces jeho blaho\u0159e\u010den\u00ed.<\/p>\n<p>Dva kn\u011b\u017e\u00ed, dva osudy<\/p>\n<p class=\"e_cz\">Beran a\u00a0Plojhar pro\u0161li stejn\u00fdmi t\u00e1bory, stejnou dobou, stejnou zkou\u0161kou. Jeden zvolil vzdor a\u00a0zaplatil za\u0148 patn\u00e1cti lety internace, vyhnanstv\u00edm a\u00a0smrt\u00ed daleko od domova. Druh\u00fd zvolil spolupr\u00e1ci a\u00a0dostal za ni dvacet let u\u00a0moci, dv\u011b nejvy\u0161\u0161\u00ed st\u00e1tn\u00ed vyznamen\u00e1n\u00ed a\u00a0p\u0159ezd\u00edvku \u201etovari\u0161\u010d pop\u201c.<\/p>\n<p class=\"e_cz\">Historie oba nakonec ohodnotila jinak, ne\u017e jak byli odm\u011bn\u011bni za sv\u00e9ho \u017eivota. Plojharovo jm\u00e9no dnes zn\u00e1 m\u00e1lokdo. Beranovy ostatky le\u017e\u00ed ve svatov\u00edtsk\u00e9 katedr\u00e1le a\u00a0katolick\u00e1 c\u00edrkev zkoum\u00e1, zda ho prohl\u00e1sit za svat\u00e9ho.<\/p>\n<p class=\"e_cz\">Kardin\u00e1l Beran. Mu\u017e sv\u011bdom\u00ed, kter\u00fd v\u00a0boji za sv\u00e9 ide\u00e1ly p\u0159i\u0161el o\u00a0svobodu i\u00a0vlast \u010cT24, 17.\u00a0dubna 2018\u00a0Dostupn\u00e9 z: https:\/\/ct24.ceskatelevize.cz\/clanek\/domaci\/kardinal-beran-muz-svedomi-ktery-v-boji-za-sve-idealy-prisel-o-svobodu-i-vlast-83508<\/p>\n<p class=\"e_cz\">Beran br\u00e1nil c\u00edrkev p\u0159ed komunisty, za to ho od\u0159\u00edzli od v\u011b\u0159\u00edc\u00edch. Vatik\u00e1n ho poh\u0159bil vedle pape\u017e\u016f iROZHLAS, 17.\u00a0dubna 2018\u00a0Dostupn\u00e9 z: https:\/\/www.irozhlas.cz\/veda-technologie\/historie\/kardinal-josef-beran-cirkev-zivotopis-profil-vatikan_1804171905_ako<\/p>\n<p class=\"e_cz\">Josef kardin\u00e1l BERAN\u00a0\u2013 p\u0159ehledn\u00fd \u017eivotopis (na z\u00e1klad\u011b prac\u00ed histori\u010dky Stanislavy Vodi\u010dkov\u00e9, \u00daSTR) Pastorace.cz Dostupn\u00e9 z: https:\/\/www.pastorace.cz\/clanky\/josef-kardinal-beran-prehledny-zivotopis<\/p>\n<p class=\"e_cz\">Josef Beran\u00a0\u2013 \u017divotopis a\u00a0ocen\u011bn\u00ed Datab\u00e1ze knih Dostupn\u00e9 z: https:\/\/www.databazeknih.cz\/zivotopis\/josef-beran-72310<\/p>\n<p class=\"e_cz\">Prostitutky ve slu\u017eb\u00e1ch StB. Inspirovala se u\u00a0KGB? Barrandov.tv, 6.\u00a0\u0159\u00edjna 2019\u00a0Dostupn\u00e9 z: https:\/\/www.barrandov.tv\/rubriky\/zpravy\/domaci\/prostitutky-ve-sluzbach-stb-inspirovala-se-u-kgb_2742.html<\/p>\n<p class=\"e_cz\">St\u0159et s\u00a0komunisty na Bo\u017e\u00ed t\u011blo Katolick\u00fd t\u00fdden\u00edk Dostupn\u00e9 z: https:\/\/www.katyd.cz\/clanky\/stret-s-komunisty-na-bozi-telo.html<\/p>\n<p class=\"e_cz\">Kardin\u00e1l Josef Beran se nesm\u011bl vr\u00e1tit z\u00a0exilu ani po smrti Den\u00edk.cz, 17.\u00a0kv\u011btna 2009\u00a0Dostupn\u00e9 z: https:\/\/www.denik.cz\/cesko\/temajosefberan20090517\/<\/p>\n<p class=\"e_cz\">Kardin\u00e1l Beran a\u00a0Vatik\u00e1n Zem\u011b Sv\u011bta Dostupn\u00e9 z: https:\/\/zemesveta.cz\/kardinal-beran-a-vatikan\/<\/p>\n<p class=\"e_cz\">Pape\u017e Franti\u0161ek povolil p\u0159evoz ostatk\u016f kardin\u00e1la Berana do \u010ceska iROZHLAS, 3.\u00a0ledna 2018\u00a0Dostupn\u00e9 z: https:\/\/www.irozhlas.cz\/zpravy-domov\/papez-frantisek-kardinal-josef-beran-prevoz-ostatku_1801031435_ako<\/p>\n<p class=\"e_cz\">\u017divotopis Kardinalberan.cz Dostupn\u00e9 z: https:\/\/www.kardinalberan.cz\/zivotopis\/<\/p>\n<p class=\"e_cz\">BERAN Josef 1888\u20131969\u00a0Biografick\u00fd slovn\u00edk \u010desk\u00fdch zem\u00ed Dostupn\u00e9 z: https:\/\/biography.hiu.cas.cz\/wiki\/BERAN_Josef_29.12.1888-17.5.1969<\/p>\n","protected":false},"excerpt":{"rendered":"Liberec, 18.\u00a0listopadu 1952.\u00a0V\u00a0interna\u010dn\u00ed vile v\u00a0R\u016f\u017eodolu bydl\u00ed pod dohledem StB pra\u017esk\u00fd arcibiskup Josef Beran. Do zd\u00ed lo\u017enice, koupelny, pracovny&hellip;\n","protected":false},"author":2,"featured_media":203701,"comment_status":"","ping_status":"","sticky":false,"template":"","format":"standard","meta":{"footnotes":"","_share_on_mastodon":"0"},"categories":[7],"tags":[43,42,1936,41,40,25830,1720,2209,441,7204,1935,4175,8607,18347,1929,40445,7491,15622,27311],"class_list":["post-203700","post","type-post","status-publish","format-standard","has-post-thumbnail","category-cesko","tag-ceska-republika","tag-cesko","tag-cirkev","tag-czech-republic","tag-czechia","tag-dachau","tag-dejiny","tag-druha-svetova-valka","tag-historie","tag-holokaust","tag-katolicka-cirkev","tag-komunismus","tag-koncentracni-tabor","tag-moderni-dejiny","tag-papez","tag-perzekuce","tag-rim","tag-rimskokatolicka-cirkev","tag-terezin"],"share_on_mastodon":{"url":"https:\/\/pubeurope.com\/@cz\/117218417131237152","error":""},"_links":{"self":[{"href":"https:\/\/www.europesays.com\/cz\/wp-json\/wp\/v2\/posts\/203700","targetHints":{"allow":["GET"]}}],"collection":[{"href":"https:\/\/www.europesays.com\/cz\/wp-json\/wp\/v2\/posts"}],"about":[{"href":"https:\/\/www.europesays.com\/cz\/wp-json\/wp\/v2\/types\/post"}],"author":[{"embeddable":true,"href":"https:\/\/www.europesays.com\/cz\/wp-json\/wp\/v2\/users\/2"}],"replies":[{"embeddable":true,"href":"https:\/\/www.europesays.com\/cz\/wp-json\/wp\/v2\/comments?post=203700"}],"version-history":[{"count":0,"href":"https:\/\/www.europesays.com\/cz\/wp-json\/wp\/v2\/posts\/203700\/revisions"}],"wp:featuredmedia":[{"embeddable":true,"href":"https:\/\/www.europesays.com\/cz\/wp-json\/wp\/v2\/media\/203701"}],"wp:attachment":[{"href":"https:\/\/www.europesays.com\/cz\/wp-json\/wp\/v2\/media?parent=203700"}],"wp:term":[{"taxonomy":"category","embeddable":true,"href":"https:\/\/www.europesays.com\/cz\/wp-json\/wp\/v2\/categories?post=203700"},{"taxonomy":"post_tag","embeddable":true,"href":"https:\/\/www.europesays.com\/cz\/wp-json\/wp\/v2\/tags?post=203700"}],"curies":[{"name":"wp","href":"https:\/\/api.w.org\/{rel}","templated":true}]}}