{"id":203708,"date":"2026-09-05T12:28:21","date_gmt":"2026-09-05T12:28:21","guid":{"rendered":"https:\/\/www.europesays.com\/cz\/203708\/"},"modified":"2026-09-05T12:28:21","modified_gmt":"2026-09-05T12:28:21","slug":"serialovy-harry-potter-obsadil-novou-ginny-dobbyho-a-mladeho-voldemorta-nerdfix","status":"publish","type":"post","link":"https:\/\/www.europesays.com\/cz\/203708\/","title":{"rendered":"Seri\u00e1lov\u00fd Harry Potter obsadil novou Ginny, Dobbyho a mlad\u00e9ho Voldemorta &#8211; Nerdfix"},"content":{"rendered":"<p><a href=\"https:\/\/news.google.com\/rss\/articles\/CBMijgFBVV95cUxQV2hKaFBlWHY5LVlnUU9mZHZGT0NOZ2JpUUdHNExGUzR4dVJUYUsxcnd2WjFmQi1vd0xZX05wN0lyci1DQnJCSV9mdDJrTXFEZ3dsNDg4ZXhXX2ZudkNHdjZTcUhFVUNwS21XOUU5b0hsczc0TkJTU2U5ZlJzdGpMdEszLTJITXVxdkFBTHZn?oc=5\" target=\"_blank\" rel=\"nofollow noopener\">Seri\u00e1lov\u00fd Harry Potter obsadil novou Ginny, Dobbyho a mlad\u00e9ho Voldemorta<\/a>&nbsp;&nbsp;Nerdfix<a href=\"https:\/\/news.google.com\/rss\/articles\/CBMi5wFBVV95cUxNNTBWU1pXQ281NUQ4bjR3eTRMZG9LalVRZVA4WFdzREhFeEJkUWZGTXNKWGtTOExneF9vSllFV1VzTWFkSGFzT0hzaDVvTU5UTm1LaUdTX1d5NFh3Z29icVFBeG1KRk80YzhCbk1xdzMtdTRLVFY0NXpyVFpYN1Z6bG05cnZkU1ZLVUVONkp4TGFqTTM0VTN1Z3I3bFNKYnZZSnRXbU9DQW1uM0dpZ0N4WnlwbDlJQkljM3JlMjdSdER5X2hrSDJ3UjVqRWNUR2xxRFhBOEtaWXlwTnlpYWZXNWxRNFBXNW8?oc=5\" target=\"_blank\" rel=\"nofollow noopener\">Dobby, Ginny Weasleyov\u00e1 a Tom Riddle, tv\u016frci seri\u00e1lu Harry Potter ozn\u00e1mili dal\u0161\u00ed obsazen\u00ed rol\u00ed<\/a>&nbsp;&nbsp;Novinky<a href=\"https:\/\/news.google.com\/rss\/articles\/CBMi1AFBVV95cUxQc0NzVlVhVTViUXVFa291NGk4bloyQ1ZHNWFqM256aVJ0SjVqWjRlQmZKeXdwVjRfM003VV91TDNmdjNNbG5qb252SjZqR0kydHNJSHBZclJSSzMyUXpfZERKWHVpcE5tcDktRFJuNVpRbWRjak50OU5rWmtOZElOTktkOG5LV0diS0cybVdUeERyUUNwVXBPcWdhTXZLYXR4ZGhyLURuOVl1cmJCV1V3bVhvRUx6TGhYVldITkFCMmNaR3dRbVRpOGYzS1RqZEZZVS05YQ?oc=5\" target=\"_blank\" rel=\"nofollow noopener\">Harry Potter byl moje d\u011btstv\u00ed. Nov\u00fd seri\u00e1l u\u017e je ale pro jinou generaci kouzeln\u00edk\u016f<\/a>&nbsp;&nbsp;Reflex.cz<a href=\"https:\/\/news.google.com\/rss\/articles\/CBMipAFBVV95cUxNRWJxOEJnRERpUm9KNVNMeTBZaHVmMkRhejIxTk9YT05qXzdfZUJmV0lrT2xydlJiRnJlTHA5cE1vNFZlV1hyQnR3VHFSREY2ek5sOHU1TmRsY0NIeXJJQ0tSS0JDNmMtYkVjSjR4N0tVRFNoWDBXVmYwS2wtRlgyRUJUdVhRMUhsOE9TT2c5SzQ4bks1ejZZcnZVekYxRkdUdnllUw?oc=5\" target=\"_blank\" rel=\"nofollow noopener\">Dojet\u00ed i znechucen\u00ed. Nov\u00fd trailer na seri\u00e1l o Harrym Potterovi fanou\u0161ky rozd\u011bluje<\/a>&nbsp;&nbsp;iDNES.cz<a href=\"https:\/\/news.google.com\/rss\/articles\/CBMiZEFVX3lxTE1Ua1g3T3NSb2VZVUdXaXI2WEplZFdpMEN1dTFJY1pibHQycnNCejVSVWhES3VaUXVCRHFyTnAxMEUxSjRERUZEWGpaNU1TanBRQkVwQkxDd01jbnh5cjk2TEJMRGQ?oc=5\" target=\"_blank\" rel=\"nofollow noopener\">Harry Potter seri\u00e1l se ukazuje v zat\u00edm nejdel\u0161\u00edm traileru<\/a>&nbsp;&nbsp;Alza<\/p>\n","protected":false},"excerpt":{"rendered":"Seri\u00e1lov\u00fd Harry Potter obsadil novou Ginny, Dobbyho a mlad\u00e9ho Voldemorta&nbsp;&nbsp;NerdfixDobby, Ginny Weasleyov\u00e1 a Tom Riddle, tv\u016frci seri\u00e1lu Harry&hellip;\n","protected":false},"author":2,"featured_media":203709,"comment_status":"","ping_status":"","sticky":false,"template":"","format":"standard","meta":{"footnotes":"","_share_on_mastodon":"0"},"categories":[14],"tags":[6004,6005,6006,79,3107,6002,1093,6000,386,2083,6003,6008,6007,6001,5998,5999,16,181,6010,3108,6011,2832,6009,80,437],"class_list":["post-203708","post","type-post","status-publish","format-standard","has-post-thumbnail","category-zabava","tag-comics","tag-cosplay","tag-cz-sk","tag-entertainment","tag-fantasy","tag-filmove-novinky","tag-filmy","tag-geek","tag-knihy","tag-komiksy","tag-komixy","tag-magazin","tag-nejlepsi","tag-nerd","tag-nerdfix-cz","tag-nerdfix-sk","tag-news","tag-novinky","tag-popkultura","tag-sci-fi","tag-scifi","tag-serialy","tag-tv-porad","tag-zabava","tag-zajimavosti"],"share_on_mastodon":{"url":"https:\/\/pubeurope.com\/@cz\/117218436988342948","error":""},"_links":{"self":[{"href":"https:\/\/www.europesays.com\/cz\/wp-json\/wp\/v2\/posts\/203708","targetHints":{"allow":["GET"]}}],"collection":[{"href":"https:\/\/www.europesays.com\/cz\/wp-json\/wp\/v2\/posts"}],"about":[{"href":"https:\/\/www.europesays.com\/cz\/wp-json\/wp\/v2\/types\/post"}],"author":[{"embeddable":true,"href":"https:\/\/www.europesays.com\/cz\/wp-json\/wp\/v2\/users\/2"}],"replies":[{"embeddable":true,"href":"https:\/\/www.europesays.com\/cz\/wp-json\/wp\/v2\/comments?post=203708"}],"version-history":[{"count":0,"href":"https:\/\/www.europesays.com\/cz\/wp-json\/wp\/v2\/posts\/203708\/revisions"}],"wp:featuredmedia":[{"embeddable":true,"href":"https:\/\/www.europesays.com\/cz\/wp-json\/wp\/v2\/media\/203709"}],"wp:attachment":[{"href":"https:\/\/www.europesays.com\/cz\/wp-json\/wp\/v2\/media?parent=203708"}],"wp:term":[{"taxonomy":"category","embeddable":true,"href":"https:\/\/www.europesays.com\/cz\/wp-json\/wp\/v2\/categories?post=203708"},{"taxonomy":"post_tag","embeddable":true,"href":"https:\/\/www.europesays.com\/cz\/wp-json\/wp\/v2\/tags?post=203708"}],"curies":[{"name":"wp","href":"https:\/\/api.w.org\/{rel}","templated":true}]}}