{"id":203754,"date":"2026-09-05T13:28:30","date_gmt":"2026-09-05T13:28:30","guid":{"rendered":"https:\/\/www.europesays.com\/cz\/203754\/"},"modified":"2026-09-05T13:28:30","modified_gmt":"2026-09-05T13:28:30","slug":"na-brnenskem-vystavisti-vznikla-nejvetsi-vedecka-herna-ceska-kona-se-tam-festival-vedy-a-techniky-novinky","status":"publish","type":"post","link":"https:\/\/www.europesays.com\/cz\/203754\/","title":{"rendered":"Na brn\u011bnsk\u00e9m v\u00fdstavi\u0161ti vznikla nejv\u011bt\u0161\u00ed v\u011bdeck\u00e1 herna \u010ceska. Kon\u00e1 se tam Festival v\u011bdy a techniky &#8211; Novinky"},"content":{"rendered":"<p><a href=\"https:\/\/news.google.com\/rss\/articles\/CBMirwFBVV95cUxPZmFyMlBqcWo3dlcxMVdNSnJCdS1rMUZhVWZvRk51OGQ0ejhqSkFxYzVQcXB2R01Oak9CWEhENnowODhIeFZpMUo4Q1BBVUJQdllkOHZ5MlRUZ2ctRkFjUy0wbDhocGxURHAyZGtjQVhvNHRGdVJjTVRVYkI1Z2VZTlFWSUNKOVoxNzNtQzNieWo0UEtIOXR1WEFYeVl0N0VlTmNIN2RwbW9PWXhUSVFZ?oc=5\" target=\"_blank\" rel=\"nofollow noopener\">Na brn\u011bnsk\u00e9m v\u00fdstavi\u0161ti vznikla nejv\u011bt\u0161\u00ed v\u011bdeck\u00e1 herna \u010ceska. Kon\u00e1 se tam Festival v\u011bdy a techniky<\/a>&nbsp;&nbsp;Novinky<a href=\"https:\/\/news.google.com\/rss\/articles\/CBMiuAFBVV95cUxOOE5oeDRPeTBGa1lSNE1wUWF6Mml0a1NkVi1ncTRnVEYxVURGZEJwZUJ0MUdvVWdPckZBZWsxQXBYN3owQTlBMDJTZFY0bzVQMEd5Sm50OFhwdHBQM09TaHgzc0hYeVJXSVhsVk1NWUVSZF8tT0xWZ01ERGd6VnFMX2ZBSTJlZGloMGRuZUhkb1VWN0xBV1c4YjMzTTdlbDFENml3Zy1xaEg0bkl2eElrZWcxNEVCRTdB?oc=5\" target=\"_blank\" rel=\"nofollow noopener\">Magaz\u00edn Experiment: Co prozrad\u00ed o obyvatel\u00edch Velk\u00e9 Moravy gomb\u00edky? A jak sn\u00ed\u017eit krevn\u00ed tlak jinak ne\u017e l\u00e9ky?<\/a>&nbsp;&nbsp;Radio\u017eurn\u00e1l<a href=\"https:\/\/news.google.com\/rss\/articles\/CBMirwFBVV95cUxQRGVxR1pXeDVqeWt5dDVEWmVES3JCd3M0U3ZCN0hEaVJFY1pqM0p2cl92Y3ZTTWRnT0NSRFFBbUlhQ3BNN3FzR2JoZ1FMMFllYllmZkJwWGVhTWRScVFrUDlEMVc2eFcwaE1wRTNKbVh6Smt2T0Q4UG9qaVFodlBMUjJFbWdQMGgzTzQ1cG5tUHRpXzRCQ19aT3ZWZkdCMU05bWxvdmFPQ0IxMmpDWWo0?oc=5\" target=\"_blank\" rel=\"nofollow noopener\">Tipy na v\u00edkend v Brn\u011b a okol\u00ed: U Va\u0148kovky zavon\u00ed burgery, v Rosic\u00edch \u010desnek<\/a>&nbsp;&nbsp;Brn\u011bnsk\u00fd den\u00edk<a href=\"https:\/\/news.google.com\/rss\/articles\/CBMiuAFBVV95cUxNU1NCR3NSSE1WaUloNkluUXVxaVJFNWVab00yVDBIblJZZmNTRkFubHdIV2NJZmkwZUlxMDRLaGxhY2tRVTBFcmVNMmNvMXdlemw0RVgyT2ExQmlSYk5nX2ZZUF92TlB6dlkxYUY4VUUwZmRsSDV2VWYwa2o5TmNSZHlvVktmNVZRT25iMHgyZnhEbTRXWG5yN3lRdjU4dDNzdjhYQ1E5eWZZS181RDBEYWM4dXplTzdm?oc=5\" target=\"_blank\" rel=\"nofollow noopener\">Festival v\u011bdy a techniky l\u00e1k\u00e1 na stovku interaktivn\u00edch stanovi\u0161\u0165. Vstup je zdarma<\/a>&nbsp;&nbsp;Centrum.cz<a href=\"https:\/\/news.google.com\/rss\/articles\/CBMiqgFBVV95cUxQbk8yNDFlRjhYanhCemNoR2Y4OUFnQWgtWDgzbmRwR1JsV3FldjJpaC1uVnZyckRrNC1CbE1BYnFSeXVqYldQbXZRSUtTazhJWkM5UUstMVA4LUk1YXZTVEYtWE1tUUswYUUtR1lGU2d6UjNWcEFnbEsyYjNlU29yc1lJSkN5VzYtSE00UWZ2NHBPMUlfVUZWV3NQZ0NxZzc5bDJtbjBBaElPQQ?oc=5\" target=\"_blank\" rel=\"nofollow noopener\">Na brn\u011bnsk\u00e9m V\u00fdstavi\u0161ti prob\u00edh\u00e1 Festival v\u011bdy &amp; techniky<\/a>&nbsp;&nbsp;Noviny kraje<\/p>\n","protected":false},"excerpt":{"rendered":"Na brn\u011bnsk\u00e9m v\u00fdstavi\u0161ti vznikla nejv\u011bt\u0161\u00ed v\u011bdeck\u00e1 herna \u010ceska. Kon\u00e1 se tam Festival v\u011bdy a techniky&nbsp;&nbsp;NovinkyMagaz\u00edn Experiment: Co prozrad\u00ed&hellip;\n","protected":false},"author":2,"featured_media":203755,"comment_status":"","ping_status":"","sticky":false,"template":"","format":"standard","meta":{"footnotes":"","_share_on_mastodon":"0"},"categories":[7],"tags":[92,43,42,41,40,9838,2574,78,77,6816],"class_list":["post-203754","post","type-post","status-publish","format-standard","has-post-thumbnail","category-cesko","tag-brno","tag-ceska-republika","tag-cesko","tag-czech-republic","tag-czechia","tag-festivaly","tag-skoly","tag-technika","tag-veda","tag-vystaviste"],"share_on_mastodon":{"url":"https:\/\/pubeurope.com\/@cz\/117218672815885870","error":""},"_links":{"self":[{"href":"https:\/\/www.europesays.com\/cz\/wp-json\/wp\/v2\/posts\/203754","targetHints":{"allow":["GET"]}}],"collection":[{"href":"https:\/\/www.europesays.com\/cz\/wp-json\/wp\/v2\/posts"}],"about":[{"href":"https:\/\/www.europesays.com\/cz\/wp-json\/wp\/v2\/types\/post"}],"author":[{"embeddable":true,"href":"https:\/\/www.europesays.com\/cz\/wp-json\/wp\/v2\/users\/2"}],"replies":[{"embeddable":true,"href":"https:\/\/www.europesays.com\/cz\/wp-json\/wp\/v2\/comments?post=203754"}],"version-history":[{"count":0,"href":"https:\/\/www.europesays.com\/cz\/wp-json\/wp\/v2\/posts\/203754\/revisions"}],"wp:featuredmedia":[{"embeddable":true,"href":"https:\/\/www.europesays.com\/cz\/wp-json\/wp\/v2\/media\/203755"}],"wp:attachment":[{"href":"https:\/\/www.europesays.com\/cz\/wp-json\/wp\/v2\/media?parent=203754"}],"wp:term":[{"taxonomy":"category","embeddable":true,"href":"https:\/\/www.europesays.com\/cz\/wp-json\/wp\/v2\/categories?post=203754"},{"taxonomy":"post_tag","embeddable":true,"href":"https:\/\/www.europesays.com\/cz\/wp-json\/wp\/v2\/tags?post=203754"}],"curies":[{"name":"wp","href":"https:\/\/api.w.org\/{rel}","templated":true}]}}