{"id":203772,"date":"2026-09-05T13:49:12","date_gmt":"2026-09-05T13:49:12","guid":{"rendered":"https:\/\/www.europesays.com\/cz\/203772\/"},"modified":"2026-09-05T13:49:12","modified_gmt":"2026-09-05T13:49:12","slug":"nejblizsi-se-louci-s-vaclavem-neckarem-mladsim-na-miste-je-manzelka-hana-i-zdrceny-otec","status":"publish","type":"post","link":"https:\/\/www.europesays.com\/cz\/203772\/","title":{"rendered":"Nejbli\u017e\u0161\u00ed se lou\u010d\u00ed s V\u00e1clavem Neck\u00e1\u0159em mlad\u0161\u00edm: Na m\u00edst\u011b je man\u017eelka Hana i zdrcen\u00fd otec"},"content":{"rendered":"<p>\n                        Nejbli\u017e\u0161\u00ed poz\u016fstal\u00ed se v sobotu lou\u010d\u00ed se zesnul\u00fdm V\u00e1clavem Neck\u00e1\u0159em mlad\u0161\u00edm. Poh\u0159eb prob\u00edh\u00e1 v pra\u017esk\u00fdch Vr\u0161ovic\u00edch v kostele C\u00edrkve \u010deskoslovensk\u00e9 husitsk\u00e9. \u0158\u00edci posledn\u00ed sbohem mu p\u0159i\u0161ly des\u00edtky lid\u00ed, mezi kter\u00fdmi nechyb\u011bla man\u017eelka Hana ani otec V\u00e1clav Neck\u00e1\u0159. Poh\u0159eb je neve\u0159ejn\u00fd. Syn slavn\u00e9ho zp\u011bv\u00e1ka zem\u0159el 24. srpna ve v\u011bku pouh\u00fdch 52 let.\n                    <\/p>\n<p>Smute\u010dn\u00ed ob\u0159ad za V\u00e1clava Neck\u00e1\u0159e mlad\u0161\u00edho prob\u00edh\u00e1 v kostele C\u00edrkve \u010deskoslovensk\u00e9 husitsk\u00e9 ve Vr\u0161ovic\u00edch. Tedy na stejn\u00e9m m\u00edst\u011b, kde dal slavn\u00fd hudebn\u00edk i se synem v roce 2015 posledn\u00ed sbohem jeho mamince Jarce. Samotn\u00e9 zpopeln\u011bn\u00ed V\u00e1clava Neck\u00e1\u0159e mlad\u0161\u00edho u\u017e prob\u011bhlo d\u0159\u00edve pouze za p\u0159\u00edtomnosti nejbli\u017e\u0161\u00edch. Sobotn\u00ed setk\u00e1n\u00ed je tak p\u0159edev\u0161\u00edm vzpom\u00ednkou na zesnul\u00e9ho a jeho \u017eivot.<\/p>\n<p>\u010cT\u011aTE TAK\u00c9: <a target=\"_blank\" href=\"https:\/\/cnn.iprima.cz\/show-time\/havacova-se-rozhodnuti-neboji-vzala-si-o-31-let-starsiho-prachare-a-vstoupila-do-armady-520569\" rel=\"nofollow noopener\">Hav\u00e1\u010dov\u00e1 se rozhodnut\u00ed neboj\u00ed. Vzala si o 31 let star\u0161\u00edho Pracha\u0159e a vstoupila do arm\u00e1dy.<\/a><\/p>\n<p>\u201eS vd\u011b\u010dnost\u00ed za to, \u017ee byl, \u017ee jsme ho znali, za l\u00e1sku, kterou mezi n\u00e1mi rozd\u00e1val, oznamujeme, \u017ee 24. srpna byl milostiv\u00fdm Bohem z tohoto sv\u011bta odvol\u00e1n V\u00e1clav Neck\u00e1\u0159 mlad\u0161\u00ed,\u201c <a target=\"_blank\" href=\"https:\/\/cnn.iprima.cz\/detaily-pohrbu-vaclava-neckare-mladsiho-probehne-v-kruhu-rodiny-blizci-poslali-dojemny-vzkaz-520824\" rel=\"nofollow noopener\">stoj\u00ed v z\u00e1hlav\u00ed parte<\/a>. Rodina se s jeho odchodem mus\u00ed vyrovn\u00e1vat po velmi kr\u00e1tk\u00e9 dob\u011b a podle bl\u00edzk\u00fdch byla tragick\u00e1 zpr\u00e1va pro v\u0161echny velk\u00fdm \u0161okem.<\/p>\n<p>Dvaapades\u00e1tilet\u00fd V\u00e1clav Neck\u00e1\u0159 mlad\u0161\u00ed podle v\u0161eho del\u0161\u00ed dobu trp\u011bl nemoc\u00ed, jej\u00ed\u017e l\u00e9\u010dbu bohu\u017eel zanedbal. Navzdory nal\u00e9h\u00e1n\u00ed okol\u00ed nevyhledal l\u00e9ka\u0159skou pomoc v\u010das. Po p\u0159evozu do nemocnice se pak bohu\u017eel uk\u00e1zalo, \u017ee l\u00e9ka\u0159i u\u017e jeho \u017eivot t\u00e9m\u011b\u0159 jist\u011b zachr\u00e1nit nedok\u00e1\u017eou.<\/p>\n<p class=\"intro-title-mobile\">\n        \u010ct\u011bte tak\u00e9\n    <\/p>\n<p>        <a href=\"https:\/\/cnn.iprima.cz\/staram-se-aby-to-vubec-prezil-o-neckare-po-smrti-syna-pecuje-jeho-bratr-jan-520469\" class=\"image-link\" rel=\"nofollow noopener\" target=\"_blank\"><\/p>\n<p>            <img decoding=\"async\" loading=\"lazy\" class=\"image\" src=\"https:\/\/www.europesays.com\/cz\/wp-content\/uploads\/2026\/09\/c3a57193466a3957ebd7bca5bf22faeb.jpg\" alt=\"V\u00e1clav Neck\u00e1\u0159 se sv\u00fdm mlad\u0161\u00edm bratrem Janem Neck\u00e1\u0159em na k\u0159tu videoklipu P\u00edse\u0148 pro mne\"\/><\/p>\n<p>            <\/a><\/p>\n<p class=\"intro-title-desktop\">\n            \u010ct\u011bte tak\u00e9\n        <\/p>\n<p>                <a href=\"https:\/\/cnn.iprima.cz\/staram-se-aby-to-vubec-prezil-o-neckare-po-smrti-syna-pecuje-jeho-bratr-jan-520469\" class=\"title-link\" rel=\"nofollow noopener\" target=\"_blank\"><\/p>\n<p class=\"title\">\n                Star\u00e1m se, aby to v\u016fbec p\u0159e\u017eil. O Neck\u00e1\u0159e po smrti syna pe\u010duje jeho bratr Jan\n            <\/p>\n<p>        <\/a><\/p>\n<p>                                                                                                29. srp 2026, 09:54<\/p>\n<p>                6 min \u010dten\u00ed<\/p>\n<p>O \u017eivot bojoval n\u011bkolik dn\u00ed<\/p>\n<p>\u201eVa\u0161\u00edk o \u017eivot bojoval n\u011bkolik dn\u00ed. P\u0159i\u0161la otrava krve, pak u\u017e to \u0161lo bohu\u017eel hodn\u011b rychle. Od r\u00e1na se v\u011bd\u011blo, \u017ee je to ot\u00e1zka hodin, kdy to p\u0159ijde. Po\u0159\u00e1d tomu nemohu uv\u011b\u0159it, \u017ee u\u017e Va\u0161\u00edk nen\u00ed,\u201c popsal p\u0159\u00edtel rodiny Neck\u00e1\u0159ov\u00fdch redakci webu CNN Prima NEWS.<a target=\"_blank\" href=\"https:\/\/cnn.iprima.cz\/show-time\/zpevak-vaclav-neckar-v-slzach-zemrel-jeho-jediny-syn-vasek-bylo-mu-pouhych-52-let-520051\" rel=\"nofollow noopener\"> Jeho smrt <\/a>byla i p\u0159esto pro v\u0161echny naprost\u00fdm \u0161okem.<\/p>\n<p>Nejv\u011bt\u0161\u00ed bolest krom\u011b jeho man\u017eelky za\u017e\u00edv\u00e1 tak\u00e9 otec V\u00e1clav Neck\u00e1\u0159 star\u0161\u00ed, jemu\u017e byl syn velkou oporou. Pot\u00e9, co slavn\u00fd zp\u011bv\u00e1k v roce 2002 p\u0159i \u0159\u00edzen\u00ed automobilu prod\u011blal mozkovou mrtvici, pom\u00e1hal mu pr\u00e1v\u011b syn Va\u0161ek s n\u00e1vratem na p\u00f3dia. Mimo jin\u00e9 mu sestavil speci\u00e1ln\u00ed \u010dtec\u00ed za\u0159\u00edzen\u00ed na texty p\u00edsn\u00ed, s nimi\u017e m\u011bl Neck\u00e1\u0159 po mozkov\u00e9 p\u0159\u00edhod\u011b pot\u00ed\u017ee.<\/p>\n<p>MOHLO BY V\u00c1S ZAJ\u00cdMAT: <a target=\"_blank\" href=\"https:\/\/cnn.iprima.cz\/bile-rakve-a-zaplava-kvetin-most-se-loucil-s-maturantkami-ktere-tragicky-zahynuly-pri-bouracce-520695\" rel=\"nofollow noopener\">B\u00edl\u00e9 rakve a z\u00e1plava kv\u011btin. Most se lou\u010dil s maturantkami, kter\u00e9 tragicky zahynuly p\u0159i nehod\u011b<\/a><\/p>\n","protected":false},"excerpt":{"rendered":"Nejbli\u017e\u0161\u00ed poz\u016fstal\u00ed se v sobotu lou\u010d\u00ed se zesnul\u00fdm V\u00e1clavem Neck\u00e1\u0159em mlad\u0161\u00edm. Poh\u0159eb prob\u00edh\u00e1 v pra\u017esk\u00fdch Vr\u0161ovic\u00edch v kostele&hellip;\n","protected":false},"author":2,"featured_media":203773,"comment_status":"","ping_status":"","sticky":false,"template":"","format":"standard","meta":{"footnotes":"","_share_on_mastodon":"0"},"categories":[30],"tags":[11636,908,98,99,9638,8397,649,11700,44451,17967],"class_list":["post-203772","post","type-post","status-publish","format-standard","has-post-thumbnail","category-praha","tag-kostel","tag-pohreb","tag-prague","tag-praha","tag-smrt-a-umirani","tag-spolecenska-rubrika","tag-spolecnost","tag-vaclav-neckar","tag-vaclav-neckar-mladsi","tag-vrsovice"],"share_on_mastodon":{"url":"https:\/\/pubeurope.com\/@cz\/117218755717706296","error":""},"_links":{"self":[{"href":"https:\/\/www.europesays.com\/cz\/wp-json\/wp\/v2\/posts\/203772","targetHints":{"allow":["GET"]}}],"collection":[{"href":"https:\/\/www.europesays.com\/cz\/wp-json\/wp\/v2\/posts"}],"about":[{"href":"https:\/\/www.europesays.com\/cz\/wp-json\/wp\/v2\/types\/post"}],"author":[{"embeddable":true,"href":"https:\/\/www.europesays.com\/cz\/wp-json\/wp\/v2\/users\/2"}],"replies":[{"embeddable":true,"href":"https:\/\/www.europesays.com\/cz\/wp-json\/wp\/v2\/comments?post=203772"}],"version-history":[{"count":0,"href":"https:\/\/www.europesays.com\/cz\/wp-json\/wp\/v2\/posts\/203772\/revisions"}],"wp:featuredmedia":[{"embeddable":true,"href":"https:\/\/www.europesays.com\/cz\/wp-json\/wp\/v2\/media\/203773"}],"wp:attachment":[{"href":"https:\/\/www.europesays.com\/cz\/wp-json\/wp\/v2\/media?parent=203772"}],"wp:term":[{"taxonomy":"category","embeddable":true,"href":"https:\/\/www.europesays.com\/cz\/wp-json\/wp\/v2\/categories?post=203772"},{"taxonomy":"post_tag","embeddable":true,"href":"https:\/\/www.europesays.com\/cz\/wp-json\/wp\/v2\/tags?post=203772"}],"curies":[{"name":"wp","href":"https:\/\/api.w.org\/{rel}","templated":true}]}}