{"id":203778,"date":"2026-09-05T13:58:09","date_gmt":"2026-09-05T13:58:09","guid":{"rendered":"https:\/\/www.europesays.com\/cz\/203778\/"},"modified":"2026-09-05T13:58:09","modified_gmt":"2026-09-05T13:58:09","slug":"praha-chysta-veletrh-socialnich-sluzeb-predstavi-se-pres-80-organizaci","status":"publish","type":"post","link":"https:\/\/www.europesays.com\/cz\/203778\/","title":{"rendered":"Praha chyst\u00e1 veletrh soci\u00e1ln\u00edch slu\u017eeb, p\u0159edstav\u00ed se p\u0159es 80 organizac\u00ed"},"content":{"rendered":"<p>Pomoc je \u010dasto bl\u00ed\u017e, ne\u017e si mysl\u00edte. Ilustra\u010dn\u00ed foto: MHMP<\/p>\n<p>\t\t\t\t\t\t\t\t\t10. 9. 2026 &#8211; 11. 9. 2026<\/p>\n<p>\nVeletrh soci\u00e1ln\u00edch slu\u017eeb hlavn\u00edho m\u011bsta Prahy 2026\u00a0bude jednou z\u00a0nejv\u011bt\u0161\u00edch akc\u00ed, kterou Magistr\u00e1t hlavn\u00edho m\u011bsta Prahy ve spolupr\u00e1ci s\u00a0Asociac\u00ed poskytovatel\u016f soci\u00e1ln\u00edch slu\u017eeb \u010cesk\u00e9 republiky pro ve\u0159ejnost po\u0159\u00e1d\u00e1. B\u011bhem dvou dn\u016f se p\u0159edstav\u00ed v\u00edce ne\u017e osmdes\u00e1t organizac\u00ed nab\u00edzej\u00edc\u00edch podporu lidem v\u0161ech v\u011bkov\u00fdch kategori\u00ed nach\u00e1zej\u00edc\u00edch se v\u00a0r\u016fzn\u00fdch \u017eivotn\u00edch situac\u00edch. Akce se na Mari\u00e1nsk\u00e9m n\u00e1m\u011bst\u00ed kon\u00e1 10.\u00a0a 11.\u00a0z\u00e1\u0159\u00ed, v\u017edy od 10\u00a0do 19\u00a0hodin a vstup je zdarma. Informoval o\u00a0tom mluv\u010d\u00ed magistr\u00e1tu V\u00edt Hofman.\n<\/p>\n<p>Nov\u00fd \u0161koln\u00ed rok pro \u0161kol\u00e1ky i\u00a0jejich rodi\u010de p\u0159edstavuje \u0159adu nov\u00fdch v\u00fdzev a leckdy i\u00a0starost\u00ed. A\u00a0mj. i\u00a0z\u00a0tohoto d\u016fvodu se hlavn\u00ed m\u011bsto rozhodlo ve spolupr\u00e1ci s\u00a0Asociac\u00ed poskytovatel\u016f soci\u00e1ln\u00edch slu\u017eeb \u010cesk\u00e9 republiky uspo\u0159\u00e1dat Veletrh soci\u00e1ln\u00edch slu\u017eeb hlavn\u00edho m\u011bsta Prahy 2026\u00a0\u2013 Dny pra\u017esk\u00e9 pomoci a p\u00e9\u010de, na kter\u00e9m bude p\u0159\u00edle\u017eitost se sezn\u00e1mit se \u0161irokou \u0161k\u00e1lou slu\u017eeb z\u00a0oblasti soci\u00e1ln\u00ed pomoci.\u00a0<\/p>\n<p>Veletrh nab\u00eddne mo\u017enost potkat se s\u00a0odborn\u00edky a zjistit, jakou podporu m\u016f\u017eete v\u00a0p\u0159\u00edpad\u011b pot\u0159eby vyu\u017e\u00edt pro sebe nebo sv\u00e9 bl\u00edzk\u00e9. P\u0159ipraveny jsou prezentace, praktick\u00e9 uk\u00e1zky i\u00a0prostor pro sd\u00edlen\u00ed zku\u0161enost\u00ed. Ned\u00edlnou sou\u010d\u00e1st\u00ed je i\u00a0psychosoci\u00e1ln\u00ed pomoc a mo\u017enost konzultac\u00ed s\u00a0odborn\u00edky z\u00a0p\u0159\u00edsp\u011bvkov\u00e9 organizace hlavn\u00edho m\u011bsta Prahy <a href=\"https:\/\/zahradaprodusi.cz\/\" rel=\"nofollow noopener\" target=\"_blank\">Zahrada pro du\u0161i<\/a>.\u00a0<\/p>\n<p>Na Mari\u00e1nsk\u00e9m n\u00e1m\u011bst\u00ed se p\u0159edstav\u00ed \u0159ada instituc\u00ed, kter\u00e9 lze na \u00fazem\u00ed hlavn\u00edho m\u011bsta Prahy v\u00a0p\u0159\u00edpad\u011b n\u00e1ro\u010dn\u00e9 \u017eivotn\u00ed situace vyhledat a jejich\u017e slu\u017eby jsou nab\u00edzeny v\u0161em v\u011bkov\u00fdm skupin\u00e1m\u00a0\u2013 od ml\u00e1de\u017ee a\u017e po seniory.\u00a0<\/p>\n<p>\u00a0Bude mo\u017enost sezn\u00e1mit se s\u00a0nab\u00eddkou a \u010dinnost\u00ed neziskov\u00fdch a p\u0159\u00edsp\u011bvkov\u00fdch organizac\u00ed hlavn\u00edho m\u011bsta Prahy zam\u011b\u0159uj\u00edc\u00edch se na oblast soci\u00e1ln\u00edch slu\u017eeb, nebudou chyb\u011bt ani zaj\u00edmav\u00e9 besedy s\u00a0odborn\u00edky. Program na p\u00f3diu dopln\u00ed hudebn\u00ed a stand-up vystoupen\u00ed.\u00a0<\/p>\n<p>\u201eVeletrh se nebude odehr\u00e1vat pouze na Mari\u00e1nsk\u00e9m n\u00e1m\u011bst\u00ed. \u010c\u00e1st zapojen\u00fdch organizac\u00ed a jejich nab\u00eddku budou moci n\u00e1v\u0161t\u011bvn\u00edci poznat tak\u00e9 v\u00a0prostor\u00e1ch Clam-Gallasova pal\u00e1ce,\u201c popsal Hofman.\u00a0<\/p>\n<p>Veletrh soci\u00e1ln\u00edch slu\u017eeb hlavn\u00edho m\u011bsta Prahy 2026\u00a0\u2013 Dny pra\u017esk\u00e9 pomoci a p\u00e9\u010de vyvrchol\u00ed v\u00a0p\u00e1tek 11.\u00a0z\u00e1\u0159\u00ed v\u00a018 hodin koncertem pro ve\u0159ejnost v\u00a0pod\u00e1n\u00ed \u010desk\u00e9 divadeln\u011b\u00a0\u2013 hudebn\u00ed skupiny Ka\u0161p\u00e1rek v\u00a0rohl\u00edku.\u00a0<\/p>\n<p>\u201ePomoc je \u010dasto bl\u00ed\u017e, ne\u017e si mysl\u00edte. Veletrh soci\u00e1ln\u00edch slu\u017eeb v\u00a0Praze na Mari\u00e1nsk\u00e9m n\u00e1m\u011bst\u00ed je otev\u0159en v\u0161em, kte\u0159\u00ed cht\u011bj\u00ed z\u00edskat u\u017eite\u010dn\u00e9 informace, nav\u00e1zat nov\u00e9 kontakty a objevit mo\u017enosti podpory v\u00a0p\u0159\u00edpad\u011b t\u00ed\u017eiv\u00e9 \u017eivotn\u00ed situace pro sebe i\u00a0sv\u00e9 okol\u00ed,\u201c dodal mluv\u010d\u00ed.\u00a0<\/p>\n<p>Ve\u0161ker\u00e9 informace, v\u010detn\u011b programu a seznamu z\u00fa\u010dastn\u011bn\u00fdch organizac\u00ed, jsou k\u00a0dispozici na t\u011bchto webov\u00fdch str\u00e1nk\u00e1ch: <a href=\"https:\/\/praha.eu\/veletrh-socialnich-sluzeb-2026\" rel=\"nofollow noopener\" target=\"_blank\">Veletrh soci\u00e1ln\u00edch slu\u017eeb hlavn\u00edho m\u011bsta Prahy 2026\u00a0\u2013 Dny pra\u017esk\u00e9 pomoci a p\u00e9\u010de<\/a>.<\/p>\n","protected":false},"excerpt":{"rendered":"Pomoc je \u010dasto bl\u00ed\u017e, ne\u017e si mysl\u00edte. Ilustra\u010dn\u00ed foto: MHMP 10. 9. 2026 &#8211; 11. 9. 2026 Veletrh&hellip;\n","protected":false},"author":2,"featured_media":203779,"comment_status":"","ping_status":"","sticky":false,"template":"","format":"standard","meta":{"footnotes":"","_share_on_mastodon":"0"},"categories":[30],"tags":[98,99,46382],"class_list":["post-203778","post","type-post","status-publish","format-standard","has-post-thumbnail","category-praha","tag-prague","tag-praha","tag-veletrh-socialnich-sluzeb"],"share_on_mastodon":{"url":"https:\/\/pubeurope.com\/@cz\/117218790946473230","error":""},"_links":{"self":[{"href":"https:\/\/www.europesays.com\/cz\/wp-json\/wp\/v2\/posts\/203778","targetHints":{"allow":["GET"]}}],"collection":[{"href":"https:\/\/www.europesays.com\/cz\/wp-json\/wp\/v2\/posts"}],"about":[{"href":"https:\/\/www.europesays.com\/cz\/wp-json\/wp\/v2\/types\/post"}],"author":[{"embeddable":true,"href":"https:\/\/www.europesays.com\/cz\/wp-json\/wp\/v2\/users\/2"}],"replies":[{"embeddable":true,"href":"https:\/\/www.europesays.com\/cz\/wp-json\/wp\/v2\/comments?post=203778"}],"version-history":[{"count":0,"href":"https:\/\/www.europesays.com\/cz\/wp-json\/wp\/v2\/posts\/203778\/revisions"}],"wp:featuredmedia":[{"embeddable":true,"href":"https:\/\/www.europesays.com\/cz\/wp-json\/wp\/v2\/media\/203779"}],"wp:attachment":[{"href":"https:\/\/www.europesays.com\/cz\/wp-json\/wp\/v2\/media?parent=203778"}],"wp:term":[{"taxonomy":"category","embeddable":true,"href":"https:\/\/www.europesays.com\/cz\/wp-json\/wp\/v2\/categories?post=203778"},{"taxonomy":"post_tag","embeddable":true,"href":"https:\/\/www.europesays.com\/cz\/wp-json\/wp\/v2\/tags?post=203778"}],"curies":[{"name":"wp","href":"https:\/\/api.w.org\/{rel}","templated":true}]}}