{"id":203786,"date":"2026-09-05T14:04:13","date_gmt":"2026-09-05T14:04:13","guid":{"rendered":"https:\/\/www.europesays.com\/cz\/203786\/"},"modified":"2026-09-05T14:04:13","modified_gmt":"2026-09-05T14:04:13","slug":"dalnice-d1-stoji-kvuli-horicimu-kamionu","status":"publish","type":"post","link":"https:\/\/www.europesays.com\/cz\/203786\/","title":{"rendered":"D\u00e1lnice D1\u00a0stoj\u00ed kv\u016fli ho\u0159\u00edc\u00edmu kamionu"},"content":{"rendered":"<p class=\"c_bB\">Po\u017e\u00e1r hasi\u010d\u016fm sv\u011bdci ozn\u00e1mili ve 14:30. \u201eHo\u0159elo n\u00e1kladn\u00ed vozidlo s\u00a0n\u00e1v\u011bsem v\u00a0pln\u00e9m rozsahu. V\u00a0sou\u010dasn\u00e9 dob\u011b je po\u017e\u00e1r lokalizovan\u00fd,\u201c sd\u011blil Novink\u00e1m mluv\u010d\u00ed st\u0159edo\u010desk\u00fdch hasi\u010d\u016f Jan S\u00fdkora v\u00a0p\u016fl \u010dtvrt\u00e9.<\/p>\n<p class=\"c_bB\">D\u00e1lnice byla kv\u016fli hasebn\u00edm prac\u00edm ve sm\u011bru na Brno uzav\u0159ena. Jak dlouho omezen\u00ed potrv\u00e1, podle S\u00fdkory zat\u00edm nebylo mo\u017en\u00e9 odhadnout.<\/p>\n<p class=\"c_bB\">Hasi\u010di p\u0159edali \u0159idi\u010de n\u00e1kladn\u00edho auta do p\u00e9\u010de zdravotnick\u00e9 z\u00e1chrann\u00e9 slu\u017eby. Jej\u00ed mluv\u010d\u00ed Marek Hylebrant Novink\u00e1m \u0159ekl, \u017ee z\u00e1chran\u00e1\u0159i \u0159idi\u010de p\u0159evezli k\u00a0dal\u0161\u00edmu vy\u0161et\u0159en\u00ed do nemocnice v\u00a0Bene\u0161ov\u011b. Bli\u017e\u0161\u00ed informace o\u00a0jeho zdravotn\u00edm stavu zat\u00edm nejsou k\u00a0dispozici. \u201eSm\u011bru na Prahu se dopravn\u00ed omezen\u00ed net\u00fdk\u00e1,\u201c up\u0159esnil policejn\u00ed mluv\u010d\u00ed Pavel Truxa.<\/p>\n<p><a data-dot=\"atm-link\" target=\"_self\" href=\"https:\/\/www.novinky.cz\/clanek\/krimi-tragicka-nehoda-na-rakovnicku-pri-prejizdeni-zemrel-ridic-trikolky-40596238\" class=\"c_I\" rel=\"nofollow noopener\"><img fetchpriority=\"high\" height=\"623\" width=\"1108\" src=\"https:\/\/www.europesays.com\/cz\/wp-content\/uploads\/2026\/09\/trikolka-nehoda-umrti-rakovnicko.jpeg\" loading=\"eager\" decoding=\"sync\" class=\"c_t c_r\"\/><\/a><\/p>\n","protected":false},"excerpt":{"rendered":"Po\u017e\u00e1r hasi\u010d\u016fm sv\u011bdci ozn\u00e1mili ve 14:30. \u201eHo\u0159elo n\u00e1kladn\u00ed vozidlo s\u00a0n\u00e1v\u011bsem v\u00a0pln\u00e9m rozsahu. V\u00a0sou\u010dasn\u00e9 dob\u011b je po\u017e\u00e1r lokalizovan\u00fd,\u201c sd\u011blil&hellip;\n","protected":false},"author":2,"featured_media":203787,"comment_status":"","ping_status":"","sticky":false,"template":"","format":"standard","meta":{"footnotes":"","_share_on_mastodon":"0"},"categories":[7],"tags":[43,42,41,40,3533,15208,735],"class_list":["post-203786","post","type-post","status-publish","format-standard","has-post-thumbnail","category-cesko","tag-ceska-republika","tag-cesko","tag-czech-republic","tag-czechia","tag-dalnice-d1","tag-nakladni-auta","tag-pozar"],"share_on_mastodon":{"url":"https:\/\/pubeurope.com\/@cz\/117218814640276563","error":""},"_links":{"self":[{"href":"https:\/\/www.europesays.com\/cz\/wp-json\/wp\/v2\/posts\/203786","targetHints":{"allow":["GET"]}}],"collection":[{"href":"https:\/\/www.europesays.com\/cz\/wp-json\/wp\/v2\/posts"}],"about":[{"href":"https:\/\/www.europesays.com\/cz\/wp-json\/wp\/v2\/types\/post"}],"author":[{"embeddable":true,"href":"https:\/\/www.europesays.com\/cz\/wp-json\/wp\/v2\/users\/2"}],"replies":[{"embeddable":true,"href":"https:\/\/www.europesays.com\/cz\/wp-json\/wp\/v2\/comments?post=203786"}],"version-history":[{"count":0,"href":"https:\/\/www.europesays.com\/cz\/wp-json\/wp\/v2\/posts\/203786\/revisions"}],"wp:featuredmedia":[{"embeddable":true,"href":"https:\/\/www.europesays.com\/cz\/wp-json\/wp\/v2\/media\/203787"}],"wp:attachment":[{"href":"https:\/\/www.europesays.com\/cz\/wp-json\/wp\/v2\/media?parent=203786"}],"wp:term":[{"taxonomy":"category","embeddable":true,"href":"https:\/\/www.europesays.com\/cz\/wp-json\/wp\/v2\/categories?post=203786"},{"taxonomy":"post_tag","embeddable":true,"href":"https:\/\/www.europesays.com\/cz\/wp-json\/wp\/v2\/tags?post=203786"}],"curies":[{"name":"wp","href":"https:\/\/api.w.org\/{rel}","templated":true}]}}