{"id":203802,"date":"2026-09-05T14:19:14","date_gmt":"2026-09-05T14:19:14","guid":{"rendered":"https:\/\/www.europesays.com\/cz\/203802\/"},"modified":"2026-09-05T14:19:14","modified_gmt":"2026-09-05T14:19:14","slug":"lela-vemola-promluvila-o-zivote-po-rozchodu-s-karlosem","status":"publish","type":"post","link":"https:\/\/www.europesays.com\/cz\/203802\/","title":{"rendered":"Lela V\u00e9mola promluvila o \u017eivot\u011b po rozchodu s Karlosem"},"content":{"rendered":"<p>\n                                Lela V\u00e9mola (37) m\u00e1 za sebou dal\u0161\u00ed praktickou starost, kterou musela po rozchodu s Karlosem V\u00e9molou (41) \u0159e\u0161it. Pot\u00e9, co p\u0159i\u0161la o rodinn\u00fd v\u016fz, \u0159e\u0161ila, \u010d\u00edm bude vozit d\u011bti do \u0161koly a \u0161kolky. Situace se ale nakonec vy\u0159e\u0161ila a jeden z prodejc\u016f j\u00ed nab\u00eddl auto. V exkluzivn\u00edm rozhovoru pro redakci Showtime nyn\u00ed promluvila nejen o n\u011bm, ale tak\u00e9 o d\u011btech, bydlen\u00ed a sv\u00e9 budoucnosti.\n                            <\/p>\n<p>Je\u0161t\u011b ned\u00e1vno <a target=\"_blank\" href=\"https:\/\/zeny.iprima.cz\/tema\/lela-ceterova\" rel=\"nofollow noopener\">Lela<\/a> \u0159e\u0161ila, jak bude bez rodinn\u00e9ho auta zvl\u00e1dat ka\u017edodenn\u00ed fungov\u00e1n\u00ed s d\u011btmi. Nyn\u00ed u\u017e m\u00e1 ale d\u016fvod k radosti. \u201eJsem opravdu neskute\u010dn\u011b vd\u011b\u010dn\u00e1. T\u011b\u0161\u00edm se, \u017ee d\u011bti mohu vozit do \u0161koly a \u0161kolky, proto\u017ee ten komfort a bezpe\u010d\u00ed je priorita. Jsem ka\u017ed\u00fd den na cest\u00e1ch nonstop a auto je opravdu sou\u010d\u00e1st m\u00e9ho \u017eivota,\u201c sv\u011b\u0159ila se v rozhovoru pro Showtime.<\/p>\n<p>\u010ct\u011bte tak\u00e9: <a target=\"_blank\" href=\"https:\/\/cnn.iprima.cz\/valka-vemolovych-kvuli-odtahu-auta-lele-dosla-trpelivost-do-karlose-si-rypla-kvuli-detem-i-alimentum-519174\" rel=\"nofollow noopener\">V\u00e1lka V\u00e9molov\u00fdch kv\u016fli odtahu auta. Lele do\u0161la trp\u011blivost, do Karlose si r\u00fdpla i kv\u016fli d\u011btem<\/a><\/p>\n<p>Vztahy s Karlosem po rozchodu<\/p>\n<p>Z\u00e1rove\u0148 p\u0159iznala, \u017ee dal\u0161\u00ed d\u016fle\u017eitou ot\u00e1zkou pro ni bude bydlen\u00ed. \u201eMoment\u00e1ln\u011b jsme v n\u00e1jmu a nedovedu si p\u0159edstavit, \u017ee bych se ka\u017ed\u00fd rok st\u011bhovala. Uva\u017euji o \u00fav\u011bru, chci stabilitu, tak\u017ee mo\u017en\u00e1 n\u011bjak\u00fd v\u011bt\u0161\u00ed byt nebo dome\u010dek,\u201c \u0159ekla.<\/p>\n<p>        <a href=\"https:\/\/zeny.iprima.cz\/lela-vemola-rozprodava-luxusni-satnik-prisla-o-auto-a-nema-penize-519300\" class=\"smaller-article-heading min-h-[10rem]\" rel=\"nofollow noopener\" target=\"_blank\"><br \/>\n            <img decoding=\"async\" loading=\"lazy\" src=\"https:\/\/www.europesays.com\/cz\/wp-content\/uploads\/2026\/09\/ebf8e91246999e46ab785558cf5f6f8d.jpg\" alt=\"Lela V\u00e9mola rozprod\u00e1v\u00e1 luxusn\u00ed \u0161atn\u00edk: P\u0159i\u0161la o auto a nem\u00e1 pr\u00fd z \u010deho krmit d\u011bti\" class=\"article-image\"\/><\/p>\n<p>                                <\/a><\/p>\n<p>                <a href=\"https:\/\/zeny.iprima.cz\/lela-vemola-rozprodava-luxusni-satnik-prisla-o-auto-a-nema-penize-519300\" rel=\"nofollow noopener\" target=\"_blank\"><br \/>\n                    Lela V\u00e9mola rozprod\u00e1v\u00e1 luxusn\u00ed \u0161atn\u00edk: P\u0159i\u0161la o auto a nem\u00e1 pr\u00fd z \u010deho krmit d\u011bti<\/p>\n<p>                                    <\/a><\/p>\n<p>D\u016fle\u017eitou sou\u010d\u00e1st\u00ed jej\u00edho \u017eivota jsou samoz\u0159ejm\u011b d\u011bti a Lela je r\u00e1da, \u017ee o n\u011b m\u00e1 z\u00e1jem i jejich tat\u00ednek. Na ot\u00e1zku, zda se <a target=\"_blank\" href=\"https:\/\/zeny.iprima.cz\/tema\/karlos-vemola\" rel=\"nofollow noopener\">Karlos <\/a>sna\u017e\u00ed d\u011bti pravideln\u011b v\u00eddat, odpov\u011bd\u011bla jasn\u011b. \u201eSamoz\u0159ejm\u011b, tak je to otec d\u011bt\u00ed a j\u00e1 jsem r\u00e1da, \u017ee ten \u010das s nimi tr\u00e1vit chce, proto\u017ee d\u011bti pot\u0159ebuj\u00ed sv\u00e9ho otce. Oni ho miluj\u00ed, tak se mi to l\u00edb\u00ed a tak by to i m\u011blo b\u00fdt.\u201c Pr\u00e1v\u011b spole\u010dn\u011b pak dorazili i na velk\u00fd den, kdy jejich dcera Lili nastoupila do \u0161koly.<\/p>\n<p>        <a href=\"https:\/\/zeny.iprima.cz\/zacatek-skolniho-roku-slavnych-ktere-deti-nastoupily-do-prvni-tridy-520760\" class=\"smaller-article-heading min-h-[10rem]\" rel=\"nofollow noopener\" target=\"_blank\"><br \/>\n            <img decoding=\"async\" loading=\"lazy\" src=\"https:\/\/www.europesays.com\/cz\/wp-content\/uploads\/2026\/09\/dc0ec6cac0dcf1d7697db7f854c3cb2a.jpg\" alt=\"Za\u010d\u00e1tek \u0161koln\u00edho roku slavn\u00fdch: Do prvn\u00ed t\u0159\u00eddy nastoupil syn Vignerov\u00e9 i dcera V\u00e9moly\" class=\"article-image\"\/><\/p>\n<p>                    <\/a><\/p>\n<p>                <a href=\"https:\/\/zeny.iprima.cz\/zacatek-skolniho-roku-slavnych-ktere-deti-nastoupily-do-prvni-tridy-520760\" rel=\"nofollow noopener\" target=\"_blank\"><br \/>\n                    Za\u010d\u00e1tek \u0161koln\u00edho roku slavn\u00fdch: Do prvn\u00ed t\u0159\u00eddy nastoupil syn Vignerov\u00e9 i dcera V\u00e9moly<\/p>\n<p>                                    <\/a><\/p>\n<p>Pro Lelu \u0161lo o velmi emotivn\u00ed chv\u00edli. \u201eJ\u00e1 jsem nemohla sp\u00e1t, byla to pro m\u011b velk\u00e1 v\u011bc. M\u011bla jsem slzy na kraj\u00ed\u010dku. Lili se tam moc l\u00edbilo a moment\u00e1ln\u011b by cht\u011bla chodit do \u0161koly i o v\u00edkendu, tak jsem zv\u011bdav\u00e1, jak dlouho j\u00ed to vydr\u017e\u00ed. Byl to kr\u00e1sn\u00fd den,\u201c popsala. Karlos u toho nechyb\u011bl. \u201eAno, cht\u011bl b\u00fdt sou\u010d\u00e1st\u00ed tak velk\u00e9ho dne. Lilinka byla velmi r\u00e1da, \u017ee n\u00e1s tam vid\u011bla oba dva,\u201c prozradila.<\/p>\n<p>Budoucnost a nov\u00fd vztah<\/p>\n<p>Jak bude p\u00e9\u010de o d\u011bti vypadat do budoucna, zat\u00edm Lela nechce p\u0159edb\u00edhat. \u201eZat\u00edm v\u0161echno \u0159e\u0161\u00ed m\u016fj pr\u00e1vn\u00ed z\u00e1stupce, zat\u00edm se k tomu vyjad\u0159ovat nebudu, ale brzy budu d\u00e1vat ve\u0159ejn\u00e9 vyj\u00e1d\u0159en\u00ed ohledn\u011b cel\u00e9 situace,\u201c uvedla. A zat\u00edmco ot\u00e1zky kolem d\u011bt\u00ed, bydlen\u00ed i ka\u017edodenn\u00edho fungov\u00e1n\u00ed postupn\u011b \u0159e\u0161\u00ed, na nov\u00fd vztah podle sv\u00fdch slov rozhodn\u011b nesp\u011bch\u00e1.<\/p>\n<p>        <a href=\"https:\/\/zeny.iprima.cz\/lela-po-krachu-manzelstvi-karlosem-vemolou-520610\" class=\"smaller-article-heading min-h-[10rem]\" rel=\"nofollow noopener\" target=\"_blank\"><br \/>\n            <img decoding=\"async\" loading=\"lazy\" src=\"https:\/\/www.europesays.com\/cz\/wp-content\/uploads\/2026\/09\/398b12b251f6e2a4c0d6c17d6fec3d71.jpg\" alt=\"Lela V\u00e9mola po rozchodu: Na nov\u00e9ho mu\u017ee nem\u00e1m ani pomy\u0161len\u00ed, prioritou jsou d\u011bti a pr\u00e1ce\" class=\"article-image\"\/><\/p>\n<p>                                <\/a><\/p>\n<p>                <a href=\"https:\/\/zeny.iprima.cz\/lela-po-krachu-manzelstvi-karlosem-vemolou-520610\" rel=\"nofollow noopener\" target=\"_blank\"><br \/>\n                    Lela V\u00e9mola po rozchodu: Na nov\u00e9ho mu\u017ee nem\u00e1m ani pomy\u0161len\u00ed, prioritou jsou d\u011bti a pr\u00e1ce<\/p>\n<p>                                    <\/a><\/p>\n<p>\u201ePopravd\u011b, moment\u00e1ln\u011b je pro m\u011b nejv\u011bt\u0161\u00ed priorita d\u011bti a pr\u00e1ce. Nem\u00e1m na to ani \u010das, jsem s d\u011btmi nonstop. Ale samoz\u0159ejm\u011b l\u00e1sku pot\u0159ebuju k \u017eivotu i j\u00e1, v\u017edycky \u0159\u00edk\u00e1m, \u017ee kdy\u017e m\u00e1 n\u011bco p\u0159ij\u00edt, tak to p\u0159ijde. Ale \u017ee bych te\u010f vylo\u017een\u011b tla\u010dila n\u011bco na s\u00edlu, tak to v\u016fbec,\u201c objasnila na z\u00e1v\u011br.<\/p>\n<p><a target=\"_blank\" href=\"https:\/\/zeny.iprima.cz\/lela-vemola-promluvila-o-zdravotnim-stavu-sveho-nejmladsiho-syna-474782\" rel=\"nofollow noopener\">Pod\u00edvejte se, co prozradila Lela V\u00e9mola o nejmlad\u0161\u00edm synovi a mate\u0159stv\u00ed:<\/a><\/p>\n","protected":false},"excerpt":{"rendered":"Lela V\u00e9mola (37) m\u00e1 za sebou dal\u0161\u00ed praktickou starost, kterou musela po rozchodu s Karlosem V\u00e9molou (41) \u0159e\u0161it.&hellip;\n","protected":false},"author":2,"featured_media":203803,"comment_status":"","ping_status":"","sticky":false,"template":"","format":"standard","meta":{"footnotes":"","_share_on_mastodon":"0"},"categories":[14],"tags":[804,1311,1538,79,1801,1800,651,1967,11559,8397,649,1332,80],"class_list":["post-203802","post","type-post","status-publish","format-standard","has-post-thumbnail","category-zabava","tag-budoucnost","tag-bydleni","tag-celebrity","tag-entertainment","tag-karlos-vemola","tag-lela-vemola","tag-rodina","tag-rozhovor","tag-showtime","tag-spolecenska-rubrika","tag-spolecnost","tag-vztah","tag-zabava"],"share_on_mastodon":{"url":"https:\/\/pubeurope.com\/@cz\/117218873561127051","error":""},"_links":{"self":[{"href":"https:\/\/www.europesays.com\/cz\/wp-json\/wp\/v2\/posts\/203802","targetHints":{"allow":["GET"]}}],"collection":[{"href":"https:\/\/www.europesays.com\/cz\/wp-json\/wp\/v2\/posts"}],"about":[{"href":"https:\/\/www.europesays.com\/cz\/wp-json\/wp\/v2\/types\/post"}],"author":[{"embeddable":true,"href":"https:\/\/www.europesays.com\/cz\/wp-json\/wp\/v2\/users\/2"}],"replies":[{"embeddable":true,"href":"https:\/\/www.europesays.com\/cz\/wp-json\/wp\/v2\/comments?post=203802"}],"version-history":[{"count":0,"href":"https:\/\/www.europesays.com\/cz\/wp-json\/wp\/v2\/posts\/203802\/revisions"}],"wp:featuredmedia":[{"embeddable":true,"href":"https:\/\/www.europesays.com\/cz\/wp-json\/wp\/v2\/media\/203803"}],"wp:attachment":[{"href":"https:\/\/www.europesays.com\/cz\/wp-json\/wp\/v2\/media?parent=203802"}],"wp:term":[{"taxonomy":"category","embeddable":true,"href":"https:\/\/www.europesays.com\/cz\/wp-json\/wp\/v2\/categories?post=203802"},{"taxonomy":"post_tag","embeddable":true,"href":"https:\/\/www.europesays.com\/cz\/wp-json\/wp\/v2\/tags?post=203802"}],"curies":[{"name":"wp","href":"https:\/\/api.w.org\/{rel}","templated":true}]}}