{"id":203832,"date":"2026-09-05T15:01:16","date_gmt":"2026-09-05T15:01:16","guid":{"rendered":"https:\/\/www.europesays.com\/cz\/203832\/"},"modified":"2026-09-05T15:01:16","modified_gmt":"2026-09-05T15:01:16","slug":"agresivniho-muze-posadka-v-letadle-prilepila-k-sedadlu-lepici-paskou","status":"publish","type":"post","link":"https:\/\/www.europesays.com\/cz\/203832\/","title":{"rendered":"Agresivn\u00edho mu\u017ee pos\u00e1dka v\u00a0letadle p\u0159ilepila k\u00a0sedadlu lepic\u00ed p\u00e1skou"},"content":{"rendered":"<p class=\"c_bB\">Fotografie a\u00a0videa z\u00a0paluby ukazuj\u00ed, \u017ee cestuj\u00edc\u00ed, kter\u00fd ru\u0161il cestu, byl ve \u010dtvrtek ve\u010der spout\u00e1n a\u00a0p\u0159ipevn\u011bn lepic\u00ed p\u00e1skou k\u00a0sedadlu. Let byl odklon\u011bn k\u00a0nouzov\u00e9mu p\u0159ist\u00e1n\u00ed v\u00a0Baltimoru.<\/p>\n<p class=\"c_bB\">Podle sv\u011bdk\u016f se situace vyhrotila za polovinou letu, kdy\u017e se mu\u017e za\u010dal chovat agresivn\u011b a\u00a0pou\u017e\u00edval rasistick\u00e9 a\u00a0homofobn\u00ed nad\u00e1vky, uv\u00e1d\u00ed <a data-dot=\"atm-link\" target=\"_blank\" rel=\"noopener nofollow\" href=\"https:\/\/edition.cnn.com\/2026\/09\/04\/us\/disruptive-passenger-duct-tape\" class=\"c_I\">CNN<\/a>. Letu\u0161ka se sna\u017eila situaci uklidnit, ale mu\u017e se \u010d\u00edm d\u00e1l v\u00edce roz\u010diloval, za\u010dal b\u00edt cestuj\u00edc\u00edho vedle sebe a\u00a0pot\u00e9 ude\u0159il \u017eenu, kter\u00e1 se pokusila zas\u00e1hnout.<\/p>\n<p class=\"c_bB\">Agresor pot\u00e9 cestuj\u00edc\u00ed dokonce za\u010dal kousat, co\u017e p\u0159im\u011blo t\u0159i mu\u017ee, aby ho znehybnili lepic\u00ed p\u00e1skou od letu\u0161ky. \u201eBezpe\u010dnost a\u00a0ochrana na\u0161ich z\u00e1kazn\u00edk\u016f a\u00a0\u010dlen\u016f t\u00fdmu je na\u0161\u00ed nejvy\u0161\u0161\u00ed prioritou a\u00a0netolerujeme n\u00e1sil\u00ed,\u201c uvedla ve sv\u00e9m prohl\u00e1\u0161en\u00ed spole\u010dnost American Airlines.<\/p>\n<p lang=\"en\" dir=\"ltr\">A passenger was duct-taped to his seat after allegedly making racist and anti-gay remarks on an American Airlines flight.<\/p>\n<p>According to TMZ, the man allegedly used the N-word toward a Black flight attendant and became violent, hitting another passenger and pushing a woman who\u2026 <a href=\"https:\/\/t.co\/GuqwkeEdoh\" rel=\"nofollow\">pic.twitter.com\/GuqwkeEdoh<\/a><\/p>\n<p>\u2014 Complex (@Complex) <a href=\"https:\/\/x.com\/Complex\/status\/2095939127472709775?ref_src=twsrc%5Etfw\" rel=\"nofollow\">September 4, 2026<\/a><\/p>\n<p class=\"c_bB\">Policie Marylandsk\u00e9ho dopravn\u00edho \u00fa\u0159adu se s\u00a0letadlem setkala po jeho bezpe\u010dn\u00e9m p\u0159ist\u00e1n\u00ed na mezin\u00e1rodn\u00edm leti\u0161ti Baltimore a\u00a0zatkla jednoho mu\u017ee na z\u00e1klad\u011b st\u00e1tn\u00edch obvin\u011bn\u00ed, uv\u00e1d\u00ed FBI. Pot\u00e9 letadlo pokra\u010dovalo v\u00a0cest\u011b do Newarku. <\/p>\n<p class=\"c_bB\">V mnoha komer\u010dn\u00edch letadlech se nach\u00e1zej\u00ed lepic\u00ed p\u00e1sky a\u00a0flexibiln\u00ed pouta, kter\u00e9 se pou\u017e\u00edvaj\u00ed k\u00a0omezen\u00ed n\u00e1siln\u00fdch nebo ru\u0161iv\u00fdch cestuj\u00edc\u00edch.<\/p>\n<p><a data-dot=\"atm-link\" target=\"_self\" href=\"https:\/\/www.novinky.cz\/clanek\/zahranicni-plne-obsazeny-boeing-se-v-mnichove-nestihl-odlepit-z-drahy-hrozila-katastrofa-40593088\" class=\"c_I\" rel=\"nofollow noopener\"><img fetchpriority=\"high\" height=\"453\" width=\"806\" src=\"https:\/\/www.europesays.com\/cz\/wp-content\/uploads\/2026\/09\/boeing-mnichov-letadlo.png\" loading=\"eager\" decoding=\"sync\" class=\"c_t c_r\"\/><\/a><script async src=\"https:\/\/platform.twitter.com\/widgets.js\" charset=\"utf-8\"><\/script><\/p>\n","protected":false},"excerpt":{"rendered":"Fotografie a\u00a0videa z\u00a0paluby ukazuj\u00ed, \u017ee cestuj\u00edc\u00ed, kter\u00fd ru\u0161il cestu, byl ve \u010dtvrtek ve\u010der spout\u00e1n a\u00a0p\u0159ipevn\u011bn lepic\u00ed p\u00e1skou k\u00a0sedadlu.&hellip;\n","protected":false},"author":2,"featured_media":203833,"comment_status":"","ping_status":"","sticky":false,"template":"","format":"standard","meta":{"footnotes":"","_share_on_mastodon":"0"},"categories":[10],"tags":[22541,17,21,3654,16,18,19,22,113,20],"class_list":["post-203832","post","type-post","status-publish","format-standard","has-post-thumbnail","category-zpravy","tag-cestovani-letadlem","tag-headlines","tag-hlavni-udalosti","tag-letadla","tag-news","tag-top-news","tag-top-stories","tag-udalosti-dne","tag-usa","tag-zpravy"],"share_on_mastodon":{"url":"https:\/\/pubeurope.com\/@cz\/117219038875978588","error":""},"_links":{"self":[{"href":"https:\/\/www.europesays.com\/cz\/wp-json\/wp\/v2\/posts\/203832","targetHints":{"allow":["GET"]}}],"collection":[{"href":"https:\/\/www.europesays.com\/cz\/wp-json\/wp\/v2\/posts"}],"about":[{"href":"https:\/\/www.europesays.com\/cz\/wp-json\/wp\/v2\/types\/post"}],"author":[{"embeddable":true,"href":"https:\/\/www.europesays.com\/cz\/wp-json\/wp\/v2\/users\/2"}],"replies":[{"embeddable":true,"href":"https:\/\/www.europesays.com\/cz\/wp-json\/wp\/v2\/comments?post=203832"}],"version-history":[{"count":0,"href":"https:\/\/www.europesays.com\/cz\/wp-json\/wp\/v2\/posts\/203832\/revisions"}],"wp:featuredmedia":[{"embeddable":true,"href":"https:\/\/www.europesays.com\/cz\/wp-json\/wp\/v2\/media\/203833"}],"wp:attachment":[{"href":"https:\/\/www.europesays.com\/cz\/wp-json\/wp\/v2\/media?parent=203832"}],"wp:term":[{"taxonomy":"category","embeddable":true,"href":"https:\/\/www.europesays.com\/cz\/wp-json\/wp\/v2\/categories?post=203832"},{"taxonomy":"post_tag","embeddable":true,"href":"https:\/\/www.europesays.com\/cz\/wp-json\/wp\/v2\/tags?post=203832"}],"curies":[{"name":"wp","href":"https:\/\/api.w.org\/{rel}","templated":true}]}}