{"id":203836,"date":"2026-09-05T15:11:15","date_gmt":"2026-09-05T15:11:15","guid":{"rendered":"https:\/\/www.europesays.com\/cz\/203836\/"},"modified":"2026-09-05T15:11:15","modified_gmt":"2026-09-05T15:11:15","slug":"hrib-a-okamura-se-vzacne-shodli-rozpoctovy-schodek-je-prilis-vysoky","status":"publish","type":"post","link":"https:\/\/www.europesays.com\/cz\/203836\/","title":{"rendered":"H\u0159ib a\u00a0Okamura se vz\u00e1cn\u011b shodli: Rozpo\u010dtov\u00fd schodek je p\u0159\u00edli\u0161 vysok\u00fd"},"content":{"rendered":"<p class=\"c_bB\">\u201eJe to samoz\u0159ejm\u011b ostuda a\u00a0pr\u016f\u0161vih,\u201c prohl\u00e1sil H\u0159ib o\u00a0navr\u017een\u00e9m schodku. Pouk\u00e1zal na to, \u017ee p\u0159i deficitu 389\u00a0miliard korun maj\u00ed investice podle n\u011bj \u010dinit jen zhruba 288\u00a0miliard. \u201eTo je vlastn\u011b 100\u00a0miliard, kter\u00e9 proj\u00edme,\u201c \u0159ekl. Kritizoval tak\u00e9 ned\u00e1vnou zm\u011bnu rozpo\u010dtov\u00fdch pravidel, kterou koalice prosadila ve Sn\u011bmovn\u011b. Ozna\u010dil ji jako z\u00e1kon o\u00a0bankrotu \u010cesk\u00e9 republiky.<\/p>\n<p class=\"c_bB\">Okamura p\u0159ipustil, \u017ee se mu navrhovan\u00e1 v\u00fd\u0161e schodku tak\u00e9 nel\u00edb\u00ed. \u201eNejsem spokojen\u00fd s\u00a0v\u00fd\u0161\u00ed deficitu. Podle m\u00e9ho n\u00e1zoru je p\u0159\u00edli\u0161 vysok\u00fd, a\u00a0proto budeme tak\u00e9 jednat o\u00a0jeho sni\u017eov\u00e1n\u00ed,\u201c uvedl.<\/p>\n<p class=\"c_bB\">SPD podle n\u011bj vid\u00ed prostor pro \u00faspory dal\u0161\u00edch miliard korun v\u00a0n\u011bkter\u00fdch resortech. Sou\u010dasnou podobu rozpo\u010dtu v\u0161ak Okamura \u010d\u00e1ste\u010dn\u011b vysv\u011btloval t\u00edm, \u017ee po p\u0159edchoz\u00ed vl\u00e1d\u011b podle n\u011bj z\u016fstaly nepokryt\u00e9 v\u00fddaje, nap\u0159\u00edklad na soci\u00e1ln\u00ed d\u00e1vky a\u00a0dopravn\u00ed infrastrukturu.<\/p>\n<p class=\"c_bB\">H\u0159ib \u0159ekl, \u017ee rostouc\u00ed zadlu\u017een\u00ed m\u016f\u017ee poc\u00edtit i\u00a0b\u011b\u017en\u00e1 dom\u00e1cnost. Podle n\u011bj m\u016f\u017ee zhor\u0161ov\u00e1n\u00ed d\u016fv\u011bryhodnosti st\u00e1tu zv\u00fd\u0161it \u00faroky nejen st\u00e1tu, ale tak\u00e9 lidem u\u00a0\u00fav\u011br\u016f.<\/p>\n<p class=\"c_bB\">\u201eBude se zvy\u0161ovat i\u00a0b\u011b\u017en\u00fdm lidem na jejich \u00fav\u011brech, nap\u0159\u00edklad na hypot\u00e9k\u00e1ch,\u201c \u0159ekl. Tvrd\u00ed, \u017ee pr\u016fm\u011brn\u00e1 rodina by kv\u016fli tomu mohla za hypot\u00e9ku platit o\u00a0v\u00edce ne\u017e tis\u00edc korun m\u011bs\u00ed\u010dn\u011b nav\u00edc.<\/p>\n<p class=\"c_bB\">Okamura naopak p\u0159ipomn\u011bl r\u016fst st\u00e1tn\u00edho dluhu za p\u0159edchoz\u00ed vl\u00e1dy. \u201eMysl\u00edm, \u017ee spole\u010dn\u00fdm c\u00edlem je, abychom ty schodky sni\u017eovali,\u201c zd\u016fraznil p\u0159edseda SPD.<\/p>\n<p><a data-dot=\"atm-link\" target=\"_self\" href=\"https:\/\/www.novinky.cz\/clanek\/ekonomika-schodek-389-miliard-odmita-vetsina-cechu-40596215\" class=\"c_I\" rel=\"nofollow noopener\"><img fetchpriority=\"high\" height=\"3237\" width=\"5756\" src=\"https:\/\/www.europesays.com\/cz\/wp-content\/uploads\/2026\/09\/1788621075_500_ministerstvo-financi-finance-mf-cr-ministerstvo-skolstvi-mladeze-a-telovychovy-msmt.jpeg\" loading=\"eager\" decoding=\"sync\" class=\"c_t c_r\"\/><\/a><\/p>\n","protected":false},"excerpt":{"rendered":"\u201eJe to samoz\u0159ejm\u011b ostuda a\u00a0pr\u016f\u0161vih,\u201c prohl\u00e1sil H\u0159ib o\u00a0navr\u017een\u00e9m schodku. Pouk\u00e1zal na to, \u017ee p\u0159i deficitu 389\u00a0miliard korun maj\u00ed&hellip;\n","protected":false},"author":2,"featured_media":203837,"comment_status":"","ping_status":"","sticky":false,"template":"","format":"standard","meta":{"footnotes":"","_share_on_mastodon":"0"},"categories":[10],"tags":[27819,9787,17,21,16,137,1838,18,19,809,22,964,3084,20],"class_list":["post-203836","post","type-post","status-publish","format-standard","has-post-thumbnail","category-zpravy","tag-bara-divisova","tag-debata","tag-headlines","tag-hlavni-udalosti","tag-news","tag-rozpocet","tag-tomio-okamura","tag-top-news","tag-top-stories","tag-tv-nova","tag-udalosti-dne","tag-vlada","tag-zdenek-hrib","tag-zpravy"],"share_on_mastodon":{"url":"https:\/\/pubeurope.com\/@cz\/117219078406216805","error":""},"_links":{"self":[{"href":"https:\/\/www.europesays.com\/cz\/wp-json\/wp\/v2\/posts\/203836","targetHints":{"allow":["GET"]}}],"collection":[{"href":"https:\/\/www.europesays.com\/cz\/wp-json\/wp\/v2\/posts"}],"about":[{"href":"https:\/\/www.europesays.com\/cz\/wp-json\/wp\/v2\/types\/post"}],"author":[{"embeddable":true,"href":"https:\/\/www.europesays.com\/cz\/wp-json\/wp\/v2\/users\/2"}],"replies":[{"embeddable":true,"href":"https:\/\/www.europesays.com\/cz\/wp-json\/wp\/v2\/comments?post=203836"}],"version-history":[{"count":0,"href":"https:\/\/www.europesays.com\/cz\/wp-json\/wp\/v2\/posts\/203836\/revisions"}],"wp:featuredmedia":[{"embeddable":true,"href":"https:\/\/www.europesays.com\/cz\/wp-json\/wp\/v2\/media\/203837"}],"wp:attachment":[{"href":"https:\/\/www.europesays.com\/cz\/wp-json\/wp\/v2\/media?parent=203836"}],"wp:term":[{"taxonomy":"category","embeddable":true,"href":"https:\/\/www.europesays.com\/cz\/wp-json\/wp\/v2\/categories?post=203836"},{"taxonomy":"post_tag","embeddable":true,"href":"https:\/\/www.europesays.com\/cz\/wp-json\/wp\/v2\/tags?post=203836"}],"curies":[{"name":"wp","href":"https:\/\/api.w.org\/{rel}","templated":true}]}}