{"id":203842,"date":"2026-09-05T15:19:19","date_gmt":"2026-09-05T15:19:19","guid":{"rendered":"https:\/\/www.europesays.com\/cz\/203842\/"},"modified":"2026-09-05T15:19:19","modified_gmt":"2026-09-05T15:19:19","slug":"pri-hromadne-nehode-se-na-pisecku-tezce-zranil-motorkar","status":"publish","type":"post","link":"https:\/\/www.europesays.com\/cz\/203842\/","title":{"rendered":"P\u0159i hromadn\u00e9 nehod\u011b se na P\u00edsecku t\u011b\u017ece zranil motork\u00e1\u0159"},"content":{"rendered":"<p class=\"c_bB\">\u201eSilnice I\/29\u00a0je kv\u016fli nehod\u011b kompletn\u011b uzav\u0159ena, obj\u00edzdn\u00e1 trasa podle n\u011bj vede p\u0159es Zv\u00edkovsk\u00e9 Podhrad\u00ed, B\u0159ez\u00ed a\u00a0Bernartice,\u201c \u0159ekl Novink\u00e1m policejn\u00ed mluv\u010d\u00ed Miroslav \u0160up\u00edk.<\/p>\n<p class=\"c_bB\">Na m\u00edsto vyrazila pos\u00e1dka s\u00a0l\u00e9ka\u0159em, z\u00e1chran\u00e1\u0159i a\u00a0vrtuln\u00edk. \u201eSv\u011bdci dopravn\u00ed nehody mu\u017ei pomoc\u00ed p\u00e1sku provizorn\u011b zastavili krv\u00e1cen\u00ed z\u00a0doln\u00ed kon\u010detiny, po p\u0159\u00edjezdu z\u00e1chran\u00e1\u0159\u016f pak krv\u00e1cen\u00ed definitivn\u011b zastavilo \u0161krtidlo,\u201c popsal mluv\u010d\u00ed jiho\u010desk\u00fdch z\u00e1chran\u00e1\u0159\u016f Vojt\u011bch M\u00edra. <\/p>\n<p class=\"c_bB\">Pos\u00e1dky mu\u017ei podaly l\u00e9ky proti bolesti a\u00a0kv\u016fli v\u00e1\u017en\u00fdm zran\u011bn\u00edm jej l\u00e9ka\u0159 napojil na um\u011blou plicn\u00ed ventilaci. N\u00e1sledn\u011b byl letecky transportov\u00e1n do \u010deskobud\u011bjovick\u00e9 nemocnice.<\/p>\n<p><a data-dot=\"atm-link\" target=\"_self\" href=\"https:\/\/www.novinky.cz\/clanek\/krimi-tragicka-nehoda-na-rakovnicku-pri-prejizdeni-zemrel-ridic-trikolky-40596238\" class=\"c_I\" rel=\"nofollow noopener\"><img fetchpriority=\"high\" height=\"623\" width=\"1108\" src=\"https:\/\/www.europesays.com\/cz\/wp-content\/uploads\/2026\/09\/1788621559_614_trikolka-nehoda-umrti-rakovnicko.jpeg\" loading=\"eager\" decoding=\"sync\" class=\"c_t c_r\"\/><\/a><\/p>\n","protected":false},"excerpt":{"rendered":"\u201eSilnice I\/29\u00a0je kv\u016fli nehod\u011b kompletn\u011b uzav\u0159ena, obj\u00edzdn\u00e1 trasa podle n\u011bj vede p\u0159es Zv\u00edkovsk\u00e9 Podhrad\u00ed, B\u0159ez\u00ed a\u00a0Bernartice,\u201c \u0159ekl Novink\u00e1m&hellip;\n","protected":false},"author":2,"featured_media":203843,"comment_status":"","ping_status":"","sticky":false,"template":"","format":"standard","meta":{"footnotes":"","_share_on_mastodon":"0"},"categories":[7],"tags":[43,42,41,40,323,6038,17184,46385,1296],"class_list":["post-203842","post","type-post","status-publish","format-standard","has-post-thumbnail","category-cesko","tag-ceska-republika","tag-cesko","tag-czech-republic","tag-czechia","tag-dopravni-nehody","tag-motorkari","tag-pisecko","tag-temesvar","tag-zraneni"],"share_on_mastodon":{"url":"https:\/\/pubeurope.com\/@cz\/117219109817959886","error":""},"_links":{"self":[{"href":"https:\/\/www.europesays.com\/cz\/wp-json\/wp\/v2\/posts\/203842","targetHints":{"allow":["GET"]}}],"collection":[{"href":"https:\/\/www.europesays.com\/cz\/wp-json\/wp\/v2\/posts"}],"about":[{"href":"https:\/\/www.europesays.com\/cz\/wp-json\/wp\/v2\/types\/post"}],"author":[{"embeddable":true,"href":"https:\/\/www.europesays.com\/cz\/wp-json\/wp\/v2\/users\/2"}],"replies":[{"embeddable":true,"href":"https:\/\/www.europesays.com\/cz\/wp-json\/wp\/v2\/comments?post=203842"}],"version-history":[{"count":0,"href":"https:\/\/www.europesays.com\/cz\/wp-json\/wp\/v2\/posts\/203842\/revisions"}],"wp:featuredmedia":[{"embeddable":true,"href":"https:\/\/www.europesays.com\/cz\/wp-json\/wp\/v2\/media\/203843"}],"wp:attachment":[{"href":"https:\/\/www.europesays.com\/cz\/wp-json\/wp\/v2\/media?parent=203842"}],"wp:term":[{"taxonomy":"category","embeddable":true,"href":"https:\/\/www.europesays.com\/cz\/wp-json\/wp\/v2\/categories?post=203842"},{"taxonomy":"post_tag","embeddable":true,"href":"https:\/\/www.europesays.com\/cz\/wp-json\/wp\/v2\/tags?post=203842"}],"curies":[{"name":"wp","href":"https:\/\/api.w.org\/{rel}","templated":true}]}}