{"id":203850,"date":"2026-09-05T15:28:10","date_gmt":"2026-09-05T15:28:10","guid":{"rendered":"https:\/\/www.europesays.com\/cz\/203850\/"},"modified":"2026-09-05T15:28:10","modified_gmt":"2026-09-05T15:28:10","slug":"ukradene-picassovo-dilo-se-naslo-pri-vyklizeni-bytu","status":"publish","type":"post","link":"https:\/\/www.europesays.com\/cz\/203850\/","title":{"rendered":"Ukraden\u00e9 Picassovo d\u00edlo se na\u0161lo p\u0159i vykl\u00edzen\u00ed bytu"},"content":{"rendered":"<p class=\"c_bB\">D\u00edlo Torero, jeho\u017e autorem je v\u00fdznamn\u00fd mal\u00ed\u0159 Pablo Picasso, v\u00a0roce 2018\u00a0zdobila galerii v\u00a0americk\u00e9m m\u011bst\u011b Milwaukee. Tehdy ji v\u0161ak nezn\u00e1m\u00fd zlod\u011bj odnesl a\u00a0od t\u00e9 doby se po n\u00ed slehla zem. Je to relativn\u011b vz\u00e1cn\u00e1 grafika, proto\u017ee jde o\u00a0jednu z\u00a0pouh\u00fdch t\u0159iceti zn\u00e1m\u00fdch, kter\u00e9 Picasso podepsal.<\/p>\n<p class=\"c_bB\">Zhruba v\u00a0polovin\u011b srpna v\u0161ak \u0161\u00e9fa galerie a\u00a0spole\u010dnosti DeLind Fine Art Appraisals kontaktovala policie s\u00a0informac\u00ed, \u017ee se Torero s\u00a0nejv\u011bt\u0161\u00ed pravd\u011bpodobnost\u00ed na\u0161lo. \u201eZtratil jsem v\u00a0tu chv\u00edli \u0159e\u010d, \u00fapln\u011b m\u011b to p\u0159emohlo,\u201c popsal Bill DeLind <a data-dot=\"atm-link\" target=\"_blank\" rel=\"noopener nofollow\" href=\"https:\/\/apnews.com\/article\/picasso-stolen-milwaukee-etching-5b0bc10ffb8edfc52f3732138c17a85d\" class=\"c_I\">agentu\u0159e AP<\/a> prvn\u00ed okam\u017eiky pot\u00e9, co dostal zpr\u00e1vu, ve kterou mo\u017en\u00e1 u\u017e ani on s\u00e1m p\u0159\u00edli\u0161 nedoufal.<\/p>\n<p class=\"c_bB\">Ukradenou grafiku pak poznal na prvn\u00ed pohled a\u00a0p\u0159\u00edpadn\u00e9 pochybnosti nav\u00edc rozpt\u00fdlila i\u00a0n\u00e1lepka jeho spole\u010dnosti na zadn\u00ed stran\u011b obrazu, a\u00a0to p\u0159esn\u011b na stejn\u00e9m m\u00edst\u011b, kam byla p\u0159ed osmi lety um\u00edst\u011bna.<\/p>\n<p><img fetchpriority=\"high\" height=\"2304\"   width=\"4096\" src=\"https:\/\/www.europesays.com\/cz\/wp-content\/uploads\/2026\/09\/f7d6.mpo.jpeg\" loading=\"eager\" decoding=\"sync\" class=\"c_t c_r\"\/>Foto: Uncredited, \u010cTK\/AP<\/p>\n<p class=\"c_bB\">Bill DeLind<\/p>\n<p class=\"c_bB\">Nejv\u011bt\u0161\u00ed z\u00e1sluhu na objeven\u00ed ukraden\u00e9ho d\u00edla v\u0161ak m\u00e1 Tim Detz, jen\u017e se coby pronaj\u00edmatel pustil do vykl\u00edzen\u00ed bytu po vyst\u011bhovan\u00e9m n\u00e1jemn\u00edkovi. Obraz, jen\u017e podle jeho slov visel na zdi na \u201edost podivn\u00e9m m\u00edst\u011b\u201c, jej toti\u017e zaujal, a\u00a0tak se rad\u011bji obr\u00e1til na sv\u00e9ho zn\u00e1m\u00e9ho, jen\u017e obchoduje se staro\u017eitnostmi.<\/p>\n<p class=\"c_bB\">Ten ihned poznal, \u017ee by mohlo j\u00edt o\u00a0grafiku ukradenou v\u00a0roce 2018, a\u00a0proto se oba mu\u017ei obr\u00e1tili na policii a\u00a0d\u00edlo j\u00ed p\u0159edali. Tim Detz pak doplnil, \u017ee Torero muselo v\u00a0byt\u011b viset dost dlouho, proto\u017ee na horn\u00ed stran\u011b byla siln\u00e1 vrstva prachu.<\/p>\n<p class=\"c_bB\">Policie z\u00a0Milwaukee k\u00a0n\u00e1lezu uvedla, \u017ee proml\u010dec\u00ed lh\u016fta v\u00a0p\u0159\u00edpadech kr\u00e1de\u017e\u00ed a\u00a0majetkov\u00e9 trestn\u00e9 \u010dinnosti je obecn\u011b \u0161estilet\u00e1, tedy ji\u017e uplynula, nicm\u00e9n\u011b tento konkr\u00e9tn\u00ed p\u0159\u00edpad je st\u00e1le p\u0159edm\u011btem vy\u0161et\u0159ov\u00e1n\u00ed.<\/p>\n<p class=\"c_bB\">Bill DeLind tak\u00e9 up\u0159esnil, \u017ee v\u00a0dob\u011b kr\u00e1de\u017ee se hodnota t\u00e9to grafiky odhadovala v\u00a0rozmez\u00ed od 35\u00a0do 50\u00a0tis\u00edc dolar\u016f (p\u0159ibli\u017en\u011b 710\u00a0tis\u00edc a\u017e milion korun) a\u00a0do dne\u0161n\u00edch dn\u016f se s\u00a0nejv\u011bt\u0161\u00ed pravd\u011bpodobnost\u00ed nijak v\u00fdrazn\u011b nezm\u011bnila. Ale d\u00edky \u201ep\u0159\u00edb\u011bhu\u201c s\u00a0odcizen\u00edm a\u00a0n\u00e1lezem se nyn\u00ed jej\u00ed cena jist\u011b p\u0159ibl\u00ed\u017eila t\u00e9 horn\u00ed hranici.<\/p>\n<p class=\"c_bB\">St\u00edn na cel\u00fd p\u0159\u00edpad s\u00a0dobr\u00fdm koncem v\u0161ak vrh\u00e1 skute\u010dnost, \u017ee letos v\u00a0\u00fanoru zesnul DeLind\u016fv obchodn\u00ed partner. Toho kr\u00e1de\u017e tr\u00e1pila natolik, \u017ee ka\u017ed\u00fd rok znovu volal na policii a\u00a0prosil, aby znovu otev\u0159ela vy\u0161et\u0159ov\u00e1n\u00ed. \u201eByl by z\u00a0toho nad\u0161en\u00fd, bylo by to pro n\u011bj n\u011bco \u00fa\u017easn\u00e9ho,\u201c uzav\u0159el majitel galerie vzpom\u00ednkou na b\u00fdval\u00e9ho spole\u010dn\u00edka.<\/p>\n<p><a data-dot=\"atm-link\" target=\"_self\" href=\"https:\/\/www.novinky.cz\/clanek\/koktejl-manzelka-vetesnika-se-chtela-te-hruzy-zbavit-byl-to-original-picassa-za-stamiliony-40492037\" class=\"c_I\" rel=\"nofollow noopener\"><img height=\"2304\" width=\"4096\" src=\"https:\/\/www.europesays.com\/cz\/wp-content\/uploads\/2026\/09\/nPYC81BEGFyTUrUoD.jpeg\" loading=\"eager\" decoding=\"sync\" class=\"c_t c_r\"\/><\/a><\/p>\n","protected":false},"excerpt":{"rendered":"D\u00edlo Torero, jeho\u017e autorem je v\u00fdznamn\u00fd mal\u00ed\u0159 Pablo Picasso, v\u00a0roce 2018\u00a0zdobila galerii v\u00a0americk\u00e9m m\u011bst\u011b Milwaukee. Tehdy ji v\u0161ak&hellip;\n","protected":false},"author":2,"featured_media":203851,"comment_status":"","ping_status":"","sticky":false,"template":"","format":"standard","meta":{"footnotes":"","_share_on_mastodon":"0"},"categories":[11],"tags":[7677,3416,30695,9185,1678,7679,34904,54,113,53,52],"class_list":["post-203850","post","type-post","status-publish","format-standard","has-post-thumbnail","category-svet","tag-dilo","tag-grafika","tag-milwaukee","tag-nalez","tag-obraz","tag-original","tag-pablo-picasso","tag-svet","tag-usa","tag-world","tag-world-news"],"share_on_mastodon":{"url":"https:\/\/pubeurope.com\/@cz\/117219145585113457","error":""},"_links":{"self":[{"href":"https:\/\/www.europesays.com\/cz\/wp-json\/wp\/v2\/posts\/203850","targetHints":{"allow":["GET"]}}],"collection":[{"href":"https:\/\/www.europesays.com\/cz\/wp-json\/wp\/v2\/posts"}],"about":[{"href":"https:\/\/www.europesays.com\/cz\/wp-json\/wp\/v2\/types\/post"}],"author":[{"embeddable":true,"href":"https:\/\/www.europesays.com\/cz\/wp-json\/wp\/v2\/users\/2"}],"replies":[{"embeddable":true,"href":"https:\/\/www.europesays.com\/cz\/wp-json\/wp\/v2\/comments?post=203850"}],"version-history":[{"count":0,"href":"https:\/\/www.europesays.com\/cz\/wp-json\/wp\/v2\/posts\/203850\/revisions"}],"wp:featuredmedia":[{"embeddable":true,"href":"https:\/\/www.europesays.com\/cz\/wp-json\/wp\/v2\/media\/203851"}],"wp:attachment":[{"href":"https:\/\/www.europesays.com\/cz\/wp-json\/wp\/v2\/media?parent=203850"}],"wp:term":[{"taxonomy":"category","embeddable":true,"href":"https:\/\/www.europesays.com\/cz\/wp-json\/wp\/v2\/categories?post=203850"},{"taxonomy":"post_tag","embeddable":true,"href":"https:\/\/www.europesays.com\/cz\/wp-json\/wp\/v2\/tags?post=203850"}],"curies":[{"name":"wp","href":"https:\/\/api.w.org\/{rel}","templated":true}]}}