{"id":203866,"date":"2026-09-05T15:47:21","date_gmt":"2026-09-05T15:47:21","guid":{"rendered":"https:\/\/www.europesays.com\/cz\/203866\/"},"modified":"2026-09-05T15:47:21","modified_gmt":"2026-09-05T15:47:21","slug":"sledujte-radar-pocasi-nahoru-dolu-ceka-se-rychle-ochlazeni-s-destem-uderi-i-silny-vitr","status":"publish","type":"post","link":"https:\/\/www.europesays.com\/cz\/203866\/","title":{"rendered":"Sledujte RADAR: Po\u010das\u00ed nahoru dol\u016f. \u010cek\u00e1 se rychl\u00e9 ochlazen\u00ed s de\u0161t\u011bm, ude\u0159\u00ed i siln\u00fd v\u00edtr"},"content":{"rendered":"<p>\n                        Studen\u00e1 fronta postupuje p\u0159es \u010cesko a p\u0159in\u00e1\u0161\u00ed d\u00e9\u0161\u0165 i ochlazen\u00ed. B\u011bhem dne zam\u00ed\u0159\u00ed d\u00e1l k jihov\u00fdchodu a nad na\u0161\u00edm \u00fazem\u00edm se za\u010dne postupn\u011b vyjas\u0148ovat. Teploty budou v sobotu sice ni\u017e\u0161\u00ed ne\u017e v p\u00e1tek, p\u0159esto z\u016fstanou pom\u011brn\u011b vysok\u00e9. Na v\u011bt\u0161in\u011b \u00fazem\u00ed vystoupaj\u00ed nad 20 \u00b0C, na Morav\u011b m\u016f\u017ee b\u00fdt dokonce a\u017e 26 \u00b0C.\n                    <\/p>\n<p>\u201eI kdy\u017e po r\u00e1nu na mnoha m\u00edstech pr\u0161\u00ed, odpoledne u\u017e rozhodn\u011b de\u0161tn\u00edky pot\u0159eba nebudou. Studen\u00e1 fronta odputuje velmi rychle sm\u011brem k jihov\u00fdchodu,\u201c poznamenala ve vys\u00edl\u00e1n\u00ed CNN Prima NEWS meteorolo\u017eka Jana Hujslov\u00e1 s t\u00edm, \u017ee pravd\u011bpodobnost p\u0159eh\u00e1n\u011bk b\u011bhem odpoledne je minim\u00e1ln\u00ed, a pokud se p\u0159ece jen objev\u00ed, budou velmi slab\u00e9.<\/p>\n<p>\u010cT\u011aTE TAK\u00c9: <a target=\"_blank\" href=\"https:\/\/cnn.iprima.cz\/jak-to-bude-v-zime-se-snehem-kartami-nad-evropou-zamicha-neviditelny-fenomen-z-tichomori-520948\" rel=\"nofollow noopener\">Jak to bude v zim\u011b se sn\u011bhem? Kartami nad Evropou zam\u00edch\u00e1 neviditeln\u00fd fenom\u00e9n z Tichomo\u0159\u00ed<\/a><\/p>\n<p>Nejvy\u0161\u0161\u00ed teploty b\u011bhem dne vystoup\u00ed na 19 a\u017e 24 \u00b0C, na jihov\u00fdchod\u011b m\u00edsty nam\u011b\u0159\u00edme a\u017e 26 \u00b0C.<\/p>\n<p>Sobota bude ale pom\u011brn\u011b v\u011btrn\u00e1. \u201eV\u00e1t bude m\u00edrn\u00fd severoz\u00e1padn\u00ed a\u017e z\u00e1padn\u00ed v\u00edtr o rychlosti 3 a\u017e 7 m\/s, na Morav\u011b zpo\u010d\u00e1tku m\u00edsty je\u0161t\u011b s n\u00e1razy kolem 15 m\/s (55 km\/h),\u201c uvedl \u010cesk\u00fd hydrometeorologick\u00fd \u00fastav. B\u011bhem ve\u010dera by m\u011bl v\u0161ak v\u00edtr postupn\u011b sl\u00e1bnout.<\/p>\n<p>Aktu\u00e1ln\u00ed p\u0159edpov\u011b\u010f po\u010das\u00ed:<\/p>\n<p>    Ned\u011ble p\u0159inese chladn\u00e9 r\u00e1no<\/p>\n<p>V ned\u011bli se p\u0159es st\u0159edn\u00ed Evropu bude od z\u00e1padu p\u0159esouvat tlakov\u00e1 v\u00fd\u0161e. P\u0159inese p\u0159ev\u00e1\u017en\u011b slune\u010dn\u00e9 po\u010das\u00ed s malou obla\u010dnost\u00ed. V\u00edce mrak\u016f se m\u016f\u017ee objevit pouze na severu a severov\u00fdchod\u011b republiky, kde nejsou zcela vylou\u010deny slab\u00e9 p\u0159eh\u00e1\u0148ky.<\/p>\n<p>R\u00e1no u\u017e ale bude citeln\u011b chladn\u011bj\u0161\u00ed. Teploty klesnou na 12 a\u017e 7 \u00b0C, v \u00fadol\u00edch mohou m\u00edsty spadnout a\u017e k 5 \u00b0C.\u00a0<\/p>\n<p>B\u011bhem dne se v\u0161ak op\u011bt v\u00fdrazn\u011b otepl\u00ed. P\u0159i slune\u010dn\u00e9m po\u010das\u00ed se maxima budou pohybovat op\u011bt kolem 20 \u00b0C, na jihu Moravy mohou teploty vystoupat a\u017e k 24 \u00b0C.<\/p>\n<p>Na za\u010d\u00e1tku t\u00fddne se pak za\u010dne op\u011bt oteplovat. Do \u010ceska toti\u017e za\u010dne proudit vzduch od jihu. Na v\u011bt\u0161in\u011b \u00fazem\u00ed bude jasno a\u017e polojasno, r\u00e1no se op\u011bt mohou tvo\u0159it mlhy. Teploty m\u00edsty vyl\u00e9tnou i nad tropick\u00fdch 30 \u00b0C. V \u00fater\u00fd by se ale u\u017e mohly postupn\u011b objevovat lok\u00e1ln\u00ed p\u0159eh\u00e1\u0148ky nebo bou\u0159ky.<\/p>\n<p>MOHLO V\u00c1M UNIKNOUT: <a target=\"_blank\" href=\"https:\/\/cnn.iprima.cz\/myty-o-houbach-480293\" rel=\"nofollow noopener\">Nebezpe\u010dn\u00e9 m\u00fdty o houb\u00e1ch. Neposuzujte jedovatost podle barvy, varuje mykolog<\/a><\/p>\n<p class=\"!text-semibold-14-14 !text-black mb-0 mt-2\">\n                Vystudovala liter\u00e1rn\u00ed tvorbu na Vysok\u00e9 \u0161kole kreativn\u00ed komunikace a n\u00e1sledn\u011b nav\u00e1zala studiem m\u00e9di\u00ed na Metropolitn\u00ed univerzit\u011b v Praze. Od dubna 2023 p\u016fsob\u00ed jako redaktorka v on-line redakci CNN Prima NEWS. (Michaela.Bartosova@iprima.cz)\n            <\/p>\n","protected":false},"excerpt":{"rendered":"Studen\u00e1 fronta postupuje p\u0159es \u010cesko a p\u0159in\u00e1\u0161\u00ed d\u00e9\u0161\u0165 i ochlazen\u00ed. B\u011bhem dne zam\u00ed\u0159\u00ed d\u00e1l k jihov\u00fdchodu a nad&hellip;\n","protected":false},"author":2,"featured_media":203867,"comment_status":"","ping_status":"","sticky":false,"template":"","format":"standard","meta":{"footnotes":"","_share_on_mastodon":"0"},"categories":[7],"tags":[43,42,1843,41,40,36711,4189,46390,255,1440,10503,46389,26998,11416],"class_list":["post-203866","post","type-post","status-publish","format-standard","has-post-thumbnail","category-cesko","tag-ceska-republika","tag-cesko","tag-cesky-hydrometeorologicky-ustav","tag-czech-republic","tag-czechia","tag-meteorolog","tag-meteorologie","tag-oblacnost","tag-pocasi","tag-predpoved-pocasi","tag-studena-fronta","tag-tlakova-vyse","tag-vikendove-pocasi","tag-vitr"],"share_on_mastodon":{"url":"https:\/\/pubeurope.com\/@cz\/117219219646870760","error":""},"_links":{"self":[{"href":"https:\/\/www.europesays.com\/cz\/wp-json\/wp\/v2\/posts\/203866","targetHints":{"allow":["GET"]}}],"collection":[{"href":"https:\/\/www.europesays.com\/cz\/wp-json\/wp\/v2\/posts"}],"about":[{"href":"https:\/\/www.europesays.com\/cz\/wp-json\/wp\/v2\/types\/post"}],"author":[{"embeddable":true,"href":"https:\/\/www.europesays.com\/cz\/wp-json\/wp\/v2\/users\/2"}],"replies":[{"embeddable":true,"href":"https:\/\/www.europesays.com\/cz\/wp-json\/wp\/v2\/comments?post=203866"}],"version-history":[{"count":0,"href":"https:\/\/www.europesays.com\/cz\/wp-json\/wp\/v2\/posts\/203866\/revisions"}],"wp:featuredmedia":[{"embeddable":true,"href":"https:\/\/www.europesays.com\/cz\/wp-json\/wp\/v2\/media\/203867"}],"wp:attachment":[{"href":"https:\/\/www.europesays.com\/cz\/wp-json\/wp\/v2\/media?parent=203866"}],"wp:term":[{"taxonomy":"category","embeddable":true,"href":"https:\/\/www.europesays.com\/cz\/wp-json\/wp\/v2\/categories?post=203866"},{"taxonomy":"post_tag","embeddable":true,"href":"https:\/\/www.europesays.com\/cz\/wp-json\/wp\/v2\/tags?post=203866"}],"curies":[{"name":"wp","href":"https:\/\/api.w.org\/{rel}","templated":true}]}}