{"id":203874,"date":"2026-09-05T15:53:10","date_gmt":"2026-09-05T15:53:10","guid":{"rendered":"https:\/\/www.europesays.com\/cz\/203874\/"},"modified":"2026-09-05T15:53:10","modified_gmt":"2026-09-05T15:53:10","slug":"ifa-2026-z-iphonu-17-pro-udelali-tablet-a-nacpali-do-nej-android","status":"publish","type":"post","link":"https:\/\/www.europesays.com\/cz\/203874\/","title":{"rendered":"IFA 2026: Z\u00a0iPhonu 17\u00a0Pro ud\u011blali tablet. A\u00a0nacpali do n\u011bj Android"},"content":{"rendered":"<p class=\"c_bB\">Sta\u010d\u00ed kr\u00e1tk\u00fd pohled zezadu a\u00a0\u010dlov\u011bk na okam\u017eik zav\u00e1h\u00e1. Oran\u017eov\u00e9 t\u011blo, ploch\u00e9 boky a\u00a0p\u0159edev\u0161\u00edm v\u00fdrazn\u00fd modul fotoapar\u00e1t\u016f se t\u0159emi velk\u00fdmi kruhov\u00fdmi objektivy. Design, kter\u00fd u\u00a0iPhonu 17\u00a0Pro rozhodn\u011b nep\u0159ehl\u00e9dnete.<\/p>\n<p class=\"c_bB\">Jen\u017ee n\u011bco nesed\u00ed. Tohle nen\u00ed telefon, ale tablet. \u010c\u00ednsk\u00e1 spole\u010dnost Hotwav na veletrhu IFA v\u00a0Berl\u00edn\u011b vystavuje model Pad 17\u00a0Pro. A\u00a0pr\u00e1v\u011b v\u00a0oran\u017eov\u00e9 variant\u011b p\u016fsob\u00ed jeho zadn\u00ed strana jako pon\u011bkud bizarn\u00ed zv\u011bt\u0161enina iPhonu.<\/p>\n<p class=\"c_bB\">Na prvn\u00ed pohled zaujme p\u0159edev\u0161\u00edm oran\u017eov\u00e9 proveden\u00ed. V\u00fdrobce p\u0159itom na zadn\u00ed stran\u011b nepou\u017e\u00edv\u00e1 logo Applu, ale vlastn\u00ed n\u00e1pis Hotwav. Podobnost ale podtrhuje rozlo\u017een\u00ed fotoapar\u00e1t\u016f i\u00a0celkov\u00e9 pojet\u00ed zadn\u00ed \u010d\u00e1sti za\u0159\u00edzen\u00ed.<\/p>\n<p><a data-dot=\"atm-link\" target=\"_self\" href=\"https:\/\/www.novinky.cz\/clanek\/internet-a-pc-mobil-ifa-2026-mobil-promenili-ve-sperk-limitovana-edice-s-krystaly-swarovski-zamiri-i-do-ceska-40596209\" class=\"c_I\" rel=\"nofollow noopener\"><img fetchpriority=\"high\" height=\"1080\" width=\"1920\" src=\"https:\/\/www.europesays.com\/cz\/wp-content\/uploads\/2026\/09\/1788623588_664_fe99.jpeg\" loading=\"eager\" decoding=\"sync\" class=\"c_t c_r\"\/><\/a><img height=\"918\"   width=\"1800\" src=\"https:\/\/www.europesays.com\/cz\/wp-content\/uploads\/2026\/09\/hotwav-kopie-iphone-cina.mpo.jpeg\" loading=\"eager\" decoding=\"sync\" class=\"c_t c_r\"\/>Foto: Miloslav Fi\u0161er, Novinky<\/p>\n<p class=\"c_bB\">Hotwav Pad 17\u00a0Pro<\/p>\n<p class=\"c_bB\">Pak tablet \u010dlov\u011bk oto\u010d\u00ed a\u00a0zjist\u00ed, \u017ee b\u011b\u017e\u00ed na Androidu 16.\u00a0Podle vystaven\u00e9ho informa\u010dn\u00edho let\u00e1ku m\u00e1 Pad 17\u00a0Pro 10,1palcov\u00fd displej s\u00a0rozli\u0161en\u00edm 800\u00a0\u00d7 1280\u00a0pixel\u016f a\u00a0obnovovac\u00ed frekvenc\u00ed 120\u00a0Hz. Uvnit\u0159 je 4\u00a0GB opera\u010dn\u00ed pam\u011bti a\u00a0128GB \u00falo\u017ei\u0161t\u011b.<\/p>\n<p class=\"c_bB\">Baterie m\u00e1 kapacitu 5000\u00a0mAh, zadn\u00ed fotoapar\u00e1t nab\u00edz\u00ed rozli\u0161en\u00ed 13\u00a0megapixel\u016f a\u00a0p\u0159edn\u00ed 5\u00a0megapixel\u016f.<\/p>\n<p class=\"c_bB\">Technologick\u00fd z\u00e1zrak to tedy nen\u00ed. A\u00a0ani se netv\u00e1\u0159\u00ed, \u017ee by m\u011bl konkurovat nejnov\u011bj\u0161\u00edm iPad\u016fm. Jeho nejv\u011bt\u0161\u00ed zbran\u00ed je n\u011bco \u00fapln\u011b jin\u00e9ho. Vypad\u00e1 jako telefon, kter\u00fd n\u011bkdo zv\u011bt\u0161il do velikosti tabletu.<\/p>\n<p>Tabletem to nekon\u010d\u00ed<\/p>\n<p class=\"c_bB\">Kdyby \u0161lo jen o\u00a0tablet, mohlo by se to je\u0161t\u011b odb\u00fdt jako sv\u00e9r\u00e1zn\u00e1 designov\u00e1 inspirace. Jen\u017ee na st\u00e1nku Hotwav je vystaven\u00fd tak\u00e9 telefon s\u00a0ozna\u010den\u00edm A17\u00a0Pro Max. A\u00a0pr\u00e1v\u011b tady je podobnost s\u00a0iPhonem je\u0161t\u011b n\u00e1padn\u011bj\u0161\u00ed.<\/p>\n<p class=\"c_bB\">Telefon m\u00e1 ploch\u00e9 oran\u017eov\u00e9 boky, v\u00fdrazn\u00fd vystoupl\u00fd modul fotoapar\u00e1t\u016f a\u00a0trojici objektiv\u016f uspo\u0159\u00e1danou zp\u016fsobem, kter\u00fd velmi dob\u0159e zn\u00e1me z\u00a0telefon\u016f Applu. V\u00a0oran\u017eov\u00e9 barv\u011b je podobnost pochopiteln\u011b je\u0161t\u011b v\u00fdrazn\u011bj\u0161\u00ed.<\/p>\n<p class=\"c_bB\">Op\u011bt se v\u0161ak jedn\u00e1 o\u00a0p\u0159\u00edstroj s\u00a0Androidem. Na informa\u010dn\u00edm materi\u00e1lu v\u00fdrobce jsou uvedeny nap\u0159\u00edklad 13Mpx hlavn\u00ed fotoapar\u00e1t, 5Mpx p\u0159edn\u00ed kamera, 5160mAh baterie a\u00a0procesor ASR8662.\u00a0Opera\u010dn\u00edm syst\u00e9mem je Android 15.\u00a0A\u00a0aby nebylo pochyb, kdo za\u0159\u00edzen\u00ed vyrobil, na z\u00e1dech se skv\u00ed logo Hotwav.<\/p>\n<p><img height=\"1138\"   width=\"1800\" src=\"https:\/\/www.europesays.com\/cz\/wp-content\/uploads\/2026\/09\/1788623589_393_hotwav-kopie-iphone-cina.mpo.jpeg\" loading=\"eager\" decoding=\"sync\" class=\"c_t c_r\"\/>Foto: Miloslav Fi\u0161er, Novinky<\/p>\n<p class=\"c_bB\">Hotwav A17\u00a0Pro Max<\/p>\n<p>Dostat se do Evropy<\/p>\n<p class=\"c_bB\">Cel\u00e1 situace je o\u00a0to zaj\u00edmav\u011bj\u0161\u00ed, \u017ee nejde jen tak o\u00a0n\u011bjak\u00fd telefon vystaven\u00fd n\u00e1hodn\u011b v\u00a0obchod\u011b s\u00a0elektronikou. Hotwav sv\u00e9 produkty ukazuje p\u0159\u00edmo na veletrhu IFA v\u00a0Berl\u00edn\u011b.<\/p>\n<p class=\"c_bB\">Podobn\u00e9 akce jsou pro \u0159adu asijsk\u00fdch v\u00fdrobc\u016f d\u016fle\u017eit\u00e9 kv\u016fli hled\u00e1n\u00ed evropsk\u00fdch distributor\u016f, obchodn\u00edch partner\u016f a\u00a0potenci\u00e1ln\u00edch odb\u011bratel\u016f. Nejde tedy pouze o\u00a0p\u0159edv\u00e1d\u011bn\u00ed novinek n\u00e1v\u0161t\u011bvn\u00edk\u016fm. Na st\u00e1nc\u00edch se \u010dasto hledaj\u00ed firmy, kter\u00e9 by mohly v\u00fdrobky n\u00e1sledn\u011b prod\u00e1vat v\u00a0Evrop\u011b.<\/p>\n<p class=\"c_bB\">A podle toho tak\u00e9 vypadala prvn\u00ed reakce pracovn\u00edk\u016f st\u00e1nku. Kdy\u017e se redaktor Novinek za\u010dal zaj\u00edmat o\u00a0vystaven\u00e1 za\u0159\u00edzen\u00ed, v\u011bnovali se mu velmi ochotn\u011b. Zjevn\u011b p\u0159edpokl\u00e1dali, \u017ee je potenci\u00e1ln\u00ed n\u00e1kup\u010d\u00ed.<\/p>\n<p class=\"c_bB\">Kdy\u017e zjistili, \u017ee jde o\u00a0novin\u00e1\u0159e, z\u00e1jem b\u011bhem n\u011bkolika sekund v\u00fdrazn\u011b ochladl. Najednou se vymlouvali na probl\u00e9my s\u00a0angli\u010dtinou a\u00a0ochota si pov\u00eddat o\u00a0vystaven\u00fdch za\u0159\u00edzen\u00edch byla ta tam. Dotazy, zda se tentokr\u00e1t v\u00fdrobce p\u0159\u00edli\u0161 neinspiroval u\u00a0nab\u00eddky spole\u010dnosti Apple, tak z\u016fstaly bohu\u017eel nezodpov\u011bzeny.<\/p>\n<p><img height=\"1219\"   width=\"1800\" src=\"https:\/\/www.europesays.com\/cz\/wp-content\/uploads\/2026\/09\/1788623590_104_hotwav-kopie-iphone-cina.mpo.jpeg\" loading=\"eager\" decoding=\"sync\" class=\"c_t c_r\"\/>Foto: Miloslav Fi\u0161er, Novinky<a data-dot=\"atm-link\" target=\"_self\" href=\"https:\/\/www.novinky.cz\/clanek\/internet-a-pc-hardware-ifa-2026-uklidi-najdou-klice-a-pohlidaji-mazlicka-roboti-budou-jako-clenove-rodiny-40596204\" class=\"c_I\" rel=\"nofollow noopener\"><img height=\"771\" width=\"1372\" src=\"https:\/\/www.europesays.com\/cz\/wp-content\/uploads\/2026\/09\/1788623590_184_ollobot-ss1-ollobot.jpeg\" loading=\"eager\" decoding=\"sync\" class=\"c_t c_r\"\/><\/a><\/p>\n","protected":false},"excerpt":{"rendered":"Sta\u010d\u00ed kr\u00e1tk\u00fd pohled zezadu a\u00a0\u010dlov\u011bk na okam\u017eik zav\u00e1h\u00e1. Oran\u017eov\u00e9 t\u011blo, ploch\u00e9 boky a\u00a0p\u0159edev\u0161\u00edm v\u00fdrazn\u00fd modul fotoapar\u00e1t\u016f se t\u0159emi&hellip;\n","protected":false},"author":2,"featured_media":203875,"comment_status":"","ping_status":"","sticky":false,"template":"","format":"standard","meta":{"footnotes":"","_share_on_mastodon":"0"},"categories":[13],"tags":[127,4125,45891,782,38977,74,73,6378,78,75,77,76,1105],"class_list":["post-203874","post","type-post","status-publish","format-standard","has-post-thumbnail","category-veda-a-technika","tag-apple","tag-berlin","tag-ifa-berlin","tag-iphone-17","tag-kopie","tag-science","tag-science-technology","tag-tablety","tag-technika","tag-technology","tag-veda","tag-veda-a-technika","tag-veletrh"],"share_on_mastodon":{"url":"https:\/\/pubeurope.com\/@cz\/117219243495411963","error":""},"_links":{"self":[{"href":"https:\/\/www.europesays.com\/cz\/wp-json\/wp\/v2\/posts\/203874","targetHints":{"allow":["GET"]}}],"collection":[{"href":"https:\/\/www.europesays.com\/cz\/wp-json\/wp\/v2\/posts"}],"about":[{"href":"https:\/\/www.europesays.com\/cz\/wp-json\/wp\/v2\/types\/post"}],"author":[{"embeddable":true,"href":"https:\/\/www.europesays.com\/cz\/wp-json\/wp\/v2\/users\/2"}],"replies":[{"embeddable":true,"href":"https:\/\/www.europesays.com\/cz\/wp-json\/wp\/v2\/comments?post=203874"}],"version-history":[{"count":0,"href":"https:\/\/www.europesays.com\/cz\/wp-json\/wp\/v2\/posts\/203874\/revisions"}],"wp:featuredmedia":[{"embeddable":true,"href":"https:\/\/www.europesays.com\/cz\/wp-json\/wp\/v2\/media\/203875"}],"wp:attachment":[{"href":"https:\/\/www.europesays.com\/cz\/wp-json\/wp\/v2\/media?parent=203874"}],"wp:term":[{"taxonomy":"category","embeddable":true,"href":"https:\/\/www.europesays.com\/cz\/wp-json\/wp\/v2\/categories?post=203874"},{"taxonomy":"post_tag","embeddable":true,"href":"https:\/\/www.europesays.com\/cz\/wp-json\/wp\/v2\/tags?post=203874"}],"curies":[{"name":"wp","href":"https:\/\/api.w.org\/{rel}","templated":true}]}}