{"id":203889,"date":"2026-09-05T16:07:10","date_gmt":"2026-09-05T16:07:10","guid":{"rendered":"https:\/\/www.europesays.com\/cz\/203889\/"},"modified":"2026-09-05T16:07:10","modified_gmt":"2026-09-05T16:07:10","slug":"ctenari-a-smirovani-uredniku-ministr-ma-pravo-na-kontrolu-vs-nejsme-roboti","status":"publish","type":"post","link":"https:\/\/www.europesays.com\/cz\/203889\/","title":{"rendered":"\u010cten\u00e1\u0159i a \u201e\u0161m\u00edrov\u00e1n\u00ed\u201c \u00fa\u0159edn\u00edk\u016f: Ministr m\u00e1 pr\u00e1vo na kontrolu vs. Nejsme roboti"},"content":{"rendered":"<p class=\"e_bX\">Ministerstvo zdravotnictv\u00ed veden\u00e9 Adamem Vojt\u011bchem (ANO) si objednalo anal\u00fdzu, jak jeho zam\u011bstnanci vyu\u017e\u00edvaj\u00ed po\u010d\u00edta\u010de. <\/p>\n<p class=\"e_bX\">\u201eZneu\u017eit\u00ed fondu pracovn\u00ed doby str\u00e1ven\u00e9 prac\u00ed na PC je na ministerstvu zdravotnictv\u00ed nadpr\u016fm\u011brn\u00e9. Nejv\u011bt\u0161\u00ed probl\u00e9m p\u0159edstavuje vyu\u017e\u00edv\u00e1n\u00ed internetu pro soukrom\u00e9 \u00fa\u010dely. Doba str\u00e1ven\u00e1 na internetu je z\u00a0v\u00edce ne\u017e 42\u00a0procent v\u011bnov\u00e1na soukrom\u00fdm aktivit\u00e1m,\u201c shrnuje anal\u00fdza.<\/p>\n<p class=\"e_bX\">Zam\u011bstnanci kv\u016fli skryt\u00e9mu sledov\u00e1n\u00ed sepsali petici, v\u00a0n\u00ed\u017e tvrd\u00ed, \u017ee specializovan\u00e1 firma tajn\u011b vid\u011bla i\u00a0jejich bankovn\u00ed \u00fa\u010dty, informace o\u00a0zdravotn\u00edm stavu a\u00a0dal\u0161\u00ed citliv\u00e9 \u00fadaje. Opozi\u010dn\u00ed politici rovnou mluv\u00ed o\u00a0nepokryt\u00e9m \u201e\u0161m\u00edrov\u00e1n\u00ed\u201c \u00fa\u0159edn\u00edk\u016f.<\/p>\n<p class=\"e_bX\">\u010cten\u00e1\u0159i, kte\u0159\u00ed se zapojili do diskuze pod \u010dl\u00e1nkem, z\u00a0v\u011bt\u0161\u00ed \u010d\u00e1sti stoj\u00ed za ministrem. Nej\u010dast\u011bji p\u0159ipom\u00ednaj\u00ed, \u017ee lid\u00e9 pracuj\u00edc\u00ed na ministerstvech jsou placeni z\u00a0ve\u0159ejn\u00fdch prost\u0159edk\u016f, a\u00a0z v\u00fdsledk\u016f anal\u00fdzy vyvozuj\u00ed, \u017ee \u00fa\u0159edn\u00edk\u016f je prost\u011b moc.<\/p>\n<p class=\"e_bX\">\u201ePodobn\u00e9 kontroly vyu\u017e\u00edv\u00e1n\u00ed pracovn\u00ed doby jsou \u00fapln\u011b v\u00a0po\u0159\u00e1dku. Mo\u017en\u00e1 by p\u0159i pln\u00e9m vyu\u017eit\u00ed pracovn\u00ed doby bylo mo\u017en\u00e9 na n\u011bkter\u00fdch \u00fa\u0159adech sn\u00ed\u017eit z\u00e1sadn\u011b po\u010det \u00fa\u0159edn\u00edk\u016f placen\u00fdch st\u00e1tem,\u201c p\u00ed\u0161e nap\u0159\u00edklad Karel \u0160kvor.<\/p>\n<p class=\"e_bX\">Nejzaj\u00edmav\u011bj\u0161\u00ed p\u0159\u00edsp\u011bvky z\u00a0diskuze zpracovala redakce Seznam Zpr\u00e1v do <a data-dot=\"atm-link\" target=\"_blank\" href=\"https:\/\/www.seznamzpravy.cz\/tag\/forum-ctenaru-110447\" class=\"e_n\" rel=\"nofollow noopener\">F\u00f3ra \u010dten\u00e1\u0159\u016f<\/a>.<\/p>\n<p>P\u0159e\u010dt\u011bte si p\u016fvodn\u00ed \u010dl\u00e1nek:<a data-dot=\"mol-article-card-media\" aria-hidden=\"true\" tabindex=\"-1\" href=\"https:\/\/www.seznamzpravy.cz\/clanek\/domaci-kauzy-problemove-sledovani-uredniku-vojtecha-42-procent-lelkuje-tvrdi-analyza-314533\" class=\"e_n f_l8\" rel=\"nofollow noopener\" target=\"_blank\"><img fetchpriority=\"high\" height=\"2304\"   width=\"4096\" src=\"https:\/\/www.europesays.com\/cz\/wp-content\/uploads\/2026\/09\/1788624430_18_6ae7.jpeg\" loading=\"eager\" decoding=\"sync\" class=\"e_aa e_Z\"\/><\/a><\/p>\n<p class=\"e_bX\">Petr Han\u010dar: Zaj\u00edmalo by mne, jak by vyhodnotili to, \u017ee v\u00a0pozad\u00ed m\u00e1m pu\u0161t\u011bn\u00e9 p\u00edsn\u011b na YouTube a\u00a0z\u00e1rove\u0148 norm\u00e1ln\u011b mak\u00e1m.<\/p>\n<p class=\"e_bX\">Radim Lindovsk\u00fd: A\u00a0\u00fa\u0159edn\u00edci se bou\u0159\u00ed. Toto je opr\u00e1vn\u011bn\u00fd z\u00e1jem zam\u011bstnavatele a\u00a0ten m\u00e1 pr\u00e1vo kontrolovat, zda zam\u011bstnanci pracuj\u00ed, \u010di nikoliv. O\u00a0efektivit\u011b \u00fa\u0159edn\u00edk\u016f net\u0159eba mluvit, je pot\u0159eba po\u010dty zredukovat, zru\u0161it odm\u011bny, proto\u017ee to jsou odm\u011bny jen za chozen\u00ed do zam\u011bstn\u00e1n\u00ed, nikoliv za odvedenou pr\u00e1ci nav\u00edc.<\/p>\n<p>Roman Pila\u0159 (reaguje): Zkuste si o tom n\u011bco zjistit, ne\u017e za\u010dnete debatovat. Monitorovat n\u011b\u010d\u00ed po\u010d\u00edta\u010d je sice jednoduch\u00e9 po technick\u00e9 str\u00e1nce, ale po pr\u00e1vn\u00ed u\u017e ne.<\/p>\n<p class=\"e_bX\">Martin Holou\u0161: Kvalita a\u00a0term\u00edn odveden\u00e9 pr\u00e1ce by m\u011bla b\u00fdt t\u00edm z\u00e1sadn\u00edm. Pokud zam\u011bstnanec v\u0161e st\u00edh\u00e1 a\u00a0odv\u00e1d\u00ed 100% v\u00fdsledek, tak a\u0165 si se zbytkem \u010dasu nakl\u00e1d\u00e1 po sv\u00e9m\u2026<\/p>\n<p>Martina S\u00fdkorov\u00e1 (reaguje): Pokud v\u0161e st\u00edhaj\u00ed za polovinu pracovn\u00ed doby, je jich tam zbyte\u010dn\u011b moc.<\/p>\n<p class=\"e_bX\">Marcela Jezberov\u00e1: Net\u0159eba se roz\u010dilovat nad kontrolou. Je v\u00a0po\u0159\u00e1dku, kdy\u017e zam\u011bstnavatel kontroluje zam\u011bstnance. Ov\u0161em ho\u010fte kamenem, kdo jste nikdy zam\u011bstnavatel\u016fv po\u010d\u00edta\u010d nevyu\u017eil t\u0159eba tak, \u017ee jste si p\u0159e\u010detl zpr\u00e1vy &#8211; to by na diskus\u00edch nebyl skoro nikdo. V\u00a0seznamu n\u00e1pravn\u00fdch opat\u0159en\u00ed mi chyb\u00ed zm\u011bny v\u00a0organizaci pr\u00e1ce a\u00a0n\u00e1plni pr\u00e1ce dot\u010den\u00fdch \u00fa\u0159edn\u00edk\u016f. Nem\u011bli co d\u011blat? Nemaj\u00ed term\u00edny? Nebo je jen nikdo nekontroluje? Pot\u0159ebujeme nutn\u011b \u00fa\u0159edn\u00edky na t\u00e9 pozici? To je podle m\u011b d\u016fle\u017eit\u011bj\u0161\u00ed ne\u017e zav\u00e1d\u011bt restrikce. Pokud ti lid\u00e9 nemaj\u00ed v\u00a0pr\u00e1ci co d\u011blat, tak jsou jejich m\u00edsta zbytn\u00e1. Tak\u017ee prvn\u00ed, kdo by m\u011bl dostat dr\u017ekovou, nejsou l\u00edn\u00ed \u00fa\u0159edn\u00edci, ale neschopn\u00fd management.<\/p>\n<p class=\"e_bX\">Vladim\u00edr Tich\u00fd: Ka\u017ed\u00fd ob\u010dan o\u010dek\u00e1v\u00e1, \u017ee kdy\u017e \u0159\u00e1dn\u011b plat\u00ed dan\u011b, tak \u017ee za n\u011b st\u00e1tn\u00ed \u00fa\u0159edn\u00edci odvedou odpov\u00eddaj\u00edc\u00ed pr\u00e1ci dle pracovn\u00ed n\u00e1pln\u011b. Jejich pracovn\u011bpr\u00e1vn\u00ed ochrana je nadpr\u016fm\u011brn\u00e1, platy nepat\u0159\u00ed rovn\u011b\u017e k\u00a0t\u011bm podpr\u016fm\u011brn\u00fdm, tak jak\u00e9 ohledy na \u00fa\u0159edn\u00edky, kte\u0159\u00ed \u010d\u00e1st pracovn\u00ed doby str\u00e1v\u00ed lelkov\u00e1n\u00edm, vy\u0159izov\u00e1n\u00edm soukrom\u00fdch z\u00e1le\u017eitost\u00ed a\u00a0r\u016fzn\u00fdm typem z\u00e1bavy na po\u010d\u00edta\u010d\u00edch. To, co provedl Vojt\u011bch, je hodno n\u00e1sledov\u00e1n\u00ed, a\u00a0nikoliv kritizov\u00e1n\u00ed ze strany premi\u00e9ra nebo odbor\u016f. (redak\u010dn\u011b kr\u00e1ceno)<\/p>\n<p class=\"e_bX\">Jan H\u00e4rting: U\u00a0kancel\u00e1\u0159sk\u00e9ho pracovn\u00edka bych za velmi slu\u0161n\u00fd re\u00e1ln\u00fd v\u00fdkon pova\u017eoval t\u0159eba 4\u20136\u00a0hodin skute\u010dn\u011b produktivn\u00ed ment\u00e1ln\u00ed pr\u00e1ce b\u011bhem osmihodinov\u00e9ho dne, p\u0159i\u010dem\u017e zbytek tvo\u0159\u00ed komunikace, rutinn\u00ed \u00fakoly, p\u0159em\u00fd\u0161len\u00ed, p\u0159echody mezi \u00fakoly a\u00a0p\u0159irozen\u00e9 v\u00fdkyvy pozornosti. Pokud n\u011bkdo tvrd\u00ed, \u017ee \u00fa\u0159edn\u00edk m\u00e1 b\u00fdt cel\u00fdch 8\u00a0hodin nep\u0159etr\u017eit\u011b maxim\u00e1ln\u011b v\u00fdkonn\u00fd, pak psychologicky je to velmi problematick\u00e9 o\u010dek\u00e1v\u00e1n\u00ed.<\/p>\n<p class=\"e_bX\">Tom\u00e1\u0161 Tapik: Potrefen\u00e1 husa se v\u017edycky ozve. Z\u00a0pr\u016fzkumu je jasn\u00e9, \u017ee 40\u00a0% \u00fa\u0159edn\u00edk\u016f je zbyte\u010dn\u00fdch. A\u00a0st\u00e1le se p\u0159ib\u00edraj\u00ed a\u00a0p\u0159id\u00e1vaj\u00ed se jim pen\u00edze. Zde je cesta k\u00a0\u00faspo\u0159e st\u00e1tn\u00edch financ\u00ed. Bohu\u017eel to nikdo nechce ud\u011blat a\u00a0jen p\u0159ihl\u00ed\u017e\u00edme n\u00e1razu do zdi. A\u00a0ten se rychle bl\u00ed\u017e\u00ed. A\u00a0pak n\u00e1s to bude bolet v\u0161echny. Viz \u0158ecko. Sn\u00ed\u017een\u00ed plat\u016f, d\u016fchod\u016f, hor\u0161\u00ed dostupnost st\u00e1tn\u00edch slu\u017eeb.<\/p>\n<p class=\"e_bX\">Anna Pavl\u016f: Zaj\u00edmav\u00e9, \u017ee tento \u010dl\u00e1nek vy\u0161el v\u00a0dob\u011b, kdy se mj. m\u00e1 i\u00a0\u00fa\u0159edn\u00edk\u016fm od ledna 2027\u00a0p\u0159idat v\u00a0platov\u00fdch tabulk\u00e1ch. Nen\u00e1vist v\u016f\u010di v\u0161em \u00fa\u0159edn\u00edk\u016fm v\u00a0t\u00e9to zemi je do o\u010d\u00ed bij\u00edc\u00ed. Co \u0159\u00edk\u00e1 z\u00e1kon\u00edk pr\u00e1ce na \u0161m\u00edrov\u00e1n\u00ed \u00fa\u0159edn\u00edk\u016f? Je to protipr\u00e1vn\u00ed. Jak \u010dasto vid\u00edme 6\u00a0d\u011bln\u00edk\u016f nap\u0159. u\u00a0v\u00fdkopu, 1\u00a0jakoby pracuje a\u00a05\u00a0se jich op\u00edr\u00e1 o\u00a0lopatu. Ve v\u0161ech sf\u00e9r\u00e1ch si lid\u00e9 odleh\u010duj\u00ed, proto\u017ee 8\u00a0hodin v\u00a0kuse nikdo sou\u010dasn\u00fd z\u00e1b\u011br ned\u00e1. Ka\u017ed\u00fd \u00fa\u0159edn\u00edk a\u00a0ka\u017ed\u00e1 pr\u00e1ce m\u00e1 stanovenou n\u00e1pl\u0148 pr\u00e1ce, pokud je n\u011bkdo rychlej\u0161\u00ed, odvede precizn\u00ed v\u00fdkon, pro\u010d by si nemohl dovolit odpo\u010dinout, copak jsme roboti?<\/p>\n<p class=\"e_bX\">Pavla \u0160\u00edmov\u00e1: V\u00a0minul\u00e9m zam\u011bstn\u00e1n\u00ed jsme m\u011bli jasn\u011b stanoveno, \u017ee PC nen\u00ed ur\u010den pro soukrom\u00e9 vyu\u017eit\u00ed a\u00a0\u017ee je ka\u017ed\u00fd PC a\u00a0\u00fa\u010det sledov\u00e1n, na jak\u00e9 str\u00e1nky \u010dlov\u011bk kouk\u00e1. N\u011bkter\u00e9 str\u00e1nky byly p\u0159\u00edmo zablokov\u00e1ny. A\u00a0tak\u00e9 to \u0161lo a\u00a0nikdo s\u00a0t\u00edm nem\u011bl probl\u00e9m. Kdy\u017e jsem si pot\u0159ebovala n\u011bco na webu vy\u0159e\u0161it, bu\u010f jsem po\u010dkala dom\u016f, nebo m\u00e1m mobil.<\/p>\n<p class=\"e_bX\">So\u0148a Bene\u0161ov\u00e1: Kdyby dok\u00e1zali m\u011b\u0159it pr\u00e1ci, tak by nemuseli \u0161m\u00edrovat. Pokud \u00fa\u0159edn\u00edk stihne svou pr\u00e1ci za p\u016flku pracovn\u00ed doby, tak co by tu druhou p\u016flku d\u011blal? Taky je mo\u017en\u00e9, \u017ee co jeden d\u011bl\u00e1 hodinu, jin\u00fd ud\u011bl\u00e1 za p\u016fl hodiny. Ale jeliko\u017e v\u00a0\u00fa\u0159adech, a\u00a0nejenom tam, nedok\u00e1\u017eou zjistit, co kdo d\u011bl\u00e1 a\u00a0v jak\u00e9 kvalit\u011b, tak m\u016f\u017ee dostat za u\u0161i pr\u00e1v\u011b ten v\u00fdkonn\u011bj\u0161\u00ed.<\/p>\n<p class=\"e_bX\">Libor Sa\u010fa: Nejsem voli\u010d Babi\u0161e, ale informace o\u00a0vyu\u017eit\u00ed pracovn\u00ed doby a\u00a0tedy efektivita je d\u016fle\u017eit\u00e1 zp\u011btn\u00e1 vazba pro \u0159\u00edzen\u00ed pracovn\u00ed jednotky. Alespo\u0148 se dozv\u011bd\u011bli, kolik \u00fa\u0159edn\u00edk\u016f na tom ministerstvu nepot\u0159ebuj\u00ed. Kdybych profl\u00e1kal j\u00e1 1\/3\u00a0pracovn\u00ed doby, tak m\u00e1m probl\u00e9m. Nem\u011bl bych hotovou stanovenou pr\u00e1ci a\u00a0z\u0159ejm\u011b ani pr\u00e9mie. To ale bude t\u00edm, \u017ee nepracuji pro st\u00e1t. Z\u00a0vybran\u00fdch dan\u00ed se plat\u00ed i\u00a0ti zam\u011bstnanci, kte\u0159\u00ed se fl\u00e1kaj\u00ed. N\u011bco je \u0161patn\u011b, kdy\u017e se t\u011bchto fl\u00e1ka\u010d\u016f zast\u00e1v\u00e1me.<\/p>\n<p class=\"e_bX\">Smrkovsky Jan: Je p\u0159ece naprosto b\u011b\u017en\u00e9, \u017ee pokud n\u011bco \u0159e\u0161\u00edte, hled\u00e1te pomoc \u010di zdroje na internetov\u00fdch str\u00e1nk\u00e1ch, kter\u00e9 m\u016f\u017eou\u00a0\u2013 z\u00a0pohledu nezasv\u011bcen\u00e9ho pozorovatele\u00a0\u2013 p\u016fsobit jako lelkov\u00e1n\u00ed. Nap\u0159\u00edklad pokud se u\u00a0n\u00e1s hl\u00e1s\u00ed n\u011bkdo o\u00a0pr\u00e1ci, projedu si jeho Facebook, kter\u00fd o\u00a0n\u011bkter\u00fdch lidech napov\u00ed mnoho. Pokud jsou v\u011bci, se kter\u00fdmi si nev\u00edm rady, zept\u00e1m se Googlu a\u00a0pokud se p\u0159i sv\u00e9 pauze pod\u00edv\u00e1m na sv\u016fj \u00fa\u010det, tak t\u00edm ohro\u017euji maxim\u00e1ln\u011b s\u00e1m sebe. Mysl\u00edm, \u017ee v\u00a0dne\u0161n\u00ed dob\u011b je d\u016fle\u017eit\u00fd v\u00fdsledek pr\u00e1ce, za kterou \u010dlov\u011bka plat\u00edm, a\u00a0ne jeho 8\u00a0hodin trvaj\u00edc\u00ed soust\u0159ed\u011bn\u00ed na excelov\u00e9 tabulky\u2026 \u010ceho se t\u00edmto \u0161pehov\u00e1n\u00edm doc\u00edl\u00ed? V\u016fbec ni\u010deho, nem\u016f\u017eu na po\u010d\u00edta\u010d, kouknu na mobil nebo si vezmu z\u00a0domova tablet\u2026<\/p>\n<p class=\"e_bX\">Ladislav Feierfeil: Mn\u011b to p\u0159ijde naprosto v\u00a0po\u0159\u00e1dku. Je to slu\u017eebn\u00ed po\u010d\u00edta\u010d &#8211; pracovn\u00ed n\u00e1stroj. Zam\u011bstnavatel, tedy st\u00e1t, si kontroluje, jak je jeho pracovn\u00ed n\u00e1stroj vyu\u017e\u00edv\u00e1n. Ve fabrice si tak\u00e9 d\u011bln\u00edk nem\u016f\u017ee vyr\u00e1b\u011bt za pomoci n\u00e1stroj\u016f atd. osobn\u00ed v\u011bci a\u00a0je\u0161t\u011b na \u00fakor pracovn\u00ed doby. Jist\u011b ka\u017ed\u00fd tento \u00fa\u0159edn\u00edk m\u00e1 doma soukrom\u00fd po\u010d\u00edta\u010d a\u00a0tam a\u0165 si s\u00a0n\u00edm hraje, pracuje! Za m\u011b je\u0161t\u011b jednou. Dob\u0159e, \u017ee se kontrolovalo. To nen\u00ed \u0161m\u00edrov\u00e1n\u00ed!!!<\/p>\n<p class=\"e_bX\">Jan Schlixbier: Je trochu vtipn\u00e9, kolik lid\u00ed tu p\u00ed\u0161e, jak\u00e1 je to nehor\u00e1znost koukat na internet v\u00a0pr\u00e1ci. P\u0159itom je aktu\u00e1ln\u011b obdob\u00ed b\u011b\u017en\u00e9 pracovn\u00ed doby a\u00a0vsadil bych se, \u017ee alespo\u0148 polovina z\u00a0v\u00e1s p\u00ed\u0161e z\u00a0pr\u00e1ce.<\/p>\n","protected":false},"excerpt":{"rendered":"Ministerstvo zdravotnictv\u00ed veden\u00e9 Adamem Vojt\u011bchem (ANO) si objednalo anal\u00fdzu, jak jeho zam\u011bstnanci vyu\u017e\u00edvaj\u00ed po\u010d\u00edta\u010de. \u201eZneu\u017eit\u00ed fondu pracovn\u00ed doby&hellip;\n","protected":false},"author":2,"featured_media":203890,"comment_status":"","ping_status":"","sticky":false,"template":"","format":"standard","meta":{"footnotes":"","_share_on_mastodon":"0"},"categories":[10],"tags":[16061,3492,17,21,343,16,1511,18,19,22,12444,2634,20],"class_list":["post-203889","post","type-post","status-publish","format-standard","has-post-thumbnail","category-zpravy","tag-efektivita","tag-forum-ctenaru","tag-headlines","tag-hlavni-udalosti","tag-ministerstvo-zdravotnictvi-mzcr","tag-news","tag-pracovni-doba","tag-top-news","tag-top-stories","tag-udalosti-dne","tag-urady","tag-urednici","tag-zpravy"],"share_on_mastodon":{"url":"https:\/\/pubeurope.com\/@cz\/117219298187079783","error":""},"_links":{"self":[{"href":"https:\/\/www.europesays.com\/cz\/wp-json\/wp\/v2\/posts\/203889","targetHints":{"allow":["GET"]}}],"collection":[{"href":"https:\/\/www.europesays.com\/cz\/wp-json\/wp\/v2\/posts"}],"about":[{"href":"https:\/\/www.europesays.com\/cz\/wp-json\/wp\/v2\/types\/post"}],"author":[{"embeddable":true,"href":"https:\/\/www.europesays.com\/cz\/wp-json\/wp\/v2\/users\/2"}],"replies":[{"embeddable":true,"href":"https:\/\/www.europesays.com\/cz\/wp-json\/wp\/v2\/comments?post=203889"}],"version-history":[{"count":0,"href":"https:\/\/www.europesays.com\/cz\/wp-json\/wp\/v2\/posts\/203889\/revisions"}],"wp:featuredmedia":[{"embeddable":true,"href":"https:\/\/www.europesays.com\/cz\/wp-json\/wp\/v2\/media\/203890"}],"wp:attachment":[{"href":"https:\/\/www.europesays.com\/cz\/wp-json\/wp\/v2\/media?parent=203889"}],"wp:term":[{"taxonomy":"category","embeddable":true,"href":"https:\/\/www.europesays.com\/cz\/wp-json\/wp\/v2\/categories?post=203889"},{"taxonomy":"post_tag","embeddable":true,"href":"https:\/\/www.europesays.com\/cz\/wp-json\/wp\/v2\/tags?post=203889"}],"curies":[{"name":"wp","href":"https:\/\/api.w.org\/{rel}","templated":true}]}}