{"id":203897,"date":"2026-09-05T16:14:13","date_gmt":"2026-09-05T16:14:13","guid":{"rendered":"https:\/\/www.europesays.com\/cz\/203897\/"},"modified":"2026-09-05T16:14:13","modified_gmt":"2026-09-05T16:14:13","slug":"maskovani-muzi-v-doveru-protestovali-proti-migrantum-a-narusili-dopravu","status":"publish","type":"post","link":"https:\/\/www.europesays.com\/cz\/203897\/","title":{"rendered":"Maskovan\u00ed mu\u017ei v\u00a0Doveru protestovali proti migrant\u016fm a\u00a0naru\u0161ili dopravu"},"content":{"rendered":"<p class=\"e_bX\">Stovky maskovan\u00fdch mu\u017e\u016f v\u00a0kukl\u00e1ch v\u00a0sobotu protestovaly proti migrant\u016fm v\u00a0p\u0159\u00edstavu Dover na jihov\u00fdchod\u011b Anglie a\u00a0v\u00e1\u017en\u011b naru\u0161ily dopravu, p\u00ed\u0161\u00ed m\u00e9dia s\u00a0odvol\u00e1n\u00edm na policii a\u00a0m\u00edstn\u00ed \u00fa\u0159ady. Dover je v\u00fdznamn\u00fd dopravn\u00ed uzel pro trajekty pluj\u00edc\u00ed mezi Brit\u00e1ni\u00ed a\u00a0Franci\u00ed p\u0159es Laman\u0161sk\u00fd pr\u016fliv.<\/p>\n<p class=\"e_bX\">Zastupitel Doveru za protiimigra\u010dn\u00ed stranu Reform UK Paul King podle stanice BBC uvedl, \u017ee mu bylo \u0159e\u010deno, \u017ee se jedn\u00e1 o\u00a0protest proti p\u0159ist\u011bhovalc\u016fm p\u0159iplouvaj\u00edc\u00edm do Brit\u00e1nie na mal\u00fdch lod\u00edch.<\/p>\n<p class=\"e_bX\">\u201eJsme si v\u011bdomi protestu odehr\u00e1vaj\u00edc\u00edho se v\u00a0p\u0159\u00edstavu Dover. Policist\u00e9 jsou na m\u00edst\u011b a\u00a0komunikuj\u00ed s\u00a0protestuj\u00edc\u00edmi,\u201c <a data-dot=\"atm-link\" target=\"_blank\" rel=\"noopener nofollow\" href=\"https:\/\/x.com\/kent_police\/status\/2096143542506639729\" class=\"e_n\">uvedla<\/a> policie hrabstv\u00ed Kent v\u00a0kr\u00e1tk\u00e9m p\u0159\u00edsp\u011bvku na soci\u00e1ln\u00ed s\u00edti X. Nesd\u011blila, kdo demonstraci zorganizoval.<\/p>\n<p class=\"e_bX\">Policist\u00e9 navedli dav mu\u017e\u016f oble\u010den\u00fdch v\u00a0\u010dern\u00e9m, kte\u0159\u00ed skandovali \u201ezastavte lod\u011b\u201c, sm\u011brem k\u00a0\u017eelezni\u010dn\u00ed stanici Dover Priory, kde se dav p\u0159ed polednem za\u010dal rozch\u00e1zet. Demonstranti \u0159ekli BBC, \u017ee necht\u011bj\u00ed hovo\u0159it s\u00a0m\u00e9dii. \u201ePo\u0161lete je zp\u00e1tky,\u201c \u0159ekl p\u0159esto jeden z\u00a0nich. \u201eZastavte lod\u011b,\u201c \u0159ekl dal\u0161\u00ed.<\/p>\n<p class=\"e_bX\">Protest naru\u0161il silni\u010dn\u00ed dopravu do p\u0159\u00edstavu i\u00a0z n\u011bj. Spr\u00e1va p\u0159\u00edstavu po 13:00\u00a0SEL\u010c uvedla, \u017ee silnice v\u00a0okol\u00ed p\u0159\u00edstavu u\u017e jsou zcela pr\u016fjezdn\u00e9. Provozovatel trajekt\u016f P&amp;O Ferries vzk\u00e1zal cestuj\u00edc\u00edm, kte\u0159\u00ed prop\u00e1sli trajekt, \u017ee jim zajist\u00ed m\u00edsto na nejbli\u017e\u0161\u00ed dostupn\u00e9 plavb\u011b.<\/p>\n<p><a data-dot=\"mol-article-card-media\" aria-hidden=\"true\" tabindex=\"-1\" href=\"https:\/\/www.seznamzpravy.cz\/clanek\/zahranicni-vlada-slibuje-tvrde-tresty-britanii-hybe-skandal-s-azylovymi-podvody-304178\" class=\"e_n f_l8\" rel=\"nofollow noopener\" target=\"_blank\"><img fetchpriority=\"high\" height=\"2110\"   width=\"3752\" src=\"https:\/\/www.europesays.com\/cz\/wp-content\/uploads\/2026\/09\/migrace-migranti-uprchlici-britanie-dover.jpeg\" loading=\"eager\" decoding=\"sync\" class=\"e_aa e_Z\"\/><\/a><a data-dot=\"mol-article-card-media\" aria-hidden=\"true\" tabindex=\"-1\" href=\"https:\/\/www.seznamzpravy.cz\/clanek\/zahranicni-vane-vitr-zmen-argentinsky-prezident-hrozi-britanii-ze-ji-vezme-uzemi-314644\" class=\"e_n f_l8\" rel=\"nofollow noopener\" target=\"_blank\"><img height=\"2304\"   width=\"4096\" src=\"https:\/\/www.europesays.com\/cz\/wp-content\/uploads\/2026\/09\/1788624853_337_javier-milei.jpeg\" loading=\"eager\" decoding=\"sync\" class=\"e_aa e_Z\"\/><\/a><\/p>\n","protected":false},"excerpt":{"rendered":"Stovky maskovan\u00fdch mu\u017e\u016f v\u00a0kukl\u00e1ch v\u00a0sobotu protestovaly proti migrant\u016fm v\u00a0p\u0159\u00edstavu Dover na jihov\u00fdchod\u011b Anglie a\u00a0v\u00e1\u017en\u011b naru\u0161ily dopravu, p\u00ed\u0161\u00ed m\u00e9dia&hellip;\n","protected":false},"author":2,"featured_media":203898,"comment_status":"","ping_status":"","sticky":false,"template":"","format":"standard","meta":{"footnotes":"","_share_on_mastodon":"0"},"categories":[11],"tags":[46375,1260,5171,1809,54,1136,53,52],"class_list":["post-203897","post","type-post","status-publish","format-standard","has-post-thumbnail","category-svet","tag-dover","tag-migrace","tag-migranti","tag-protesty","tag-svet","tag-velka-britanie","tag-world","tag-world-news"],"share_on_mastodon":{"url":"https:\/\/pubeurope.com\/@cz\/117219325548933466","error":""},"_links":{"self":[{"href":"https:\/\/www.europesays.com\/cz\/wp-json\/wp\/v2\/posts\/203897","targetHints":{"allow":["GET"]}}],"collection":[{"href":"https:\/\/www.europesays.com\/cz\/wp-json\/wp\/v2\/posts"}],"about":[{"href":"https:\/\/www.europesays.com\/cz\/wp-json\/wp\/v2\/types\/post"}],"author":[{"embeddable":true,"href":"https:\/\/www.europesays.com\/cz\/wp-json\/wp\/v2\/users\/2"}],"replies":[{"embeddable":true,"href":"https:\/\/www.europesays.com\/cz\/wp-json\/wp\/v2\/comments?post=203897"}],"version-history":[{"count":0,"href":"https:\/\/www.europesays.com\/cz\/wp-json\/wp\/v2\/posts\/203897\/revisions"}],"wp:featuredmedia":[{"embeddable":true,"href":"https:\/\/www.europesays.com\/cz\/wp-json\/wp\/v2\/media\/203898"}],"wp:attachment":[{"href":"https:\/\/www.europesays.com\/cz\/wp-json\/wp\/v2\/media?parent=203897"}],"wp:term":[{"taxonomy":"category","embeddable":true,"href":"https:\/\/www.europesays.com\/cz\/wp-json\/wp\/v2\/categories?post=203897"},{"taxonomy":"post_tag","embeddable":true,"href":"https:\/\/www.europesays.com\/cz\/wp-json\/wp\/v2\/tags?post=203897"}],"curies":[{"name":"wp","href":"https:\/\/api.w.org\/{rel}","templated":true}]}}