{"id":203899,"date":"2026-09-05T16:16:09","date_gmt":"2026-09-05T16:16:09","guid":{"rendered":"https:\/\/www.europesays.com\/cz\/203899\/"},"modified":"2026-09-05T16:16:09","modified_gmt":"2026-09-05T16:16:09","slug":"kdybychom-to-chteli-provest-dopadlo-by-to-jinak-rusove-opet-odmitli-odpovednost-za-utok-v-lipsku","status":"publish","type":"post","link":"https:\/\/www.europesays.com\/cz\/203899\/","title":{"rendered":"Kdybychom to cht\u011bli prov\u00e9st, dopadlo by to jinak. Rusov\u00e9 op\u011bt odm\u00edtli odpov\u011bdnost za \u00fatok v\u00a0Lipsku"},"content":{"rendered":"<p class=\"c_bB\">\u00datok, kter\u00fd z\u0159ejm\u011b m\u00ed\u0159il na ukrajinsk\u00e1 letadla spole\u010dnosti Antonov, se nezda\u0159il. Podle v\u0161eho m\u011bla v\u00fdbu\u0161nina na dronu vadnou rozn\u011btku. N\u011bmecko obvinilo ze zodpov\u011bdnosti Rusko a\u00a0n\u011bme\u010dt\u00ed vy\u0161et\u0159ovatel\u00e9 znaj\u00ed dva konkr\u00e9tn\u00ed pachatele.<\/p>\n<p class=\"c_bB\">\u201eKdybychom skute\u010dn\u011b cht\u011bli v\u00a0Lipsku n\u011bco sp\u00e1chat, mohlo by to\u00a0\u2013 jak jist\u011b v\u00edte\u00a0\u2013 vypadat \u00fapln\u011b jinak,\u201c \u0159ekl N\u011b\u010dajev v\u00a0podcastu \u201eungeskriptet\u201c. \u201eAle nem\u00e1me nejmen\u0161\u00ed \u00famysl provokovat zdej\u0161\u00ed obyvatele nebo vl\u00e1du,\u201c dodal.<\/p>\n<p class=\"c_bB\">Na po\u010d\u00e1tku srpna zaznamenalo N\u011bmecko pokus o\u00a0bombov\u00fd \u00fatok na v\u00fdchodon\u011bmeck\u00e9m leti\u0161ti Lipsko\/Halle. V\u00fdbu\u0161ninu nesl dron, rozn\u011btka byla ale nefunk\u010dn\u00ed. C\u00edlem byla podle v\u0161eho letadla ukrajinsk\u00e9 spole\u010dnosti Antonov. N\u011bmeck\u00e1 vl\u00e1da v\u00a0\u00fater\u00fd p\u0159isoudila zodpov\u011bdnost za tuto akci Rusku, co\u017e Moskva odm\u00edtla.<\/p>\n<p>Rusk\u00fd d\u016fm za Goetheho institut<\/p>\n<p class=\"c_bB\">N\u011bmecko v\u00a0reakci rozhodlo mimo jin\u00e9 o\u00a0uzav\u0159en\u00ed rusk\u00e9ho gener\u00e1ln\u00edho konzul\u00e1tu v\u00a0Bonnu a\u00a0vypov\u011bzen\u00ed smlouvy kulturn\u00edmu institutu Rusk\u00fd d\u016fm v\u00a0Berl\u00edn\u011b. Podle kritik\u016f toti\u017e dlouho neslou\u017eil um\u011blc\u016fm, ale \u0161pion\u016fm. Rusko podle ministra zahrani\u010d\u00ed Sergeje Lavrova hodl\u00e1 odpov\u011bd\u011bt uzav\u0159en\u00edm Goetheho institut\u016f v\u00a0Rusku.<\/p>\n<p class=\"c_bB\">N\u011bmeck\u00fd kancl\u00e9\u0159 Friedrich Merz v\u00a0sobotu \u0159ekl, \u017ee \u00fatok na leti\u0161t\u011b u\u00a0Lipska ukazuje, \u017ee zem\u011b stoj\u00ed p\u0159ed z\u00e1sadn\u00edm zlomem s\u00a0dalekos\u00e1hl\u00fdmi dopady, kter\u00e9 budou z\u0159ejm\u00e9 a\u017e ze zp\u011btn\u00e9ho pohledu. Varoval tak\u00e9 Moskvu, aby v\u00a0tomto druhu hybridn\u00ed v\u00e1lky nepokra\u010dovala.<\/p>\n<p><a data-dot=\"atm-link\" target=\"_self\" href=\"https:\/\/www.novinky.cz\/clanek\/zahranicni-za-utokem-drony-v-lipsku-stal-kreml-nemecko-uzavre-rusky-konzulat-40595508\" class=\"c_I\" rel=\"nofollow noopener\"><img fetchpriority=\"high\" height=\"1080\" width=\"1920\" src=\"https:\/\/www.europesays.com\/cz\/wp-content\/uploads\/2026\/09\/1788624969_341_lipsko-halle-lipsko-nemecko-letadlo-letiste-dron.jpeg\" loading=\"eager\" decoding=\"sync\" class=\"c_t c_r\"\/><\/a><\/p>\n","protected":false},"excerpt":{"rendered":"\u00datok, kter\u00fd z\u0159ejm\u011b m\u00ed\u0159il na ukrajinsk\u00e1 letadla spole\u010dnosti Antonov, se nezda\u0159il. Podle v\u0161eho m\u011bla v\u00fdbu\u0161nina na dronu vadnou&hellip;\n","protected":false},"author":2,"featured_media":203900,"comment_status":"","ping_status":"","sticky":false,"template":"","format":"standard","meta":{"footnotes":"","_share_on_mastodon":"0"},"categories":[10],"tags":[17,21,533,13390,375,16,61,18,19,22,897,1911,20],"class_list":["post-203899","post","type-post","status-publish","format-standard","has-post-thumbnail","category-zpravy","tag-headlines","tag-hlavni-udalosti","tag-letiste","tag-lipsko","tag-nemecko","tag-news","tag-rusko","tag-top-news","tag-top-stories","tag-udalosti-dne","tag-utok","tag-velvyslanec","tag-zpravy"],"share_on_mastodon":{"url":"https:\/\/pubeurope.com\/@cz\/117219333718668113","error":""},"_links":{"self":[{"href":"https:\/\/www.europesays.com\/cz\/wp-json\/wp\/v2\/posts\/203899","targetHints":{"allow":["GET"]}}],"collection":[{"href":"https:\/\/www.europesays.com\/cz\/wp-json\/wp\/v2\/posts"}],"about":[{"href":"https:\/\/www.europesays.com\/cz\/wp-json\/wp\/v2\/types\/post"}],"author":[{"embeddable":true,"href":"https:\/\/www.europesays.com\/cz\/wp-json\/wp\/v2\/users\/2"}],"replies":[{"embeddable":true,"href":"https:\/\/www.europesays.com\/cz\/wp-json\/wp\/v2\/comments?post=203899"}],"version-history":[{"count":0,"href":"https:\/\/www.europesays.com\/cz\/wp-json\/wp\/v2\/posts\/203899\/revisions"}],"wp:featuredmedia":[{"embeddable":true,"href":"https:\/\/www.europesays.com\/cz\/wp-json\/wp\/v2\/media\/203900"}],"wp:attachment":[{"href":"https:\/\/www.europesays.com\/cz\/wp-json\/wp\/v2\/media?parent=203899"}],"wp:term":[{"taxonomy":"category","embeddable":true,"href":"https:\/\/www.europesays.com\/cz\/wp-json\/wp\/v2\/categories?post=203899"},{"taxonomy":"post_tag","embeddable":true,"href":"https:\/\/www.europesays.com\/cz\/wp-json\/wp\/v2\/tags?post=203899"}],"curies":[{"name":"wp","href":"https:\/\/api.w.org\/{rel}","templated":true}]}}