{"id":203907,"date":"2026-09-05T16:31:17","date_gmt":"2026-09-05T16:31:17","guid":{"rendered":"https:\/\/www.europesays.com\/cz\/203907\/"},"modified":"2026-09-05T16:31:17","modified_gmt":"2026-09-05T16:31:17","slug":"nemuzete-se-uz-dockat-nafotili-jsme-vzhled-skladaciho-apple-iphonu-ultra-fotogalerie-maket-z-veletrhu-ifa-2026","status":"publish","type":"post","link":"https:\/\/www.europesays.com\/cz\/203907\/","title":{"rendered":"Nem\u016f\u017eete se u\u017e do\u010dkat? Nafotili jsme vzhled skl\u00e1dac\u00edho Apple iPhonu Ultra \u2013 Fotogalerie maket z veletrhu IFA 2026"},"content":{"rendered":"<p>O skl\u00e1dac\u00edm iPhonu od Applu, kter\u00fd kone\u010dn\u011b nab\u00eddne ohebn\u00fd displej, se mluv\u00ed u\u017e n\u011bkolik let. Posledn\u00edch n\u011bkolik m\u011bs\u00edc\u016f se v\u0161ak intenzita zv\u00fd\u0161ila a je nanejv\u00fd\u0161 pravd\u011bpodobn\u00e9, \u017ee se ho p\u0159\u00ed\u0161t\u00ed st\u0159edu skute\u010dn\u011b do\u010dk\u00e1me. Mobil se odhalil v mnoha \u00fanic\u00edch se spoustou informac\u00ed a internetem koluje tak\u00e9 \u0159ada fotografi\u00ed.<\/p>\n<p>Maketa Apple iPhonu Ultra (Fold) od spole\u010dnosti Epico<\/p>\n<p>Vzhled mobilu je tak ve\u0159ejn\u00fdm tajemstv\u00edm a Apple v tomto ohledu t\u011b\u017eko n\u011bjak p\u0159ekvap\u00ed. Design mobilu nav\u00edc potvrzuj\u00ed i v\u00fdrobci p\u0159\u00edslu\u0161enstv\u00ed. Nap\u0159\u00edklad Epico na pr\u00e1v\u011b prob\u00edhaj\u00edc\u00edm veletrhu IFA 2026 v Berl\u00edn\u011b m\u00e1 k dispozici makety iPhonu Ultra (nebo Fold?), kter\u00e9 vypadaj\u00ed p\u0159esn\u011b tak, jak jsme mohli vid\u011bt na \u0159ad\u011b tajn\u00fdch fotografi\u00ed. Zde je pot\u0159eba zm\u00ednit, \u017ee jde o neve\u0159ejn\u00e9 makety, kter\u00e9 slou\u017e\u00ed p\u0159edev\u0161\u00edm k odhadnut\u00ed rozm\u011br\u016f a rozm\u00edst\u011bn\u00ed jednotliv\u00fdch ovl\u00e1dac\u00edch prvk\u016f. Vnit\u0159n\u00ed displej proto nelze hodnotit, a to ani velikost jeho ohybu, kter\u00e1 ve skute\u010dnosti takov\u00e1 rozhodn\u011b nebude.<\/p>\n<p>Samsung Galaxy Z Fold8 a maketa Apple iPhonu Ultra (Fold)<\/p>\n<p>M\u011bli jsme mo\u017enost vzhled a velikost porovnat se Samsungem Galaxy Z Fold8, kter\u00fd je jedn\u00edm z pr\u016fkopn\u00edk\u016f \u0161irok\u00fdch skl\u00e1da\u010dek, nebo\u0165 ji dostal na glob\u00e1ln\u00ed trhy. Oproti Samsungu je skl\u00e1da\u010dka od Applu ni\u017e\u0161\u00ed a \u0161ir\u0161\u00ed, sou\u010dasn\u011b v\u0161ak i v\u00edce zakulacen\u00e1. V redakci se n\u00e1m sp\u00ed\u0161e zamlouvaj\u00ed ost\u0159e \u0159ezan\u00e9 linie jihokorejsk\u00e9ho z\u00e1stupce. Zm\u00ednit m\u016f\u017eeme p\u0159\u00edtomnost Touch ID a tla\u010d\u00edtka na horn\u00ed hran\u011b. V\u00fdsledek velmi p\u0159ipom\u00edn\u00e1 iPad mini.<\/p>\n<p>Maketa spole\u010dnosti Panzerglass<\/p>\n<p>Vlastn\u00ed makety m\u011bl k dispozici i zn\u00e1m\u00fd v\u00fdrobce Panzerglass. Ten bude vyr\u00e1b\u011bt speci\u00e1ln\u00ed ochrann\u00e1 skl\u00ed\u010dka na vnit\u0159n\u00ed ohebn\u00fd displej. To se nalep\u00ed p\u0159\u00edmo na ochrann\u00fd film od v\u00fdrobce. Skl\u00ed\u010dko je tenk\u00e9 jen 30 mikrometr\u016f, co\u017e znamen\u00e1, \u017ee bude ten\u010d\u00ed ne\u017e lidsk\u00fd vlas. Panzerglass garantuje 10 tis\u00edc otev\u0159en\u00ed a zav\u0159en\u00ed. V\u0161e bude dod\u00e1v\u00e1no ve speci\u00e1ln\u00ed instala\u010dn\u00ed krabi\u010dce, aby aplikace byla snadn\u00e1, p\u0159esn\u00e1 a rychl\u00e1. V p\u0159\u00edpad\u011b z\u00e1kaznick\u00e9ho \u00fasp\u011bchu se po\u010d\u00edt\u00e1 i s v\u00fdrobou obdobn\u00fdch skl\u00ed\u010dek na dal\u0161\u00ed skl\u00e1dac\u00ed telefony.\n<\/p>\n<p>Speci\u00e1ln\u00ed ochrann\u00e9 skl\u00ed\u010dko pro skl\u00e1dac\u00ed iPhone bude neuv\u011b\u0159iteln\u011b tenk\u00e9<\/p>\n<p>Kl\u00ed\u010dov\u00e1 tiskov\u00e1 konference Applu vypukne ji\u017e p\u0159\u00ed\u0161t\u00ed st\u0159edu 9. z\u00e1\u0159\u00ed od 19:00 st\u0159edoevropsk\u00e9ho letn\u00edho \u010dasu a pr\u00e1v\u011b b\u011bhem n\u00ed bychom se m\u011bli o skl\u00e1dac\u00edm iPhonu dozv\u011bd\u011bt v\u0161e podstatn\u00e9.<\/p>\n<p><a href=\"https:\/\/mobilenet.cz\/galerie\/apple-iphone-ultra-fold-407535\/clanek-55159\" class=\"gallery--single\" style=\"max-width:2560px\" rel=\"nofollow noopener\" target=\"_blank\"><img decoding=\"async\" src=\"https:\/\/www.europesays.com\/cz\/wp-content\/uploads\/2026\/09\/1788625877_361_614w.jpg\"   alt=\"Apple iPhone Ultra (Fold)\" width=\"100%\" class=\"ll-img\"\/><\/a><br \/>\nOdhalil Panzerglass n\u00e1zev mobilu? V prospektu se objevuje p\u0159\u00eddomek Fold<\/p>\n","protected":false},"excerpt":{"rendered":"O skl\u00e1dac\u00edm iPhonu od Applu, kter\u00fd kone\u010dn\u011b nab\u00eddne ohebn\u00fd displej, se mluv\u00ed u\u017e n\u011bkolik let. Posledn\u00edch n\u011bkolik m\u011bs\u00edc\u016f&hellip;\n","protected":false},"author":2,"featured_media":203908,"comment_status":"","ping_status":"","sticky":false,"template":"","format":"standard","meta":{"footnotes":"","_share_on_mastodon":"0"},"categories":[13],"tags":[74,73,78,75,77,76],"class_list":["post-203907","post","type-post","status-publish","format-standard","has-post-thumbnail","category-veda-a-technika","tag-science","tag-science-technology","tag-technika","tag-technology","tag-veda","tag-veda-a-technika"],"share_on_mastodon":{"url":"https:\/\/pubeurope.com\/@cz\/117219392927533921","error":""},"_links":{"self":[{"href":"https:\/\/www.europesays.com\/cz\/wp-json\/wp\/v2\/posts\/203907","targetHints":{"allow":["GET"]}}],"collection":[{"href":"https:\/\/www.europesays.com\/cz\/wp-json\/wp\/v2\/posts"}],"about":[{"href":"https:\/\/www.europesays.com\/cz\/wp-json\/wp\/v2\/types\/post"}],"author":[{"embeddable":true,"href":"https:\/\/www.europesays.com\/cz\/wp-json\/wp\/v2\/users\/2"}],"replies":[{"embeddable":true,"href":"https:\/\/www.europesays.com\/cz\/wp-json\/wp\/v2\/comments?post=203907"}],"version-history":[{"count":0,"href":"https:\/\/www.europesays.com\/cz\/wp-json\/wp\/v2\/posts\/203907\/revisions"}],"wp:featuredmedia":[{"embeddable":true,"href":"https:\/\/www.europesays.com\/cz\/wp-json\/wp\/v2\/media\/203908"}],"wp:attachment":[{"href":"https:\/\/www.europesays.com\/cz\/wp-json\/wp\/v2\/media?parent=203907"}],"wp:term":[{"taxonomy":"category","embeddable":true,"href":"https:\/\/www.europesays.com\/cz\/wp-json\/wp\/v2\/categories?post=203907"},{"taxonomy":"post_tag","embeddable":true,"href":"https:\/\/www.europesays.com\/cz\/wp-json\/wp\/v2\/tags?post=203907"}],"curies":[{"name":"wp","href":"https:\/\/api.w.org\/{rel}","templated":true}]}}