{"id":203917,"date":"2026-09-05T16:44:14","date_gmt":"2026-09-05T16:44:14","guid":{"rendered":"https:\/\/www.europesays.com\/cz\/203917\/"},"modified":"2026-09-05T16:44:14","modified_gmt":"2026-09-05T16:44:14","slug":"schick-se-v-nemecke-lize-opet-trefil-leverkusen-prejel-union","status":"publish","type":"post","link":"https:\/\/www.europesays.com\/cz\/203917\/","title":{"rendered":"Schick se v\u00a0n\u011bmeck\u00e9 lize op\u011bt trefil, Leverkusen p\u0159ejel Union"},"content":{"rendered":"<p class=\"b_bA\">Leverkusen \u0161el do veden\u00ed hned z\u00a0prvn\u00edho \u00fatoku. Po 41\u00a0sekund\u00e1ch hry Guti\u00e9rrez vr\u00e1til propadl\u00fd p\u0159\u00edzemn\u00ed centr zp\u011bt p\u0159ed odkrytou branku a\u00a0Ezequiel Fern\u00e1ndez si p\u0159ipsal premi\u00e9rov\u00fd bundesligov\u00fd g\u00f3l. Je\u0161t\u011b p\u0159ed p\u0159est\u00e1vkou zv\u00fd\u0161il Medina.<\/p>\n<p class=\"b_bA\">Schickovy chv\u00edle p\u0159i\u0161ly po zm\u011bn\u011b stran. Nejprve ve 48.\u00a0minut\u011b doklepl do s\u00edt\u011b milimetrovou p\u0159ihr\u00e1vku Quansaha a\u00a0pozd\u011bji p\u0159ed hranic\u00ed v\u00e1pna p\u0159iklepl m\u00ed\u010d Mazovi, jen\u017e st\u0159elou k\u00a0ty\u010di nedal g\u00f3lmanu R\u00f6nnowovi \u0161anci.<\/p>\n<p class=\"b_bA\">Hoffenheim \u0161el do veden\u00ed kr\u00e1tce p\u0159ed polo\u010dasem, kdy\u017e Coufal sklepl m\u00ed\u010d p\u0159ed v\u00e1pno nab\u00edhaj\u00edc\u00edmu Avdullahuovi, jen\u017e z\u00a0prvn\u00edho doteku prop\u00e1lil Gregora Kobela. Dom\u00e1c\u00ed p\u0159idali druh\u00fd g\u00f3l z\u00e1sluhou Lemperleho, ale za Borussii rychle sn\u00ed\u017eil Guirassy a\u00a0podobn\u011b rychl\u00e1 byla i\u00a0vyrovn\u00e1vac\u00ed trefa st\u0159\u00eddaj\u00edc\u00edho Silvy. Kolaps Hoffenheimu definitivn\u011b podtrhla vlastn\u00ed branka Hajdariho, jen\u017e si ve snaze odvr\u00e1tit centr do bezpe\u010d\u00ed srazil m\u00ed\u010d do s\u00edt\u011b.<\/p>\n<p class=\"b_bA\">Hlo\u017eek st\u0159\u00eddal v\u00a073.\u00a0minut\u011b za stavu 2:2, Robin Hran\u00e1\u010d do hry nasko\u010dil o\u00a0\u0161est minut pozd\u011bji. Coufal se podobn\u011b jako Schick zapsal do statistik stejn\u011b jako v\u00a0prvn\u00edm kole, kdy p\u0159ihr\u00e1l na druh\u00fd g\u00f3l TSG p\u0159i proh\u0159e 2:3\u00a0v\u00a0Kol\u00edn\u011b nad R\u00fdnem.<\/p>\n<p class=\"b_bA\">Elversberg v\u00a0M\u00f6nchengladbachu prohr\u00e1val v\u00a056.\u00a0minut\u011b u\u017e 1:3\u00a0i\u00a0d\u00edky dv\u011bma g\u00f3l\u016fm Huga Bolina. Nakonec ale z\u00e1sluhou takt\u00e9\u017e dvoubrankov\u00e9ho st\u0159elce Krattenmachera a\u00a0Keidelovy trefy sk\u00f3re oto\u010dil a\u00a0p\u0159ipsal si druh\u00e9 p\u0159ekvapiv\u00e9 v\u00edt\u011bzstv\u00ed ve sv\u00e9 prvn\u00ed bundesligov\u00e9 sezon\u011b.<\/p>\n<p class=\"b_bA\">Br\u00e9my doma zasko\u010dily Lipsko, zv\u00edt\u011bzily 3:1\u00a0a\u00a0p\u0159ipsaly si prvn\u00ed body v\u00a0sezon\u011b. Freiburg zv\u00edt\u011bzil na h\u0159i\u0161ti Paderbornu 1:0\u00a0a\u00a0po dvou kolech je st\u00e1le stoprocentn\u00ed.<\/p>\n<p>N\u011bmeck\u00e1 fotbalov\u00e1 liga &#8211; 2. kolo:Br\u00e9my &#8211; Lipsko 3:1 (4. Dinkci, 68. F\u00fcllkrug, 80. Gr\u00fcll &#8211; 90.+5 Baku)Hoffenheim &#8211; Dortmund 2:3 (45. Avdullahu, 54. Lemperle &#8211; 61. Guirassy, 66. Silva, 87. vlastn\u00ed Hajdari)Leverkusen &#8211; Union Berl\u00edn 4:0 (1. Fern\u00e1ndez, 28. Medina, 48. Schick, 66. Maza)M\u00f6nchengladbach &#8211; Elversberg 3:4 (11. a 44. Bolin, 56. Scally &#8211; 66. a 90.+2 Krattenmacher, 29. Mokwa Ntusu, 80. Keidel)Paderborn &#8211; Freiburg 0:1 (26. Eggestein)1.Freiburg22005:162.Dortmund22005:263.Elversberg22007:564.Bayern Mnichov11005:135.Leverkusen21016:336.Augsburg11003:037.Lipsko21014:338.Stuttgart21015:639.Br\u00e9my21014:5310.Kol\u00edn nad R\u00fdnem21014:6311.Frankfurt10103:3112.Mohu\u010d10100:0113.Paderborn20110:1114.Union Berl\u00edn20113:7115.Hoffenheim20024:6016.Hamburk10010:2017.Schalke10010:3018.M\u00f6nchengladbach20023:70<a data-dot=\"atm-link\" target=\"_self\" href=\"https:\/\/www.sport.cz\/clanek\/nazory-komentare-echo-bundesligy-leverkusen-jako-na-pisecku-novacek-ne-prekvapil-5524312\" class=\"b_V g_ig\" rel=\"nofollow noopener\"><img fetchpriority=\"high\" height=\"738\" width=\"985\" src=\"https:\/\/www.europesays.com\/cz\/wp-content\/uploads\/2026\/09\/1788626654_762_fotbal-leverkusem.jpeg\" loading=\"eager\" decoding=\"sync\" class=\"b_B b_z\"\/><\/a><\/p>\n","protected":false},"excerpt":{"rendered":"Leverkusen \u0161el do veden\u00ed hned z\u00a0prvn\u00edho \u00fatoku. Po 41\u00a0sekund\u00e1ch hry Guti\u00e9rrez vr\u00e1til propadl\u00fd p\u0159\u00edzemn\u00ed centr zp\u011bt p\u0159ed odkrytou&hellip;\n","protected":false},"author":2,"featured_media":203918,"comment_status":"","ping_status":"","sticky":false,"template":"","format":"standard","meta":{"footnotes":"","_share_on_mastodon":"0"},"categories":[10],"tags":[4490,4512,326,17,21,375,16,4492,18,19,22,20],"class_list":["post-203917","post","type-post","status-publish","format-standard","has-post-thumbnail","category-zpravy","tag-bayer-04-leverkusen","tag-bundesliga","tag-fotbal","tag-headlines","tag-hlavni-udalosti","tag-nemecko","tag-news","tag-patrik-schick","tag-top-news","tag-top-stories","tag-udalosti-dne","tag-zpravy"],"share_on_mastodon":{"url":"https:\/\/pubeurope.com\/@cz\/117219443569243018","error":""},"_links":{"self":[{"href":"https:\/\/www.europesays.com\/cz\/wp-json\/wp\/v2\/posts\/203917","targetHints":{"allow":["GET"]}}],"collection":[{"href":"https:\/\/www.europesays.com\/cz\/wp-json\/wp\/v2\/posts"}],"about":[{"href":"https:\/\/www.europesays.com\/cz\/wp-json\/wp\/v2\/types\/post"}],"author":[{"embeddable":true,"href":"https:\/\/www.europesays.com\/cz\/wp-json\/wp\/v2\/users\/2"}],"replies":[{"embeddable":true,"href":"https:\/\/www.europesays.com\/cz\/wp-json\/wp\/v2\/comments?post=203917"}],"version-history":[{"count":0,"href":"https:\/\/www.europesays.com\/cz\/wp-json\/wp\/v2\/posts\/203917\/revisions"}],"wp:featuredmedia":[{"embeddable":true,"href":"https:\/\/www.europesays.com\/cz\/wp-json\/wp\/v2\/media\/203918"}],"wp:attachment":[{"href":"https:\/\/www.europesays.com\/cz\/wp-json\/wp\/v2\/media?parent=203917"}],"wp:term":[{"taxonomy":"category","embeddable":true,"href":"https:\/\/www.europesays.com\/cz\/wp-json\/wp\/v2\/categories?post=203917"},{"taxonomy":"post_tag","embeddable":true,"href":"https:\/\/www.europesays.com\/cz\/wp-json\/wp\/v2\/tags?post=203917"}],"curies":[{"name":"wp","href":"https:\/\/api.w.org\/{rel}","templated":true}]}}