{"id":203919,"date":"2026-09-05T16:46:13","date_gmt":"2026-09-05T16:46:13","guid":{"rendered":"https:\/\/www.europesays.com\/cz\/203919\/"},"modified":"2026-09-05T16:46:13","modified_gmt":"2026-09-05T16:46:13","slug":"michal-prokop-rozezni-portheimku-krajske-listy-cz","status":"publish","type":"post","link":"https:\/\/www.europesays.com\/cz\/203919\/","title":{"rendered":"Michal Prokop rozezn\u00ed Portheimku | Krajsk\u00e9 listy.cz"},"content":{"rendered":"<p>&#13;<br \/>\n\t\t\t&#13;<br \/>\n\t\t\t05.09.2026&#13;\n\t\t\t<\/p>\n<p>\t\t\t\t\t<img decoding=\"async\" src=\"https:\/\/www.europesays.com\/cz\/wp-content\/uploads\/2026\/09\/20260905143343_prokop3.jpg\" alt=\"Michal Prokop rozezn\u00ed Portheimku\" class=\"img-responsive\"\/><\/p>\n<p class=\"foto-info-itm\">Foto: M\u010c Praha 5<\/p>\n<p class=\"foto-info-itm\">Popisek: Michal Prokop Trio<\/p>\n<p class=\"clk-perex\" id=\"perex-35638\">Michal Prokop Trio vystoup\u00ed na Koncertu pro Prahu 5, kter\u00fd se odehraje 15. z\u00e1\u0159\u00ed od 18 hodin v parku Portheimka. Z\u00e1\u0161tity se ujal starosta Luk\u00e1\u0161 Herold (ODS) a radn\u00ed pro kulturu \u0160t\u011bp\u00e1n Rattay (nez.)<\/p>\n<p>\u201eMichal Prokop je skute\u010dnou legendou \u010desk\u00e9 hudebn\u00ed sc\u00e9ny a jsem r\u00e1d, \u017ee pr\u00e1v\u011b Praha 5 m\u016f\u017ee b\u00fdt m\u00edstem, kde spole\u010dn\u011b oslav\u00edme jeho leto\u0161n\u00ed v\u00fdznamn\u00e9 jubileum,\u201c pozval Herold.<\/p>\n<p>\u201eKoncert v Portheimce bude kr\u00e1sn\u00fdm setk\u00e1n\u00edm n\u011bkolika generac\u00ed poslucha\u010d\u016f a v\u011b\u0159\u00edm, \u017ee si ho u\u017eij\u00ed jak dlouholet\u00ed fanou\u0161ci, tak ti, kte\u0159\u00ed jeho hudbu teprve objevuj\u00ed,\u201c doplnil Rattay.<\/p>\n<p>Michal Prokop pat\u0159\u00ed k nejv\u00fdrazn\u011bj\u0161\u00edm osobnostem \u010desk\u00e9 hudebn\u00ed sc\u00e9ny a jeho tvorba dlouhodob\u011b oslovuje n\u011bkolik generac\u00ed poslucha\u010d\u016f. Letos v\u00a0srpnu oslavil v\u00fdznamn\u00e9 \u017eivotn\u00ed jubileum, 80 let. V\u00a0Portheimce za velk\u00e9ho z\u00e1jmu div\u00e1k\u016f vystoupil u\u017e p\u0159ed dv\u011bma lety.<\/p>\n<p>Jedine\u010dn\u00e1 hudebn\u00ed akce se kon\u00e1 s\u00a0podporou spole\u010dnost\u00ed Sekyra Group, Technologie hlavn\u00edho m\u011bsta Prahy, a.s., a \u010cesk\u00e1 spo\u0159itelna, a.s.<\/p>\n<p>\u00a0<\/p>\n<p><img loading=\"lazy\" decoding=\"async\" src=\"https:\/\/www.europesays.com\/cz\/wp-content\/uploads\/2026\/09\/PHA5_Prokop-1080x1080px-9-2026_20260905.jpg\" alt=\"\" width=\"700\" height=\"700\"\/><\/p>\n<p class=\"autor\">Vlo\u017eil: <a href=\"https:\/\/www.krajskelisty.cz\/autor\/marketa-vancova.htm\" rel=\"nofollow noopener\" target=\"_blank\">Mark\u00e9ta  Van\u010dov\u00e1<\/a><\/p>\n","protected":false},"excerpt":{"rendered":"&#13; &#13; 05.09.2026&#13; Foto: M\u010c Praha 5 Popisek: Michal Prokop Trio Michal Prokop Trio vystoup\u00ed na Koncertu pro&hellip;\n","protected":false},"author":2,"featured_media":203920,"comment_status":"","ping_status":"","sticky":false,"template":"","format":"standard","meta":{"footnotes":"","_share_on_mastodon":"0"},"categories":[30],"tags":[215,19037,98,99,214,2183],"class_list":["post-203919","post","type-post","status-publish","format-standard","has-post-thumbnail","category-praha","tag-lukas-herold","tag-michal-prokop","tag-prague","tag-praha","tag-praha-5","tag-stepan-rattay"],"share_on_mastodon":{"url":"https:\/\/pubeurope.com\/@cz\/117219451968811664","error":""},"_links":{"self":[{"href":"https:\/\/www.europesays.com\/cz\/wp-json\/wp\/v2\/posts\/203919","targetHints":{"allow":["GET"]}}],"collection":[{"href":"https:\/\/www.europesays.com\/cz\/wp-json\/wp\/v2\/posts"}],"about":[{"href":"https:\/\/www.europesays.com\/cz\/wp-json\/wp\/v2\/types\/post"}],"author":[{"embeddable":true,"href":"https:\/\/www.europesays.com\/cz\/wp-json\/wp\/v2\/users\/2"}],"replies":[{"embeddable":true,"href":"https:\/\/www.europesays.com\/cz\/wp-json\/wp\/v2\/comments?post=203919"}],"version-history":[{"count":0,"href":"https:\/\/www.europesays.com\/cz\/wp-json\/wp\/v2\/posts\/203919\/revisions"}],"wp:featuredmedia":[{"embeddable":true,"href":"https:\/\/www.europesays.com\/cz\/wp-json\/wp\/v2\/media\/203920"}],"wp:attachment":[{"href":"https:\/\/www.europesays.com\/cz\/wp-json\/wp\/v2\/media?parent=203919"}],"wp:term":[{"taxonomy":"category","embeddable":true,"href":"https:\/\/www.europesays.com\/cz\/wp-json\/wp\/v2\/categories?post=203919"},{"taxonomy":"post_tag","embeddable":true,"href":"https:\/\/www.europesays.com\/cz\/wp-json\/wp\/v2\/tags?post=203919"}],"curies":[{"name":"wp","href":"https:\/\/api.w.org\/{rel}","templated":true}]}}