{"id":203927,"date":"2026-09-05T16:53:15","date_gmt":"2026-09-05T16:53:15","guid":{"rendered":"https:\/\/www.europesays.com\/cz\/203927\/"},"modified":"2026-09-05T16:53:15","modified_gmt":"2026-09-05T16:53:15","slug":"americane-zasahli-tri-iranske-tankery","status":"publish","type":"post","link":"https:\/\/www.europesays.com\/cz\/203927\/","title":{"rendered":"Ameri\u010dan\u00e9 zas\u00e1hli t\u0159i \u00edr\u00e1nsk\u00e9 tankery"},"content":{"rendered":"<p class=\"c_bB\">\u00cdr\u00e1nsk\u00e9 revolu\u010dn\u00ed gardy nejprve za\u00fato\u010dily podle CENTCOM na americkou letadlovou lo\u010f a\u00a0torp\u00e9doborec.<\/p>\n<p class=\"c_bB\">\u201eAmerick\u00e1 letadlov\u00e1 lo\u010f a\u00a0torp\u00e9doborec s\u00a0\u0159\u00edzen\u00fdmi st\u0159elami \u00fasp\u011b\u0161n\u011b odolaly n\u011bkolika nevyprovokovan\u00fdm \u00edr\u00e1nsk\u00fdm \u00fatok\u016fm. \u017d\u00e1dn\u00fd americk\u00fd person\u00e1l nebyl zran\u011bn,\u201c ozn\u00e1milo <a data-dot=\"atm-link\" target=\"_blank\" rel=\"noopener nofollow\" href=\"https:\/\/x.com\/CENTCOM\/status\/2096231596449767452\" class=\"c_I\">na s\u00edti X <\/a>americk\u00e9 velen\u00ed.<\/p>\n<p class=\"c_bB\">Po ne\u00fasp\u011b\u0161n\u00fdch \u00edr\u00e1nsk\u00fdch \u00fatoc\u00edch americk\u00e9 s\u00edly trvale vy\u0159adily z\u00a0provozu ropn\u00e9 tankery IRGC M\/T Downy u\u00a0pob\u0159e\u017e\u00ed ostrova Charg a\u00a0M\/T Stark 1\u00a0pobl\u00ed\u017e D\u017easku. Zni\u010dily tak\u00e9 nenalo\u017een\u00fd tanker M\/T Kylo (zn\u00e1m\u00fd tak\u00e9 jako \u201eNoxen\u201c) v\u00a0Om\u00e1nsk\u00e9m z\u00e1livu. Lo\u010f zas\u00e1hly na n\u011bkolika kritick\u00fdch m\u00edstech, \u010d\u00edm\u017e ji u\u010dinily nepoj\u00edzdnou a\u00a0jej\u00ed pos\u00e1dka dostala pokyn k\u00a0opu\u0161t\u011bn\u00ed plavidla.<\/p>\n<p><a data-dot=\"atm-link\" target=\"_self\" href=\"https:\/\/www.novinky.cz\/clanek\/zahranicni-amerika-kdo-rekl-ze-dochazi-munice-v-armade-usa-probehlo-bezprecedentni-testovani-na-detektoru-lzi-40596207\" class=\"c_I\" rel=\"nofollow noopener\"><img fetchpriority=\"high\" height=\"2304\" width=\"4096\" src=\"https:\/\/www.europesays.com\/cz\/wp-content\/uploads\/2026\/09\/1788627194_989_f078.jpeg\" loading=\"eager\" decoding=\"sync\" class=\"c_t c_r\"\/><\/a><\/p>\n<p class=\"c_bB\">\u00cdr\u00e1nsk\u00e1 st\u00e1tn\u00ed televize d\u0159\u00edve uvedla, \u017ee \u010dty\u0159i americk\u00e9 rakety zas\u00e1hly \u00edr\u00e1nsk\u00fd tanker u\u00a0ostrova Charg. Z\u00a0Persk\u00e9ho z\u00e1livu byly sly\u0161et v\u00fdbuchy, ale nebyl vid\u011bt kou\u0159, tvrdila.<\/p>\n<p class=\"c_bB\">CENTCOM tvrd\u00ed, \u017ee zasa\u017een\u00e9 tankery pat\u0159ily k\u00a0\u00edr\u00e1nsk\u00e9 st\u00ednov\u00e9 flotile, kter\u00e1 pom\u00e1h\u00e1 financovat \u00edr\u00e1nsk\u00e9 revolu\u010dn\u00ed gardy (IRCG) a\u00a0jej\u00ed spojence v\u00a0regionu.<\/p>\n<p class=\"c_bB\">\u201eA\u0165 je vzkaz pro IRGC jasn\u00fd: pokud vyst\u0159el\u00edte na dv\u011b na\u0161e lod\u011b, zni\u010d\u00edme t\u0159i va\u0161e,\u201c \u0159ekl \u0161\u00e9f CENTCOM, admir\u00e1l Brad Cooper. \u201eNebudeme v\u00e1hat br\u00e1nit americk\u00e9 s\u00edly a\u00a0v p\u0159\u00edpad\u011b pot\u0159eby zni\u010d\u00edme omezenou a\u00a0nechr\u00e1n\u011bnou \u00edr\u00e1nskou ropnou flotilu.\u201c<\/p>\n<p>Trump u\u017e zni\u010dil Charg. Alespo\u0148 s\u00a0AI<\/p>\n<p class=\"c_bB\">Americk\u00fd prezident Donald Trump p\u0159ed n\u011bkolika dny zve\u0159ejnil video generovan\u00e9 um\u011blou inteligenc\u00ed (AI), kter\u00e9 podle n\u011bj zobrazuje zni\u010den\u00ed ostrova Charg. N\u00e1rodn\u00ed \u00edr\u00e1nsk\u00e1 ropn\u00e1 spole\u010dnost tehdy pop\u0159ela, \u017ee by se ostrov stal ter\u010dem \u00fatoku, a\u00a0uvedla, \u017ee provoz tamn\u00edch ropn\u00fdch za\u0159\u00edzen\u00ed nebyl naru\u0161en.<\/p>\n<p class=\"c_bB\">Charg p\u0159ed za\u010d\u00e1tkem v\u00e1lky slou\u017eil jako exportn\u00ed termin\u00e1l pro 90\u00a0procent v\u00fdvozu ropy z\u00a0isl\u00e1msk\u00e9 republiky. Trump zni\u010den\u00edm \u010di obsazen\u00edm ostrova, kter\u00fd le\u017e\u00ed asi 30\u00a0kilometr\u016f od \u00edr\u00e1nsk\u00e9ho pob\u0159e\u017e\u00ed, vyhro\u017euje Teher\u00e1nu opakovan\u011b.<\/p>\n<p class=\"c_bB\">Americko-izraelsk\u00e9 \u00fatoky na \u00cdr\u00e1n za\u010daly 28.\u00a0\u00fanora. Teher\u00e1n v\u00a0reakci mimo jin\u00e9 prakticky zablokoval n\u00e1mo\u0159n\u00ed dopravu v\u00a0Hormuzsk\u00e9m pr\u016flivu, a\u00a0to jak v\u00fdhr\u016f\u017ekami, tak opakovan\u00fdmi \u00fatoky na tankery a\u00a0n\u00e1kladn\u00ed lod\u011b.<\/p>\n<p class=\"c_bB\">Pr\u016fliv je d\u016fle\u017eitou trasou pro p\u0159epravu ropy, plynu a\u00a0dal\u0161\u00edch komodit ze zem\u00ed Persk\u00e9ho z\u00e1livu. C\u00edlem \u00edr\u00e1nsk\u00fdch \u00fatok\u016f v\u00a0regionu se staly tak\u00e9 arabsk\u00e9 zem\u011b, kter\u00e9 jsou spojenci USA. V\u00a0\u010dervnu podepsan\u00e9 americko-\u00edr\u00e1nsk\u00e9 memorandum o\u00a0porozum\u011bn\u00ed, kter\u00e9 m\u011blo v\u00e1lku ukon\u010dit, zkrachovalo, p\u0159i\u010dem\u017e ob\u011b zem\u011b se navz\u00e1jem obvi\u0148uj\u00ed z\u00a0jeho poru\u0161ov\u00e1n\u00ed.<\/p>\n<p><a data-dot=\"atm-link\" target=\"_self\" href=\"https:\/\/www.novinky.cz\/clanek\/zahranicni-blizky-a-stredni-vychod-u-chargu-zni-vybuchy-utoku-mel-celit-iransky-tanker-40596216\" class=\"c_I\" rel=\"nofollow noopener\"><img height=\"1012\" width=\"1800\" src=\"https:\/\/www.europesays.com\/cz\/wp-content\/uploads\/2026\/09\/1788627194_463_charg-iran-ostrov-ropa.jpeg\" loading=\"eager\" decoding=\"sync\" class=\"c_t c_r\"\/><\/a><img height=\"450\"   width=\"800\" src=\"https:\/\/www.europesays.com\/cz\/wp-content\/uploads\/2026\/09\/QgHBTXY.jpeg\" loading=\"eager\" decoding=\"sync\" class=\"c_t c_r\"\/>Foto: Ond\u0159ej Lazar Krynek, Yahoo Maps<\/p>\n<p class=\"c_bB\">Hormuzsk\u00fd pr\u016fliv<\/p>\n","protected":false},"excerpt":{"rendered":"\u00cdr\u00e1nsk\u00e9 revolu\u010dn\u00ed gardy nejprve za\u00fato\u010dily podle CENTCOM na americkou letadlovou lo\u010f a\u00a0torp\u00e9doborec. \u201eAmerick\u00e1 letadlov\u00e1 lo\u010f a\u00a0torp\u00e9doborec s\u00a0\u0159\u00edzen\u00fdmi st\u0159elami&hellip;\n","protected":false},"author":2,"featured_media":203928,"comment_status":"","ping_status":"","sticky":false,"template":"","format":"standard","meta":{"footnotes":"","_share_on_mastodon":"0"},"categories":[10],"tags":[16164,212,17,21,808,7825,16,6131,1908,18,19,22,113,20],"class_list":["post-203927","post","type-post","status-publish","format-standard","has-post-thumbnail","category-zpravy","tag-charg-ostrov","tag-donald-trump","tag-headlines","tag-hlavni-udalosti","tag-iran","tag-konflikt-usa-izrael-iran","tag-news","tag-persky-zaliv","tag-tanker","tag-top-news","tag-top-stories","tag-udalosti-dne","tag-usa","tag-zpravy"],"share_on_mastodon":{"url":"https:\/\/pubeurope.com\/@cz\/117219479259402607","error":""},"_links":{"self":[{"href":"https:\/\/www.europesays.com\/cz\/wp-json\/wp\/v2\/posts\/203927","targetHints":{"allow":["GET"]}}],"collection":[{"href":"https:\/\/www.europesays.com\/cz\/wp-json\/wp\/v2\/posts"}],"about":[{"href":"https:\/\/www.europesays.com\/cz\/wp-json\/wp\/v2\/types\/post"}],"author":[{"embeddable":true,"href":"https:\/\/www.europesays.com\/cz\/wp-json\/wp\/v2\/users\/2"}],"replies":[{"embeddable":true,"href":"https:\/\/www.europesays.com\/cz\/wp-json\/wp\/v2\/comments?post=203927"}],"version-history":[{"count":0,"href":"https:\/\/www.europesays.com\/cz\/wp-json\/wp\/v2\/posts\/203927\/revisions"}],"wp:featuredmedia":[{"embeddable":true,"href":"https:\/\/www.europesays.com\/cz\/wp-json\/wp\/v2\/media\/203928"}],"wp:attachment":[{"href":"https:\/\/www.europesays.com\/cz\/wp-json\/wp\/v2\/media?parent=203927"}],"wp:term":[{"taxonomy":"category","embeddable":true,"href":"https:\/\/www.europesays.com\/cz\/wp-json\/wp\/v2\/categories?post=203927"},{"taxonomy":"post_tag","embeddable":true,"href":"https:\/\/www.europesays.com\/cz\/wp-json\/wp\/v2\/tags?post=203927"}],"curies":[{"name":"wp","href":"https:\/\/api.w.org\/{rel}","templated":true}]}}