{"id":203933,"date":"2026-09-05T17:02:33","date_gmt":"2026-09-05T17:02:33","guid":{"rendered":"https:\/\/www.europesays.com\/cz\/203933\/"},"modified":"2026-09-05T17:02:33","modified_gmt":"2026-09-05T17:02:33","slug":"stava-se-z-mrtvych-ukrajincu-jen-statistika-bojim-se-zimni-katastrofy-rika-olena","status":"publish","type":"post","link":"https:\/\/www.europesays.com\/cz\/203933\/","title":{"rendered":"St\u00e1v\u00e1 se z\u00a0mrtv\u00fdch\u00a0Ukrajinc\u016f jen statistika? Boj\u00edm se zimn\u00ed katastrofy, \u0159\u00edk\u00e1 Olena"},"content":{"rendered":"<p class=\"e_bX\">\u00datoky na ukrajinsk\u00e1 m\u011bsta v\u00a0posledn\u00edch t\u00fddnech s\u00edl\u00ed a\u00a0p\u0159ib\u00fdv\u00e1 civiln\u00edch ob\u011bt\u00ed. V\u00a0\u010dervenci jich kv\u016fli v\u00e1lce zem\u0159elo nebo bylo zran\u011bn\u00fdch v\u016fbec nejv\u00edc <a data-dot=\"atm-link\" target=\"_blank\" rel=\"noopener nofollow\" href=\"https:\/\/ukraine.ohchr.org\/en\/UN-human-rights-monitors-report-the-highest-monthly-number-of-civilian-deaths-and-injuries-in-Ukraine-since-March-2022\" class=\"e_n\">od b\u0159ezna 2022<\/a>.\u00a0Br\u00e1n\u00edc\u00ed se zemi nav\u00edc doch\u00e1zej\u00ed rakety do protivzdu\u0161n\u00e9 obrany, co\u017e dopad\u00e1 p\u0159\u00edmo na ka\u017edodenn\u00ed \u017eivot b\u011b\u017en\u00fdch lid\u00ed. <\/p>\n<p class=\"e_bX\">Za \u010d\u00edsly a\u00a0statistikami se skr\u00fdvaj\u00ed osudy konkr\u00e9tn\u00edch rodin. Asistentka pedagoga Olena v\u00a0\u010cesku \u017eije od roku 2022, sv\u00e9 p\u0159\u00edbuzn\u00e9 v\u00a0severoukrajinsk\u00e9m \u010cernihivu pravideln\u011b nav\u0161t\u011bvuje. Str\u00e1vila v\u00a0n\u011bm cel\u00e9 letn\u00ed pr\u00e1zdniny, do \u010ceska se vr\u00e1tila tento t\u00fdden na za\u010d\u00e1tek \u0161koln\u00edho roku.<\/p>\n<p class=\"e_bX\">\u201eHodn\u011b mu\u017e\u016f zem\u0159elo. Ve\u00a0m\u011bst\u011b z\u016fst\u00e1vaj\u00ed sp\u00ed\u0161 puber\u0165\u00e1ci, maminky a\u00a0babi\u010dky, mu\u017ee mezi p\u011btadvaceti a\u00a0\u010dty\u0159iceti lety nepotk\u00e1te tak \u010dasto. M\u011bsto vypad\u00e1 opu\u0161t\u011bn\u011b,\u201c popisuje. Nejv\u00edc se podle n\u00ed m\u00edstn\u00ed ob\u00e1vaj\u00ed zimy. \u201eM\u016f\u017ee se st\u00e1t, \u017ee nebude elekt\u0159ina ani j\u00eddlo. M\u016f\u017ee p\u0159ij\u00edt humanit\u00e1rn\u00ed katastrofa,\u201c tvrd\u00ed.<\/p>\n<p class=\"e_bX\">V rozhovoru v\u00a0\u00favodu \u010dl\u00e1nku se dozv\u00edte, jak se prom\u011bnila n\u00e1lada obyvatel od za\u010d\u00e1tku invaze nebo jak Olena reaguje na v\u00fdroky politik\u016f, kte\u0159\u00ed v\u00e1lku zpochyb\u0148uj\u00ed tvrzen\u00edm, \u017ee na z\u00e1pad\u011b Ukrajiny \u017e\u00e1dn\u00e9 nebezpe\u010d\u00ed nehroz\u00ed.<\/p>\n<p><a data-dot=\"mol-article-card-media\" aria-hidden=\"true\" tabindex=\"-1\" href=\"https:\/\/www.seznamzpravy.cz\/clanek\/zahranicni-stredni-evropa-hruba-chyba-rekl-putin-k-odvete-berlina-nemecko-hlasi-dalsi-sabotaze-314407\" class=\"e_n f_l8\" rel=\"nofollow noopener\" target=\"_blank\"><img fetchpriority=\"high\" height=\"2113\"   width=\"3757\" src=\"https:\/\/www.europesays.com\/cz\/wp-content\/uploads\/2026\/09\/1788627752_180_vvp.jpeg\" loading=\"eager\" decoding=\"sync\" class=\"e_aa e_Z\"\/><\/a><a data-dot=\"mol-article-card-media\" aria-hidden=\"true\" tabindex=\"-1\" href=\"https:\/\/www.seznamzpravy.cz\/clanek\/zahranicni-po-mamince-zbyla-jen-vzpominka-na-vlasy-oci-a-hlas-ukrajinci-mizi-beze-stopy-314017\" class=\"e_n f_l8\" rel=\"nofollow noopener\" target=\"_blank\"><img height=\"2304\"   width=\"4096\" src=\"https:\/\/www.europesays.com\/cz\/wp-content\/uploads\/2026\/09\/1788627753_786_protest.jpeg\" loading=\"eager\" decoding=\"sync\" class=\"e_aa e_Z\"\/><\/a><\/p>\n","protected":false},"excerpt":{"rendered":"\u00datoky na ukrajinsk\u00e1 m\u011bsta v\u00a0posledn\u00edch t\u00fddnech s\u00edl\u00ed a\u00a0p\u0159ib\u00fdv\u00e1 civiln\u00edch ob\u011bt\u00ed. V\u00a0\u010dervenci jich kv\u016fli v\u00e1lce zem\u0159elo nebo bylo zran\u011bn\u00fdch&hellip;\n","protected":false},"author":2,"featured_media":203934,"comment_status":"","ping_status":"","sticky":false,"template":"","format":"standard","meta":{"footnotes":"","_share_on_mastodon":"0"},"categories":[7],"tags":[25592,43,42,46394,41,40,1537,7498,56],"class_list":["post-203933","post","type-post","status-publish","format-standard","has-post-thumbnail","category-cesko","tag-cernihiv","tag-ceska-republika","tag-cesko","tag-civilni-obeti","tag-czech-republic","tag-czechia","tag-obrana","tag-raketovy-system-protivzdusne-obrany-raytheon-mim-104-patriot","tag-valka-rusko-ukrajina"],"share_on_mastodon":{"url":"https:\/\/pubeurope.com\/@cz\/117219514892980093","error":""},"_links":{"self":[{"href":"https:\/\/www.europesays.com\/cz\/wp-json\/wp\/v2\/posts\/203933","targetHints":{"allow":["GET"]}}],"collection":[{"href":"https:\/\/www.europesays.com\/cz\/wp-json\/wp\/v2\/posts"}],"about":[{"href":"https:\/\/www.europesays.com\/cz\/wp-json\/wp\/v2\/types\/post"}],"author":[{"embeddable":true,"href":"https:\/\/www.europesays.com\/cz\/wp-json\/wp\/v2\/users\/2"}],"replies":[{"embeddable":true,"href":"https:\/\/www.europesays.com\/cz\/wp-json\/wp\/v2\/comments?post=203933"}],"version-history":[{"count":0,"href":"https:\/\/www.europesays.com\/cz\/wp-json\/wp\/v2\/posts\/203933\/revisions"}],"wp:featuredmedia":[{"embeddable":true,"href":"https:\/\/www.europesays.com\/cz\/wp-json\/wp\/v2\/media\/203934"}],"wp:attachment":[{"href":"https:\/\/www.europesays.com\/cz\/wp-json\/wp\/v2\/media?parent=203933"}],"wp:term":[{"taxonomy":"category","embeddable":true,"href":"https:\/\/www.europesays.com\/cz\/wp-json\/wp\/v2\/categories?post=203933"},{"taxonomy":"post_tag","embeddable":true,"href":"https:\/\/www.europesays.com\/cz\/wp-json\/wp\/v2\/tags?post=203933"}],"curies":[{"name":"wp","href":"https:\/\/api.w.org\/{rel}","templated":true}]}}