{"id":203937,"date":"2026-09-05T17:06:11","date_gmt":"2026-09-05T17:06:11","guid":{"rendered":"https:\/\/www.europesays.com\/cz\/203937\/"},"modified":"2026-09-05T17:06:11","modified_gmt":"2026-09-05T17:06:11","slug":"vuelta-2026-14-etapa-slavi-nemec-brenner-mas-kontroluje-vedeni","status":"publish","type":"post","link":"https:\/\/www.europesays.com\/cz\/203937\/","title":{"rendered":"Vuelta 2026 | 14. etapa: Slav\u00ed N\u011bmec Brenner. Mas kontroluje veden\u00ed"},"content":{"rendered":"<p class=\"b_bA\">O \u00fanik byl znovu velk\u00fd z\u00e1jem. P\u0159ed peloton se vydalo hned 45\u00a0jezdc\u016f. U\u017e 53\u00a0kilometr\u016f p\u0159ed fini\u0161em za\u00fato\u010dil Ameri\u010dan Kevin Vermaerke, jen\u017e si vypracoval a\u017e dvouminutov\u00fd n\u00e1skok, ale je\u0161t\u011b p\u0159ed startem c\u00edlov\u00e9ho stoup\u00e1n\u00ed na Sierra de la Pandera se k\u00a0n\u011bmu dot\u00e1hl N\u011bmec Georg Steinhauser.<\/p>\n<p class=\"b_bA\">Posledn\u00ed kopec v\u0161ak dostal v\u0161echny z\u00e1vodn\u00edky na limit a\u00a0v \u010dele se proto\u010dilo n\u011bkolik cyklist\u016f. Rozhodovalo se a\u017e v\u00a0posledn\u00edch t\u0159ech kilometrech.<\/p>\n<p class=\"b_bA\">Buitrago jedouc\u00ed v\u00a0punt\u00edkat\u00e9m dresu nejlep\u0161\u00edho vrcha\u0159e si n\u00e1stupem vypracoval veden\u00ed, ale vz\u00e1p\u011bt\u00ed se k\u00a0n\u011bmu dot\u00e1hla trojice soupe\u0159\u016f v\u010detn\u011b Brennera. Dote\u010f jsem se nec\u00edtil \u00fapln\u011b s\u00e1m sebou. Bojoval jsem s\u00a0nemoc\u00ed, nav\u00edc jsem spadl. Ale cht\u011bl jsem uk\u00e1zat, jak jsem dobr\u00fd. Nav\u00edc m\u00e1m kolem sebe super t\u00fdm,\u201c pochvaloval si N\u011bmec.<\/p>\n<p class=\"b_bA\">Pr\u00e1v\u011b on jako jedin\u00fd reagoval na Kolumbijc\u016fv \u00fatok v\u00a0posledn\u00edm kilometru. Na Buitraga se docvakl a\u00a0ve sprintu byl v\u00fdrazn\u011b siln\u011bj\u0161\u00ed. \u010cty\u0159iadvacetilet\u00fd jezdec t\u00fdmu Tudor tak nav\u00e1zal na leto\u0161n\u00ed celkov\u00e9 v\u00edt\u011bzstv\u00ed v\u00a0z\u00e1vod\u011b Kolem Polska a\u00a0slav\u00ed dal\u0161\u00ed velk\u00fd triumf. \u201eAsi nejlep\u0161\u00ed den v\u00a0kari\u00e9\u0159e. Po\u0159\u00e1d tomu nem\u016f\u017eu uv\u011b\u0159it. Pro takov\u00e9 dny cyklistiku d\u011bl\u00e1m,\u201c radoval se Brenner. <\/p>\n<p class=\"b_bA\">V boji o\u00a0\u010derven\u00fd trikot nebyly rozd\u00edly velik\u00e9. \u0160pan\u011bl Mas kontroloval situaci a\u00a0dr\u017eel se Galla. Tato dvojice se naopak odpoutala od Rogli\u010de, Slovinec ztratil 25\u00a0vte\u0159in a\u00a0propadl se na pr\u016fb\u011b\u017enou t\u0159et\u00ed pozici. Aktu\u00e1ln\u011b u\u017e m\u00e1 manko 2:10\u00a0minut na Mase, Gall ztr\u00e1c\u00ed o\u00a0\u010dty\u0159i sekundy m\u00e9n\u011b.<\/p>\n<p><a data-dot=\"atm-link\" target=\"_self\" href=\"https:\/\/www.sport.cz\/clanek\/cyklistika-vuelta-2026-odmena-za-aktivitu-van-aert-se-dockal-vyhry-na-vuelte-v-uniku-bojoval-i-hirt-5527565\" class=\"b_V g_ig\" rel=\"nofollow noopener\"><img fetchpriority=\"high\" height=\"1200\" width=\"1600\" src=\"https:\/\/www.europesays.com\/cz\/wp-content\/uploads\/2026\/09\/1788627970_964_wout-van-aert.jpeg\" loading=\"eager\" decoding=\"sync\" class=\"b_B b_z\"\/><\/a><\/p>\n<p class=\"b_bA\">Jedin\u00fd \u010desk\u00fd z\u00e1stupce Jan Hirt dojel na 41.\u00a0m\u00edst\u011b osm minut za v\u00edt\u011bzn\u00fdm Brennerem a\u00a0vypadl z\u00a0elitn\u00ed dvac\u00edtky. <\/p>\n<p class=\"b_bA\">Ani v\u00a0ned\u011bli p\u0159ed voln\u00fdm dnem si cyklist\u00e9 p\u0159\u00edli\u0161 neodpo\u010dinou. Na 190\u00a0kilometrech z\u00a0m\u011bsta Palma del R\u00edo do Cordoby je ve st\u0159edn\u011b horsk\u00e9 15.\u00a0etap\u011b \u010dekaj\u00ed t\u0159i hodnocen\u00e1 stoup\u00e1n\u00ed a\u00a0p\u0159es 3000\u00a0v\u00fd\u0161kov\u00fdch metr\u016f.<\/p>\n<p>Vuelta 2026<\/p>\n<p class=\"b_bA\">V po\u0159ad\u00ed t\u0159et\u00ed cyklistick\u00fd etapov\u00fd z\u00e1vod z\u00a0elitn\u00ed s\u00e9rie <a data-dot=\"atm-link\" target=\"_blank\" href=\"https:\/\/www.sport.cz\/tag\/grand-tours-80977\" class=\"b_V\" rel=\"nofollow noopener\">Grand Tour<\/a> se jede od 22.\u00a0srpna do 13.\u00a0z\u00e1\u0159\u00ed 2026.\u00a0Nejv\u011bt\u0161\u00edm favoritem na v\u00edt\u011bzstv\u00ed byl slovinsk\u00fd z\u00e1vodn\u00edk <a data-dot=\"atm-link\" target=\"_blank\" href=\"https:\/\/www.sport.cz\/tag\/tadej-pogacar-108491\" class=\"b_V\" rel=\"nofollow noopener\">Tadej Poga\u010dar<\/a>, v\u00a0osm\u00e9 etap\u011b ale po p\u00e1du odstoupil. Na startu nechyb\u00ed ani \u010desk\u00fd z\u00e1stupce <a data-dot=\"atm-link\" target=\"_blank\" href=\"https:\/\/www.sport.cz\/tag\/jan-hirt-14605\" class=\"b_V\" rel=\"nofollow noopener\">Jan Hirt<\/a>.<\/p>\n<p>Cyklistick\u00fd z\u00e1vod Vuelta &#8211; 14. etapa (Ja\u00e9n &#8211; Sierra de La Pandera, 152,7 km):1. Brenner (N\u011bm.\/Tudor) 4:15:092. Buitrago (Kol.\/Bahrain Victorious) -13. Rodr\u00edguez (\u0160p.\/XDS Astana) -114. Sosa (Kol.\/Kern Pharma) -145. Paret-Peintre (Fr.\/Soudal Quick-Step) -226. Berthet (Fr.\/Groupama-FDJ United) -27&#8230;41. HIRT (\u010cR\/NSN) -8:02.Pr\u016fb\u011b\u017en\u00e9 po\u0159ad\u00ed:1. Mas (\u0160p.\/Movistar) 49:28:122. Gall (Rak.\/Decathlon CMA CGM) -2:063. Rogli\u010d (Slovin.\/Red Bull-Bora-hansgrohe) -2:104. Carapaz (Ekv.\/EF Education-EasyPost) -4:245. Onley (Brit.\/Netcompany INEOS) -5:446. Omrzel (Slovin.\/Bahrain Victorious) -6:14&#8230;21. HIRT -43:32<a data-dot=\"atm-link\" target=\"_self\" href=\"https:\/\/www.sport.cz\/clanek\/cyklistika-slovinsky-cyklista-pogacar-po-operaci-klicni-kosti-predcasne-ukoncil-sezonu-5528389\" class=\"b_V g_ig\" rel=\"nofollow noopener\"><img height=\"2730\" width=\"3641\" src=\"https:\/\/www.europesays.com\/cz\/wp-content\/uploads\/2026\/09\/1788627971_495_cyklistika-pogacar.jpeg\" loading=\"eager\" decoding=\"sync\" class=\"b_B b_z\"\/><\/a><\/p>\n","protected":false},"excerpt":{"rendered":"O \u00fanik byl znovu velk\u00fd z\u00e1jem. P\u0159ed peloton se vydalo hned 45\u00a0jezdc\u016f. U\u017e 53\u00a0kilometr\u016f p\u0159ed fini\u0161em za\u00fato\u010dil Ameri\u010dan&hellip;\n","protected":false},"author":2,"featured_media":203938,"comment_status":"","ping_status":"","sticky":false,"template":"","format":"standard","meta":{"footnotes":"","_share_on_mastodon":"0"},"categories":[15],"tags":[4967,94,93,24093],"class_list":["post-203937","post","type-post","status-publish","format-standard","has-post-thumbnail","category-sport","tag-cyklistika","tag-sport","tag-sports","tag-vuelta-a-espana"],"share_on_mastodon":{"url":"https:\/\/pubeurope.com\/@cz\/117219530272267326","error":""},"_links":{"self":[{"href":"https:\/\/www.europesays.com\/cz\/wp-json\/wp\/v2\/posts\/203937","targetHints":{"allow":["GET"]}}],"collection":[{"href":"https:\/\/www.europesays.com\/cz\/wp-json\/wp\/v2\/posts"}],"about":[{"href":"https:\/\/www.europesays.com\/cz\/wp-json\/wp\/v2\/types\/post"}],"author":[{"embeddable":true,"href":"https:\/\/www.europesays.com\/cz\/wp-json\/wp\/v2\/users\/2"}],"replies":[{"embeddable":true,"href":"https:\/\/www.europesays.com\/cz\/wp-json\/wp\/v2\/comments?post=203937"}],"version-history":[{"count":0,"href":"https:\/\/www.europesays.com\/cz\/wp-json\/wp\/v2\/posts\/203937\/revisions"}],"wp:featuredmedia":[{"embeddable":true,"href":"https:\/\/www.europesays.com\/cz\/wp-json\/wp\/v2\/media\/203938"}],"wp:attachment":[{"href":"https:\/\/www.europesays.com\/cz\/wp-json\/wp\/v2\/media?parent=203937"}],"wp:term":[{"taxonomy":"category","embeddable":true,"href":"https:\/\/www.europesays.com\/cz\/wp-json\/wp\/v2\/categories?post=203937"},{"taxonomy":"post_tag","embeddable":true,"href":"https:\/\/www.europesays.com\/cz\/wp-json\/wp\/v2\/tags?post=203937"}],"curies":[{"name":"wp","href":"https:\/\/api.w.org\/{rel}","templated":true}]}}