{"id":203945,"date":"2026-09-05T17:18:18","date_gmt":"2026-09-05T17:18:18","guid":{"rendered":"https:\/\/www.europesays.com\/cz\/203945\/"},"modified":"2026-09-05T17:18:18","modified_gmt":"2026-09-05T17:18:18","slug":"nejvykonnejsi-tatra-815-tahala-tanky-procestovala-svet-a-nakonec-zakotvila-v-cesku","status":"publish","type":"post","link":"https:\/\/www.europesays.com\/cz\/203945\/","title":{"rendered":"Nejv\u00fdkonn\u011bj\u0161\u00ed Tatra 815\u00a0tahala tanky, procestovala sv\u011bt a\u00a0nakonec zakotvila v\u00a0\u010cesku"},"content":{"rendered":"<p class=\"b_bs\">Unik\u00e1tn\u00ed prototyp T 815-6\u00a0neboli Tatra Tank Transporter vznikl v\u00a0roce 1997\u00a0pro arm\u00e1dn\u00ed tendr ve Spojen\u00fdch arabsk\u00fdch emir\u00e1tech, kde v\u0161ak v\u016fz neusp\u011bl.<\/p>\n<p class=\"b_bs\">Proto se \u010dty\u0159n\u00e1pravov\u00fd speci\u00e1l pod\u00edval do Spojen\u00fdch st\u00e1t\u016f americk\u00fdch i\u00a0do Austr\u00e1lie, ale nakonec dorazil zp\u00e1tky do \u010ceska, zprvu do sb\u00edrky specialist\u016f na Tatry z\u00a0firmy Partner-Ipex.<\/p>\n<p><a data-dot=\"atm-link\" aria-hidden=\"true\" tabindex=\"-1\" href=\"https:\/\/www.garaz.cz\/clanek\/auta-historie-znate-specialni-tatrovky-opravdu-dobre-vyzkousejte-si-kviz-o-netradicnich-vozech-postavenych-na-koprivnickych-zakladech-21017661\" class=\"b_X o_g7\" rel=\"nofollow noopener\" target=\"_blank\"><img fetchpriority=\"high\" height=\"897\"   width=\"1596\" src=\"https:\/\/www.europesays.com\/cz\/wp-content\/uploads\/2026\/09\/tatra-presazovac.tiff\" loading=\"eager\" decoding=\"sync\" class=\"b_D b_B\"\/><\/a><\/p>\n<p class=\"b_bs\">Pod\u00edvejte se na uk\u00e1zku schopnost\u00ed Tatra Force Desert Master.Video: Tatra Trucks<\/p>\n<p class=\"b_bs\">T\u00e9m\u011b\u0159 dvacetitunov\u00fd taha\u010d ur\u010den\u00fd pro p\u0159epravu <a data-dot=\"atm-link\" target=\"_blank\" href=\"https:\/\/www.garaz.cz\/clanek\/novinky-v-cesku-se-po-dalnici-prohanely-tanky-vojenske-cviceni-vzbudilo-nadseni-vtipne-reakce-i-nesouhlasy-21017219\" class=\"b_X\" rel=\"nofollow noopener\">tank\u016f<\/a>\u00a0byl spojen s\u00a0p\u011btin\u00e1pravov\u00fdm n\u00e1v\u011bsem K\u00f6gel, kter\u00fd m\u011bl t\u0159i n\u00e1pravy \u0159iditeln\u00e9. Hmotnost kompletn\u00ed a\u00a0pln\u011b vybaven\u00e9 soupravy tak mohla dos\u00e1hnout a\u017e 120\u00a0tun.<\/p>\n<p><img height=\"1290\"   width=\"2048\" src=\"https:\/\/www.europesays.com\/cz\/wp-content\/uploads\/2026\/09\/tatra-815-ttt-tank.jpeg\" loading=\"eager\" decoding=\"sync\" class=\"b_D b_B\"\/>Foto: Tatra Trucks<\/p>\n<p class=\"b_bs\">Srdcem jedine\u010dn\u00e9ho vozidla je vodou chlazen\u00fd dvan\u00e1ctiv\u00e1lcov\u00fd n\u011bmeck\u00fd tankov\u00fd motor MTU, kter\u00fd nab\u00eddne v\u00fdkon 610\u00a0kW (829\u00a0kon\u00ed) a\u00a0to\u010div\u00fd moment p\u0159es 3\u00a0000\u00a0Nm. Auto m\u00e1 d\u00e1le desetirychlostn\u00ed automat nebo netypicky \u0161irok\u00e9 21palcov\u00e9 pneumatiky. <\/p>\n<p class=\"b_bs\">Jako zaj\u00edmavost uv\u00e1d\u00edme, \u017ee podobn\u00fd kus vznikl pro civiln\u00ed sektor a\u00a0sv\u00e9ho \u010dasu jezdil v\u00a0Izraeli.<\/p>\n<p><a data-dot=\"atm-link\" aria-hidden=\"true\" tabindex=\"-1\" href=\"https:\/\/www.garaz.cz\/clanek\/zajimavosti-mrknete-na-nejextremnejsi-tatry-na-svete-vozi-mosty-tahaji-letadla-zachranuji-horniky-nebo-rozhani-davy-21017600\" class=\"b_X o_g7\" rel=\"nofollow noopener\" target=\"_blank\"><img height=\"1152\"   width=\"2048\" src=\"https:\/\/www.europesays.com\/cz\/wp-content\/uploads\/2026\/09\/tatra-czvs-force.jpeg\" loading=\"eager\" decoding=\"sync\" class=\"b_D b_B\"\/><\/a><\/p>\n","protected":false},"excerpt":{"rendered":"Unik\u00e1tn\u00ed prototyp T 815-6\u00a0neboli Tatra Tank Transporter vznikl v\u00a0roce 1997\u00a0pro arm\u00e1dn\u00ed tendr ve Spojen\u00fdch arabsk\u00fdch emir\u00e1tech, kde v\u0161ak&hellip;\n","protected":false},"author":2,"featured_media":203946,"comment_status":"","ping_status":"","sticky":false,"template":"","format":"standard","meta":{"footnotes":"","_share_on_mastodon":"0"},"categories":[12],"tags":[67,68,16306,9208,11590,3564],"class_list":["post-203945","post","type-post","status-publish","format-standard","has-post-thumbnail","category-byznys","tag-business","tag-byznys","tag-tahac","tag-tank","tag-tatra-trucks","tag-vojenska-technika"],"share_on_mastodon":{"url":"https:\/\/pubeurope.com\/@cz\/117219577536761919","error":""},"_links":{"self":[{"href":"https:\/\/www.europesays.com\/cz\/wp-json\/wp\/v2\/posts\/203945","targetHints":{"allow":["GET"]}}],"collection":[{"href":"https:\/\/www.europesays.com\/cz\/wp-json\/wp\/v2\/posts"}],"about":[{"href":"https:\/\/www.europesays.com\/cz\/wp-json\/wp\/v2\/types\/post"}],"author":[{"embeddable":true,"href":"https:\/\/www.europesays.com\/cz\/wp-json\/wp\/v2\/users\/2"}],"replies":[{"embeddable":true,"href":"https:\/\/www.europesays.com\/cz\/wp-json\/wp\/v2\/comments?post=203945"}],"version-history":[{"count":0,"href":"https:\/\/www.europesays.com\/cz\/wp-json\/wp\/v2\/posts\/203945\/revisions"}],"wp:featuredmedia":[{"embeddable":true,"href":"https:\/\/www.europesays.com\/cz\/wp-json\/wp\/v2\/media\/203946"}],"wp:attachment":[{"href":"https:\/\/www.europesays.com\/cz\/wp-json\/wp\/v2\/media?parent=203945"}],"wp:term":[{"taxonomy":"category","embeddable":true,"href":"https:\/\/www.europesays.com\/cz\/wp-json\/wp\/v2\/categories?post=203945"},{"taxonomy":"post_tag","embeddable":true,"href":"https:\/\/www.europesays.com\/cz\/wp-json\/wp\/v2\/tags?post=203945"}],"curies":[{"name":"wp","href":"https:\/\/api.w.org\/{rel}","templated":true}]}}