{"id":203949,"date":"2026-09-05T17:30:11","date_gmt":"2026-09-05T17:30:11","guid":{"rendered":"https:\/\/www.europesays.com\/cz\/203949\/"},"modified":"2026-09-05T17:30:11","modified_gmt":"2026-09-05T17:30:11","slug":"rusky-velvyslanec-odmitl-zodpovednost-moskvy-za-utok-v-lipsku","status":"publish","type":"post","link":"https:\/\/www.europesays.com\/cz\/203949\/","title":{"rendered":"Rusk\u00fd velvyslanec odm\u00edtl zodpov\u011bdnost Moskvy za \u00fatok v\u00a0Lipsku"},"content":{"rendered":"<p class=\"e_bX\">Rusk\u00fd velvyslanec v\u00a0N\u011bmecku Sergej Ne\u010dajev odm\u00edtl, \u017ee by Moskva byla zodpov\u011bdn\u00e1 za hybridn\u00ed \u00fatok na v\u00fdchodon\u011bmeck\u00e9m leti\u0161ti Lipsko\/Halle. Kdyby ho cht\u011blo prov\u00e9st Rusko, dopadl by podle n\u011bj jinak. \u00datok, kter\u00fd z\u0159ejm\u011b m\u00ed\u0159il na ukrajinsk\u00e1 letadla spole\u010dnosti Antonov, se nezda\u0159il, podle v\u0161eho v\u00fdbu\u0161nina na dronu m\u011bla vadnou rozn\u011btku. N\u011bmecko obvinilo ze zodpov\u011bdnosti Rusko a\u00a0podle m\u00e9di\u00ed zn\u00e1 dva konkr\u00e9tn\u00ed pachatele.<\/p>\n<p class=\"e_bX\">\u201eKdybychom skute\u010dn\u011b cht\u011bli v\u00a0Lipsku n\u011bco sp\u00e1chat, mohlo by to &#8211; jak jist\u011b v\u00edte &#8211; vypadat \u00fapln\u011b jinak,\u201c \u0159ekl Ne\u010dajev v\u00a0podcastu \u201eungeskriptet\u201c. \u201eAle nem\u00e1me nejmen\u0161\u00ed \u00famysl provokovat obyvatele nebo vl\u00e1du,\u201c dodal.<\/p>\n<p class=\"e_bX\">Na po\u010d\u00e1tku srpna zaznamenalo N\u011bmecko pokus o\u00a0bombov\u00fd \u00fatok na v\u00fdchodon\u011bmeck\u00e9m leti\u0161ti Lipsko\/Halle. V\u00fdbu\u0161ninu nesl dron, rozn\u011btka byla ale nefunk\u010dn\u00ed. C\u00edlem byla podle v\u0161eho letadla ukrajinsk\u00e9 spole\u010dnosti Antonov. N\u011bmeck\u00e1 vl\u00e1da v\u00a0\u00fater\u00fd p\u0159isoudila zodpov\u011bdnost za tuto akci Rusku, co\u017e Moskva odm\u00edtla. N\u011bmecko v\u00a0reakci rozhodlo mimo jin\u00e9 o\u00a0uzav\u0159en\u00ed rusk\u00e9ho gener\u00e1ln\u00edho konzul\u00e1tu v\u00a0Bonnu a\u00a0vypov\u011bzen\u00ed smlouvy kulturn\u00edmu institutu Rusk\u00fd d\u016fm v\u00a0Berl\u00edn\u011b. Podle kritik\u016f toti\u017e dlouho neslou\u017eil um\u011blc\u016fm, ale \u0161pion\u016fm. Rusko hodl\u00e1 odpov\u011bd\u011bt uzav\u0159en\u00edm Goetheho institut\u016f v\u00a0Rusku.<\/p>\n<p class=\"e_bX\">N\u011bmeck\u00fd kancl\u00e9\u0159 Friedrich Merz dnes \u0159ekl, \u017ee \u00fatok na leti\u0161t\u011b u\u00a0Lipska ukazuje, \u017ee N\u011bmecko stoj\u00ed p\u0159ed z\u00e1sadn\u00edm zlomem s\u00a0dalekos\u00e1hl\u00fdmi dopady, kter\u00e9 budou z\u0159ejm\u00e9 a\u017e ze zp\u011btn\u00e9ho pohledu. Varoval tak\u00e9 Moskvu, aby v\u00a0tomto druhu hybridn\u00ed v\u00e1lky nepokra\u010dovala.<\/p>\n<p><a data-dot=\"mol-article-card-media\" aria-hidden=\"true\" tabindex=\"-1\" href=\"https:\/\/www.seznamzpravy.cz\/clanek\/zahranicni-stredni-evropa-to-my-rozhodneme-co-je-rozumne-nemecke-skoly-jsou-nervozni-z-triumfu-afd-314487\" class=\"e_n f_l8\" rel=\"nofollow noopener\" target=\"_blank\"><img fetchpriority=\"high\" height=\"2304\"   width=\"4096\" src=\"https:\/\/www.europesays.com\/cz\/wp-content\/uploads\/2026\/09\/1788629409_929_nemecko.jpeg\" loading=\"eager\" decoding=\"sync\" class=\"e_aa e_Z\"\/><\/a><a data-dot=\"mol-article-card-media\" aria-hidden=\"true\" tabindex=\"-1\" href=\"https:\/\/www.seznamzpravy.cz\/clanek\/ekonomika-byznys-rozhovory-skrty-ve-vw-mohou-ohrozit-desitky-ceskych-dodavatelu-varuje-expert-314635\" class=\"e_n f_l8\" rel=\"nofollow noopener\" target=\"_blank\"><img height=\"900\"   width=\"1600\" src=\"https:\/\/www.europesays.com\/cz\/wp-content\/uploads\/2026\/09\/1788629411_721_Q6dCL.jpeg\" loading=\"eager\" decoding=\"sync\" class=\"e_aa e_Z\"\/><\/a><\/p>\n","protected":false},"excerpt":{"rendered":"Rusk\u00fd velvyslanec v\u00a0N\u011bmecku Sergej Ne\u010dajev odm\u00edtl, \u017ee by Moskva byla zodpov\u011bdn\u00e1 za hybridn\u00ed \u00fatok na v\u00fdchodon\u011bmeck\u00e9m leti\u0161ti Lipsko\/Halle.&hellip;\n","protected":false},"author":2,"featured_media":203950,"comment_status":"","ping_status":"","sticky":false,"template":"","format":"standard","meta":{"footnotes":"","_share_on_mastodon":"0"},"categories":[10],"tags":[17,21,533,13390,375,16,61,18,19,22,897,1911,20],"class_list":["post-203949","post","type-post","status-publish","format-standard","has-post-thumbnail","category-zpravy","tag-headlines","tag-hlavni-udalosti","tag-letiste","tag-lipsko","tag-nemecko","tag-news","tag-rusko","tag-top-news","tag-top-stories","tag-udalosti-dne","tag-utok","tag-velvyslanec","tag-zpravy"],"share_on_mastodon":{"url":"https:\/\/pubeurope.com\/@cz\/117219624706728033","error":""},"_links":{"self":[{"href":"https:\/\/www.europesays.com\/cz\/wp-json\/wp\/v2\/posts\/203949","targetHints":{"allow":["GET"]}}],"collection":[{"href":"https:\/\/www.europesays.com\/cz\/wp-json\/wp\/v2\/posts"}],"about":[{"href":"https:\/\/www.europesays.com\/cz\/wp-json\/wp\/v2\/types\/post"}],"author":[{"embeddable":true,"href":"https:\/\/www.europesays.com\/cz\/wp-json\/wp\/v2\/users\/2"}],"replies":[{"embeddable":true,"href":"https:\/\/www.europesays.com\/cz\/wp-json\/wp\/v2\/comments?post=203949"}],"version-history":[{"count":0,"href":"https:\/\/www.europesays.com\/cz\/wp-json\/wp\/v2\/posts\/203949\/revisions"}],"wp:featuredmedia":[{"embeddable":true,"href":"https:\/\/www.europesays.com\/cz\/wp-json\/wp\/v2\/media\/203950"}],"wp:attachment":[{"href":"https:\/\/www.europesays.com\/cz\/wp-json\/wp\/v2\/media?parent=203949"}],"wp:term":[{"taxonomy":"category","embeddable":true,"href":"https:\/\/www.europesays.com\/cz\/wp-json\/wp\/v2\/categories?post=203949"},{"taxonomy":"post_tag","embeddable":true,"href":"https:\/\/www.europesays.com\/cz\/wp-json\/wp\/v2\/tags?post=203949"}],"curies":[{"name":"wp","href":"https:\/\/api.w.org\/{rel}","templated":true}]}}