{"id":203965,"date":"2026-09-05T17:48:26","date_gmt":"2026-09-05T17:48:26","guid":{"rendered":"https:\/\/www.europesays.com\/cz\/203965\/"},"modified":"2026-09-05T17:48:26","modified_gmt":"2026-09-05T17:48:26","slug":"nejlepsi-ceska-na-hristi-nervozni-byla-jen-na-hotelu-pak-zatapela-italkam","status":"publish","type":"post","link":"https:\/\/www.europesays.com\/cz\/203965\/","title":{"rendered":"Nejlep\u0161\u00ed \u010ce\u0161ka na h\u0159i\u0161ti. Nerv\u00f3zn\u00ed byla jen na hotelu, pak zat\u00e1p\u011bla Italk\u00e1m"},"content":{"rendered":"<p class=\"b_bA\">Berl\u00edn (od na\u0161\u00ed zpravodajky)\u00a0\u2013 Bez jej\u00edho bodov\u00e9ho p\u0159\u00edsp\u011bvku by n\u00e1rodn\u00ed t\u00fdm jen t\u011b\u017eko mohl v\u011bt\u0161inu z\u00e1pasu konkurovat siln\u00fdm Italk\u00e1m. A\u00a0i kdy\u017e nakonec soupe\u0159k\u00e1m podlehl (54:63), z\u00a0\u00favodn\u00edho duelu si odn\u00e1\u0161\u00ed dobr\u00fd pocit. \u201eUk\u00e1zaly jsme \u010desk\u00e9mu st\u00e1tu, \u017ee bojujeme, a\u00a0i kdy\u017e nevyhrajeme, tak do toho d\u00e1me v\u017edycky v\u0161echno,\u201c \u0159\u00edkala po utk\u00e1n\u00ed Posp\u00ed\u0161ilov\u00e1.<\/p>\n<p class=\"b_bA\">Sama p\u0159edvedla skv\u011bl\u00fd individu\u00e1ln\u00ed v\u00fdkon\u00a0\u2013 dala jednadvacet bod\u016f, k\u00a0tomu p\u0159idala \u010dty\u0159i doskoky a\u00a0t\u0159i zisky. P\u0159itom p\u0159ed z\u00e1pasem byla hodn\u011b nerv\u00f3zn\u00ed. \u201eNa hotelu m\u011b to hodn\u011b chytlo, ale kdy\u017e pak nastoup\u00edme na h\u0159i\u0161t\u011b, tak ta nervozita odpadne. M\u011bla jsem tady z\u00a0toho respekt, nebyla jsem si \u00fapln\u011b jist\u00e1. Ale jakmile mi padl prvn\u00ed ko\u0161, tak jsem se c\u00edtila tro\u0161ku l\u00edp,\u201c popisuje roda\u010dka z\u00a0Prahy sv\u016fj \u017eivotn\u00ed z\u00e1pas v\u00a0reprezentaci.<\/p>\n<p><a data-dot=\"atm-link\" target=\"_self\" href=\"https:\/\/www.sport.cz\/clanek\/basketbal-petatricet-minut-na-jednicku-pak-cesky-o-senzaci-pripravily-detaily-5527978\" class=\"b_V g_ig\" rel=\"nofollow noopener\"><img fetchpriority=\"high\" height=\"2730\" width=\"3641\" src=\"https:\/\/www.europesays.com\/cz\/wp-content\/uploads\/2026\/09\/1788630500_884_basketbal-joklova.jpeg\" loading=\"eager\" decoding=\"sync\" class=\"b_B b_z\"\/><\/a><\/p>\n<p class=\"b_bA\">Jej\u00ed p\u0159\u00edsp\u011bvek ve h\u0159e ocenily i\u00a0spoluhr\u00e1\u010dky. \u201eZa Jul\u010du jsem stra\u0161n\u011b r\u00e1da, \u017ee to, co p\u0159edv\u00e1d\u011bla v\u00a0p\u0159\u00edprav\u011b, si odnesla do ostr\u00e9ho z\u00e1pasu. Dlouho se ji nepoda\u0159ilo prolomit sm\u016flu v\u00a0n\u00e1ro\u010f\u00e1ku,\u201c \u0159\u00edkala rozehr\u00e1va\u010dka Eli\u0161ka Joklov\u00e1, na kterou navazovala kapit\u00e1nka Nat\u00e1lie Stoupalov\u00e1. \u201eJula je skv\u011bl\u00e1 hr\u00e1\u010dka, p\u0159esn\u011b tohle um\u00ed. Jsem r\u00e1da, \u017ee se neb\u00e1la a\u00a0vzala tu zodpov\u011bdnost na sebe a\u00a0v\u011b\u0159\u00edm, \u017ee v\u00a0dal\u0161\u00edch z\u00e1pasech se k\u00a0n\u00ed p\u0159id\u00e1me.\u201c<\/p>\n<p class=\"b_bA\">Na dvoucifern\u00fd bodov\u00fd p\u0159\u00edd\u011bl se v\u00a0utk\u00e1n\u00ed s\u00a0It\u00e1li\u00ed dostala u\u017e pouze Veronika Vor\u00e1\u010dkov\u00e1 s\u00a0dvan\u00e1cti body, dal\u0161\u00ed hr\u00e1\u010dky se tolik prosadit nedok\u00e1zaly. \u201eV\u011b\u0159ily jsme si a\u00a0bojovaly jsme. Bohu\u017eel jsme s\u00a0postupem \u010dasu sl\u00e1bly a\u00a0procento st\u0159elby n\u00e1m klesalo. Naopak Italk\u00e1m to tam padalo,\u201c kr\u010dila rameny Posp\u00ed\u0161ilov\u00e1.<\/p>\n<p><img height=\"2731\"   width=\"4096\" src=\"https:\/\/www.europesays.com\/cz\/wp-content\/uploads\/2026\/09\/pospisilova-basketbal.jpeg\" loading=\"eager\" decoding=\"sync\" class=\"b_B b_z\"\/>Foto: CZ.BASKETBALL\/V\u00e1clav Mudra<\/p>\n<p class=\"b_bA\">Julie Posp\u00ed\u0161ilov\u00e1 sv\u016fj bodov\u00fd p\u0159\u00edsp\u011bvek proti Italk\u00e1m po\u0159\u00e1dn\u011b oslavila<\/p>\n<p class=\"b_bA\">Pot\u011b\u0161ilo ji v\u0161ak, jak se reprezentace dok\u00e1zala vyrovnat s\u00a0absenc\u00ed vysok\u00fdch pivotek. \u201eM\u011bla jsem z\u00a0toho respekt, proto\u017ee jsem se b\u00e1la, jak to budeme zvl\u00e1dat. Dok\u00e1zaly jsme se k\u00a0tomu ale postavit, trochu zm\u011bnit hru,\u201c p\u0159ibli\u017eovala. Sama se p\u0159i v\u00fd\u0161ce 183\u00a0centimetr\u016f musela p\u0159esunout na pozici \u010dty\u0159ky, tedy men\u0161\u00ed pivotky. Tuhle roli ale dob\u0159e zn\u00e1 z\u00a0klubov\u00e9ho anga\u017em\u00e1 ve francouzsk\u00e9m Montpellier.<\/p>\n<p class=\"b_bA\">\u201eC\u00edt\u00edm se na t\u00e9 pozici u\u017e v\u00edce sebev\u011bdom\u00e1. Ze sezony v\u00edm, \u017ee m\u016f\u017eu ubr\u00e1nit i\u00a0vy\u0161\u0161\u00ed hr\u00e1\u010dky, kter\u00e9 jsou nejen vy\u0161\u0161\u00ed, ale i\u00a0siln\u011bj\u0161\u00ed. A\u00a0t\u00edm, jak my nem\u00e1me vysok\u00e9 hr\u00e1\u010dky, tak je to moje d\u016fle\u017eit\u00e1 \u00faloha. A\u00a0to jsem se nau\u010dila pr\u00e1v\u011b ve Francii,\u201c vysv\u011btlovala Posp\u00ed\u0161ilov\u00e1, kter\u00e1 pro novou sezonu p\u0159estoupila do Flammes Carolo.<\/p>\n<p><a data-dot=\"atm-link\" target=\"_self\" href=\"https:\/\/www.sport.cz\/clanek\/basketbal-opora-ceskeho-narodaku-ma-na-svetovem-sampionatu-specialni-podporu-5524651\" class=\"b_V g_ig\" rel=\"nofollow noopener\"><img height=\"1377\" width=\"1836\" src=\"https:\/\/www.europesays.com\/cz\/wp-content\/uploads\/2026\/09\/1788630503_765_holesinska-basketbal.jpeg\" loading=\"eager\" decoding=\"sync\" class=\"b_B b_z\"\/><\/a><\/p>\n<p class=\"b_bA\">Sedmadvacetilet\u00e1 hr\u00e1\u010dka tak d\u00e1le z\u016fst\u00e1v\u00e1 v\u00a0zemi galsk\u00e9ho kohouta, kter\u00e1 j\u00ed p\u0159irostla k\u00a0srdci. \u201eMysl\u00edm, \u017ee mi ta francouzsk\u00e1 liga sedla. Hod\u00edm se tam lidsky, tak i\u00a0basketbalov\u011b,\u201c \u0159\u00edkala reprezentantka, v\u00a0nov\u00e9m klubu se ale vr\u00e1t\u00ed na pozici k\u0159\u00eddelnice. \u201eBude to nejv\u011bt\u0161\u00ed zm\u011bna, jsem zv\u011bdav\u00e1, jak se tomu zvl\u00e1dnu p\u0159izp\u016fsobit.\u201c<\/p>\n<p class=\"b_bA\">V\u00a0reprezentaci ale Posp\u00ed\u0161ilov\u00e9 aktu\u00e1ln\u011b pat\u0159\u00ed post ni\u017e\u0161\u00ed podko\u0161ov\u00e9 hr\u00e1\u010dky a\u00a0tren\u00e9rka Pt\u00e1\u010dkov\u00e1 na ni v\u00a0\u00favodn\u00edm utk\u00e1n\u00ed hodn\u011b s\u00e1zela, jako jedin\u00e1 z\u00a0\u010desk\u00e9 sestavy odehr\u00e1la p\u0159ed \u010dty\u0159iat\u0159icet minut. Den volna p\u0159ed duelem s\u00a0\u010c\u00ednou tak te\u010f rozhodn\u011b p\u0159ijde vhod. \u201eBudeme m\u00edt tr\u00e9nink, ale tak\u00e9 mo\u017enost str\u00e1vit \u010das s\u00a0rodinou, tak\u017ee zrelaxujeme,\u201c p\u0159ibli\u017euje Posp\u00ed\u0161ilov\u00e1 pl\u00e1n pro sobotu, kterou \u010ce\u0161ky zakon\u010d\u00ed autogrami\u00e1dou v\u00a0\u010cesk\u00e9m dom\u011b v\u00a0Berl\u00edn\u011b.<\/p>\n<p><a data-dot=\"atm-link\" target=\"_self\" href=\"https:\/\/www.sport.cz\/clanek\/basketbal-ms-mistrovstvi-sveta-zeny-2026-cesko-italie-online-5527111\" class=\"b_V g_ig\" rel=\"nofollow noopener\"><img height=\"2730\" width=\"3640\" src=\"https:\/\/www.europesays.com\/cz\/wp-content\/uploads\/2026\/09\/1788630506_463_vorackova-basketbal.jpeg\" loading=\"eager\" decoding=\"sync\" class=\"b_B b_z\"\/><\/a><\/p>\n","protected":false},"excerpt":{"rendered":"Berl\u00edn (od na\u0161\u00ed zpravodajky)\u00a0\u2013 Bez jej\u00edho bodov\u00e9ho p\u0159\u00edsp\u011bvku by n\u00e1rodn\u00ed t\u00fdm jen t\u011b\u017eko mohl v\u011bt\u0161inu z\u00e1pasu konkurovat siln\u00fdm&hellip;\n","protected":false},"author":2,"featured_media":203966,"comment_status":"","ping_status":"","sticky":false,"template":"","format":"standard","meta":{"footnotes":"","_share_on_mastodon":"0"},"categories":[10],"tags":[1085,4125,6304,17,21,607,45869,16,2425,45115,18,19,22,20],"class_list":["post-203965","post","type-post","status-publish","format-standard","has-post-thumbnail","category-zpravy","tag-basketbal","tag-berlin","tag-eliska-hamzova","tag-headlines","tag-hlavni-udalosti","tag-italie","tag-mistrovstvi-sveta-v-basketbalu-zen","tag-news","tag-reprezentace","tag-romana-ptackova","tag-top-news","tag-top-stories","tag-udalosti-dne","tag-zpravy"],"share_on_mastodon":{"url":"https:\/\/pubeurope.com\/@cz\/117219695589227081","error":""},"_links":{"self":[{"href":"https:\/\/www.europesays.com\/cz\/wp-json\/wp\/v2\/posts\/203965","targetHints":{"allow":["GET"]}}],"collection":[{"href":"https:\/\/www.europesays.com\/cz\/wp-json\/wp\/v2\/posts"}],"about":[{"href":"https:\/\/www.europesays.com\/cz\/wp-json\/wp\/v2\/types\/post"}],"author":[{"embeddable":true,"href":"https:\/\/www.europesays.com\/cz\/wp-json\/wp\/v2\/users\/2"}],"replies":[{"embeddable":true,"href":"https:\/\/www.europesays.com\/cz\/wp-json\/wp\/v2\/comments?post=203965"}],"version-history":[{"count":0,"href":"https:\/\/www.europesays.com\/cz\/wp-json\/wp\/v2\/posts\/203965\/revisions"}],"wp:featuredmedia":[{"embeddable":true,"href":"https:\/\/www.europesays.com\/cz\/wp-json\/wp\/v2\/media\/203966"}],"wp:attachment":[{"href":"https:\/\/www.europesays.com\/cz\/wp-json\/wp\/v2\/media?parent=203965"}],"wp:term":[{"taxonomy":"category","embeddable":true,"href":"https:\/\/www.europesays.com\/cz\/wp-json\/wp\/v2\/categories?post=203965"},{"taxonomy":"post_tag","embeddable":true,"href":"https:\/\/www.europesays.com\/cz\/wp-json\/wp\/v2\/tags?post=203965"}],"curies":[{"name":"wp","href":"https:\/\/api.w.org\/{rel}","templated":true}]}}