{"id":203997,"date":"2026-09-05T18:37:15","date_gmt":"2026-09-05T18:37:15","guid":{"rendered":"https:\/\/www.europesays.com\/cz\/203997\/"},"modified":"2026-09-05T18:37:15","modified_gmt":"2026-09-05T18:37:15","slug":"praha-pripravuje-tendr-na-provoz-deviti-sbernych-dvoru-vzniknou-i-dva-nove","status":"publish","type":"post","link":"https:\/\/www.europesays.com\/cz\/203997\/","title":{"rendered":"Praha p\u0159ipravuje tendr na provoz dev\u00edti sb\u011brn\u00fdch dvor\u016f, vzniknou i dva nov\u00e9"},"content":{"rendered":"<p>  <a href=\"https:\/\/aa.ecn.cz\/img_upload\/e6ffb6c50bc1424ab10ecf09e063cd63\/depositphotos_11499252_s.jpg\" rel=\"lytebox[fotky] nofollow noopener\" title=\"\" data-desc=\"&lt;strong&gt;&lt;\/strong&gt;&lt;br&gt; &lt;div class=&quot;foto-licence&quot;&gt;&lt;span&gt;Licence |&lt;\/span&gt; V\u0161echna pr\u00e1va vyhrazena. Dal\u0161\u00ed \u0161\u00ed\u0159en\u00ed je mo\u017en\u00e9 jen se souhlasem autora&lt;\/div&gt;&lt;div class=&quot;foto-autor&quot;&gt;&lt;span&gt;Zdroj |&lt;\/span&gt;   &lt;a href=&quot;https:\/\/cz.depositphotos.com\/&quot;&gt;Depositphotos&lt;\/a&gt;&lt;\/div&gt;\" target=\"_blank\">&#13;<br \/>\n    <img decoding=\"async\" src=\"https:\/\/www.europesays.com\/cz\/wp-content\/uploads\/2026\/09\/depositphotos_11499252_s.jpg!w=666.jpg\" title=\"\" alt=\"\" loading=\"lazy\" width=\"666\" border=\"0\"\/>&#13;<br \/>\n&#13;<br \/>\n  <\/a><\/p>\n<p>Licence | V\u0161echna pr\u00e1va vyhrazena. Dal\u0161\u00ed \u0161\u00ed\u0159en\u00ed je mo\u017en\u00e9 jen se souhlasem autora<\/p>\n<p>Praha pl\u00e1nuje vypsat tendr na provoz dev\u00edti sb\u011brn\u00fdch dvor\u016f ve m\u011bst\u011b v letech 2027 a\u017e 2031. P\u0159edpokl\u00e1dan\u00e1 hodnota zak\u00e1zky je 364,1 milionu korun bez DPH, s dan\u00ed pak a\u017e 440,6 milionu korun. O z\u00e1m\u011bru rozhodli pra\u017e\u0161t\u00ed radn\u00ed, materi\u00e1l je\u0161t\u011b mus\u00ed schv\u00e1lit zastupitelstvo. M\u011bsto z\u00e1rove\u0148 p\u0159ipravuje dva nov\u00e9 sb\u011brn\u00e9 dvory, kter\u00e9 maj\u00ed vzniknout v \u0158ep\u00edch a na Zbraslavi.<\/p>\n<p>Sb\u011brn\u00e9 dvory slou\u017e\u00ed Pra\u017ean\u016fm k bezplatn\u00e9mu odkl\u00e1d\u00e1n\u00ed komun\u00e1ln\u00edho odpadu, nap\u0159\u00edklad objemn\u00fdch v\u011bc\u00ed, nebezpe\u010dn\u00e9ho odpadu, elektroza\u0159\u00edzen\u00ed, kov\u016f, d\u0159eva, pap\u00edru, plast\u016f, skla nebo bioodpadu. Na n\u011bkter\u00fdch z nich jsou tak\u00e9 m\u00edsta, kam mohou lid\u00e9 odevzdat v\u011bci, kter\u00e9 jsou st\u00e1le pou\u017eiteln\u00e9, takzvan\u00e9 Reuse pointy.<\/p>\n<p>Zak\u00e1zka se t\u00fdk\u00e1 sb\u011brn\u00fdch dvor\u016f v Praze 2, 3, 8, 10, 11 a 14 a v m\u011bstsk\u00fdch \u010d\u00e1stech Kunratice, Satalice a \u010e\u00e1blice. Provoz m\u00e1 b\u00fdt zaji\u0161t\u011bn od \u010dervence 2027 do \u010dervna 2031. &#8222;Je to ta \u010d\u00e1st sb\u011brn\u00fdch dvor\u016f, kter\u00e9 neprovozuj\u00ed na\u0161e organizace Pra\u017esk\u00e9 slu\u017eby, \u010dili se jedn\u00e1 o extern\u00ed provozovatele t\u00e9to slu\u017eby v dev\u00edti \u010d\u00e1stech Prahy,&#8220; uvedla prim\u00e1torova n\u00e1m\u011bstkyn\u011b Jana Komrskov\u00e1 (Jsme Praha). Sou\u010d\u00e1st\u00ed nov\u00e9 zak\u00e1zky m\u00e1 b\u00fdt sjednocen\u00ed otev\u00edrac\u00ed doby dot\u010den\u00fdch sb\u011brn\u00fdch dvor\u016f.<\/p>\n<p>Hlavn\u00ed m\u011bsto nyn\u00ed provozuje 20 sb\u011brn\u00fdch dvor\u016f. Deset z nich m\u00e1 v dal\u0161\u00edch letech provozovat m\u011bstsk\u00e1 spole\u010dnost Pra\u017esk\u00e9 slu\u017eby, dal\u0161\u00ed dva funguj\u00ed d\u00edky dotac\u00edm m\u011bstsk\u00fdm \u010d\u00e1stem. Zbyl\u00fdch osm je nyn\u00ed provozov\u00e1no na z\u00e1klad\u011b smluv, kter\u00e9 skon\u010d\u00ed v \u010dervnu 2027, proto m\u011bsto p\u0159ipravuje nov\u00e9 v\u00fdb\u011brov\u00e9 \u0159\u00edzen\u00ed. Nov\u011b bude sb\u011brn\u00fd dv\u016fr v Praze 8.<\/p>\n<p>M\u011bsto z\u00e1rove\u0148 p\u0159ipravuje dva nov\u00e9 sb\u011brn\u00e9 dvory. Vzniknout maj\u00ed v Praze-\u0158ep\u00edch a na Zbraslavi, podle Komrskov\u00e9 by se jejich p\u0159\u00edprava m\u011bla rozb\u011bhnout tak, aby se v p\u0159\u00ed\u0161t\u00edm roce za\u010daly realizovat. C\u00edlem je roz\u0161\u00ed\u0159it dostupnou odpadovou infrastrukturu a nab\u00eddnout Pra\u017ean\u016fm dal\u0161\u00ed mo\u017enosti bezplatn\u00e9ho odkl\u00e1d\u00e1n\u00ed komun\u00e1ln\u00edch odpad\u016f.<\/p>\n<p>Sb\u011brn\u00fd dv\u016fr na Zbraslavi je pl\u00e1nov\u00e1n v lokalit\u011b u k\u0159\u00ed\u017een\u00ed Strakonick\u00e9 a Barto\u0148ovy ulice. Na \u0158ep\u00edch m\u00e1 vzniknout na pozemc\u00edch o rozloze zhruba 15.400 metr\u016f \u010dtvere\u010dn\u00edch. V obou p\u0159\u00edpadech se podle m\u011bsta po\u010d\u00edt\u00e1 do budoucna s provozem prost\u0159ednictv\u00edm Pra\u017esk\u00fdch slu\u017eeb.<\/p>\n<p>Vybudov\u00e1n\u00ed nov\u00fdch sb\u011brn\u00fdch dvor\u016f v obou lokalit\u00e1ch je v souladu se strategick\u00fdmi c\u00edli hlavn\u00edho m\u011bsta v odpadov\u00e9m hospod\u00e1\u0159stv\u00ed. Projekty p\u0159isp\u011bj\u00ed ke zv\u00fd\u0161en\u00ed dostupnosti odpadov\u00e9 infrastruktury pro ob\u010dany, podpo\u0159e t\u0159\u00edd\u011bn\u00ed a materi\u00e1lov\u00e9ho vyu\u017eit\u00ed odpad\u016f, sn\u00ed\u017een\u00ed ekologick\u00e9 z\u00e1t\u011b\u017ee a modernizaci odpadov\u00e9ho hospod\u00e1\u0159stv\u00ed na \u00fazem\u00ed Prahy.<\/p>\n<p>      reklama<\/p>\n","protected":false},"excerpt":{"rendered":"&#13; &#13; &#13; Licence | V\u0161echna pr\u00e1va vyhrazena. Dal\u0161\u00ed \u0161\u00ed\u0159en\u00ed je mo\u017en\u00e9 jen se souhlasem autora Praha pl\u00e1nuje&hellip;\n","protected":false},"author":2,"featured_media":203998,"comment_status":"","ping_status":"","sticky":false,"template":"","format":"standard","meta":{"footnotes":"","_share_on_mastodon":"0"},"categories":[30],"tags":[1977,298,514,1976,3217,150,159,1978,13119,98,99,1445,177],"class_list":["post-203997","post","type-post","status-publish","format-standard","has-post-thumbnail","category-praha","tag-biodiverzita","tag-cr","tag-doprava","tag-ekologie","tag-ekopolitika","tag-energetika","tag-klima","tag-krajina","tag-odpady","tag-prague","tag-praha","tag-priroda","tag-zpravodajstvi"],"share_on_mastodon":{"url":"https:\/\/pubeurope.com\/@cz\/117219888284081511","error":""},"_links":{"self":[{"href":"https:\/\/www.europesays.com\/cz\/wp-json\/wp\/v2\/posts\/203997","targetHints":{"allow":["GET"]}}],"collection":[{"href":"https:\/\/www.europesays.com\/cz\/wp-json\/wp\/v2\/posts"}],"about":[{"href":"https:\/\/www.europesays.com\/cz\/wp-json\/wp\/v2\/types\/post"}],"author":[{"embeddable":true,"href":"https:\/\/www.europesays.com\/cz\/wp-json\/wp\/v2\/users\/2"}],"replies":[{"embeddable":true,"href":"https:\/\/www.europesays.com\/cz\/wp-json\/wp\/v2\/comments?post=203997"}],"version-history":[{"count":0,"href":"https:\/\/www.europesays.com\/cz\/wp-json\/wp\/v2\/posts\/203997\/revisions"}],"wp:featuredmedia":[{"embeddable":true,"href":"https:\/\/www.europesays.com\/cz\/wp-json\/wp\/v2\/media\/203998"}],"wp:attachment":[{"href":"https:\/\/www.europesays.com\/cz\/wp-json\/wp\/v2\/media?parent=203997"}],"wp:term":[{"taxonomy":"category","embeddable":true,"href":"https:\/\/www.europesays.com\/cz\/wp-json\/wp\/v2\/categories?post=203997"},{"taxonomy":"post_tag","embeddable":true,"href":"https:\/\/www.europesays.com\/cz\/wp-json\/wp\/v2\/tags?post=203997"}],"curies":[{"name":"wp","href":"https:\/\/api.w.org\/{rel}","templated":true}]}}